{"id":22348,"date":"2019-10-31T17:15:06","date_gmt":"2019-10-31T20:15:06","guid":{"rendered":"https:\/\/www.paranapraia.com.br\/?p=22348"},"modified":"2019-10-31T17:15:07","modified_gmt":"2019-10-31T20:15:07","slug":"casos-de-sarampo-aumentam-no-parana-faixa-etaria-mais-atingida-esta-entre-20-e-29-anos","status":"publish","type":"post","link":"https:\/\/www.paranapraia.com.br\/index.php\/2019\/10\/31\/casos-de-sarampo-aumentam-no-parana-faixa-etaria-mais-atingida-esta-entre-20-e-29-anos\/","title":{"rendered":"Casos de sarampo aumentam no Paran\u00e1; faixa et\u00e1ria mais atingida est\u00e1 entre 20 e 29 anos"},"content":{"rendered":"\n<p>O acumulado de casos de sarampo no Paran\u00e1 chegou aos 273 pacientes que tiveram a confirma\u00e7\u00e3o do v\u00edrus da doen\u00e7a. S\u00e3o 42 doentes confirmados somente na \u00faltima semana. As informa\u00e7\u00f5es s\u00e3o do d\u00e9cimo boletim epidemiol\u00f3gico, publicado nesta quinta-feira (31).<\/p>\n\n\n\n<p>Os n\u00fameros est\u00e3o distribu\u00eddos nos munic\u00edpios: 199 em Curitiba; 3 em Almirante Tamandar\u00e9; 1 em Arauc\u00e1ria; 1 em Balsa Nova; 2 em Campina Grande do Sul; 2 em Campo do Tenente; 7 em Campo Largo; 18 em Colombo; 1 em Fazenda Rio Grande; 1 em Mandirituba; 6 em Pinhais; 4 em Piraquara; 2 em Rio Branco do Sul; 11 em S\u00e3o Jos\u00e9 dos Pinhais; 1 em Ponta Grossa; 1 em Irati; 2 em Maring\u00e1; 5 em Londrina; 1 em Rol\u00e2ndia; 3 em Carl\u00f3polis; 2 em Jacarezinho.<\/p>\n\n\n\n<p>\u201cPrecisamos que pessoas que n\u00e3o foram vacinadas sigam at\u00e9 a unidade de sa\u00fade e tomem as doses necess\u00e1rias da vacina. \u00c9 essencial que todos estejam vacinados para acabar com as cadeias de transmiss\u00e3o\u201d, explicou o secret\u00e1rio de sa\u00fade, Beto Preto.<\/p>\n\n\n\n<p>A faixa et\u00e1ria com maior ocorr\u00eancia \u00e9 de adultos jovens com idade entre 20 e 29 anos, s\u00e3o 151 casos. Entre 0 e 6 meses s\u00e3o 3 casos; entre 6 e 12 meses s\u00e3o 3; de 1 a 4 anos 1 caso foi confirmado; 5 a 9 anos foram 2 confirma\u00e7\u00f5es; 10 a 19 anos s\u00e3o 69 ocorr\u00eancias; de 30 a 39 s\u00e3o 31 casos; 40 a 49 anos foram 9 confirma\u00e7\u00f5es e entre 50 a 59 anos s\u00e3o 4 casos de sarampo confirmados.<\/p>\n\n\n\n<p>CADEIAS DE TRANSMISS\u00c3O<br>Quando o paciente \u00e9 atendido pelas equipes de sa\u00fade e \u00e9 detectada a suspeita de sarampo, o profissional deve notificar \u00e0 secretaria municipal que informa a secretaria de Estado da Sa\u00fade para o controle de doen\u00e7as. Esta informa\u00e7\u00e3o \u00e9 encaminhada ao Minist\u00e9rio da Sa\u00fade porque o sarampo \u00e9 uma patologia que pode se tornar epidemia, por ser altamente contagiosa.<br>Al\u00e9m da notifica\u00e7\u00e3o, a gest\u00e3o p\u00fablica da sa\u00fade acompanha e busca rastrear locais e contatos do paciente nos dias e semanas anteriores ao aparecimento dos primeiros sintomas. Dessa forma, \u00e9 poss\u00edvel identificar as cadeias de transmiss\u00e3o do v\u00edrus do sarampo e realizar o bloqueio vacinal seletivo.<br>No Paran\u00e1, dos 273 casos confirmados no Estado, em 27 casos a prov\u00e1vel fonte de infec\u00e7\u00e3o foi o de S\u00e3o Paulo. Em 4 casos a contamina\u00e7\u00e3o ocorrerau em Santa Catarina e 25 casos j\u00e1 s\u00e3o considerados secund\u00e1rios, pois os doentes se contaminaram no territ\u00f3rio paranaense. Na maioria dos casos confirmados, em 217casos, n\u00e3o foi identificado v\u00ednculo.<\/p>\n\n\n\n<p>VACINA\u00c7\u00c3O<br>A 2\u00aa fase da Campanha Nacional de Vacina\u00e7\u00e3o contra o Sarampo no dia 18 de novembro e segue at\u00e9 o dia 30. Nesse per\u00edodo o foco \u00e9 vacinar o grupo de adultos jovens, com idade entre 20 e 29 anos. O dia D no s\u00e1bado, dia 30.<\/p>\n\n\n\n<p>BemParana<\/p>\n","protected":false},"excerpt":{"rendered":"<p>O acumulado de casos de sarampo no Paran\u00e1 chegou aos 273 pacientes que tiveram a confirma\u00e7\u00e3o do v\u00edrus da doen\u00e7a. S\u00e3o 42 doentes confirmados somente na \u00faltima semana. As informa\u00e7\u00f5es s\u00e3o do d\u00e9cimo boletim epidemiol\u00f3gico, publicado nesta quinta-feira (31). Os n\u00fameros est\u00e3o distribu\u00eddos nos munic\u00edpios: 199 em Curitiba; 3 em Almirante Tamandar\u00e9; 1 em Arauc\u00e1ria; [&hellip;]<\/p>\n","protected":false},"author":2,"featured_media":22349,"comment_status":"open","ping_status":"open","sticky":false,"template":"","format":"standard","meta":{"advanced_seo_description":"","jetpack_seo_html_title":"","jetpack_seo_noindex":false,"_jetpack_memberships_contains_paid_content":false,"footnotes":""},"categories":[50],"tags":[],"class_list":{"0":"post-22348","1":"post","2":"type-post","3":"status-publish","4":"format-standard","5":"has-post-thumbnail","7":"category-saude"},"jetpack_featured_media_url":"https:\/\/www.paranapraia.com.br\/wp-content\/uploads\/2019\/10\/ass.jpg","jetpack_sharing_enabled":true,"_links":{"self":[{"href":"https:\/\/www.paranapraia.com.br\/index.php\/wp-json\/wp\/v2\/posts\/22348"}],"collection":[{"href":"https:\/\/www.paranapraia.com.br\/index.php\/wp-json\/wp\/v2\/posts"}],"about":[{"href":"https:\/\/www.paranapraia.com.br\/index.php\/wp-json\/wp\/v2\/types\/post"}],"author":[{"embeddable":true,"href":"https:\/\/www.paranapraia.com.br\/index.php\/wp-json\/wp\/v2\/users\/2"}],"replies":[{"embeddable":true,"href":"https:\/\/www.paranapraia.com.br\/index.php\/wp-json\/wp\/v2\/comments?post=22348"}],"version-history":[{"count":1,"href":"https:\/\/www.paranapraia.com.br\/index.php\/wp-json\/wp\/v2\/posts\/22348\/revisions"}],"predecessor-version":[{"id":22350,"href":"https:\/\/www.paranapraia.com.br\/index.php\/wp-json\/wp\/v2\/posts\/22348\/revisions\/22350"}],"wp:featuredmedia":[{"embeddable":true,"href":"https:\/\/www.paranapraia.com.br\/index.php\/wp-json\/wp\/v2\/media\/22349"}],"wp:attachment":[{"href":"https:\/\/www.paranapraia.com.br\/index.php\/wp-json\/wp\/v2\/media?parent=22348"}],"wp:term":[{"taxonomy":"category","embeddable":true,"href":"https:\/\/www.paranapraia.com.br\/index.php\/wp-json\/wp\/v2\/categories?post=22348"},{"taxonomy":"post_tag","embeddable":true,"href":"https:\/\/www.paranapraia.com.br\/index.php\/wp-json\/wp\/v2\/tags?post=22348"}],"curies":[{"name":"wp","href":"https:\/\/api.w.org\/{rel}","templated":true}]}}