{"id":22343,"date":"2019-10-31T17:14:03","date_gmt":"2019-10-31T20:14:03","guid":{"rendered":"https:\/\/www.paranapraia.com.br\/?p=22343"},"modified":"2019-10-31T17:14:04","modified_gmt":"2019-10-31T20:14:04","slug":"quem-esta-falando-sobre-ai-5-esta-sonhando-diz-bolsonaro-sobre-fala-do-filho","status":"publish","type":"post","link":"https:\/\/www.paranapraia.com.br\/index.php\/2019\/10\/31\/quem-esta-falando-sobre-ai-5-esta-sonhando-diz-bolsonaro-sobre-fala-do-filho\/","title":{"rendered":"&#8216;Quem est\u00e1 falando sobre AI-5 est\u00e1 sonhando&#8217;, diz Bolsonaro sobre fala do filho"},"content":{"rendered":"\n<p>O presidente Jair Bolsonaro (PSL) tentou hoje minimizar as declara\u00e7\u00f5es de um de seus filhos, o deputado federal Eduardo Bolsonaro (PSL\/SP), que defendeu um &#8220;novo AI-5&#8221; como forma de combater a suposta &#8220;radicaliza\u00e7\u00e3o&#8221; de grupos pol\u00edticos de esquerda no Pa\u00eds. \u201cQuem est\u00e1 falando sobre AI-5 est\u00e1 sonhando\u201d, reagiu o presidente ao ser questionado por jornalistas na sa\u00edda do Alvorada.<\/p>\n\n\n\n<p>\u201cN\u00e3o existe. AI-5 no passado, existia outra Constitui\u00e7\u00e3o, n\u00e3o existe mais. Esquece. Vai acabar a entrevista aqui. Cobrem dele (Eduardo). Quem quer que seja que fale em AI-5 t\u00e1 falando&#8230; t\u00e1 sonhando. T\u00e1 sonhando! T\u00e1 sonhando! N\u00e3o quero nem ver not\u00edcia nesse sentido a\u00ed\u201d, afirmou Bolsonaro.<\/p>\n\n\n\n<p>\u201cOlha, cobre voc\u00ea dele. Ele \u00e9 independente. Tem 35 anos se eu n\u00e3o me engano. Mas tudo bem. Lamento&#8230; Se ele falou isso, que eu n\u00e3o t\u00f4 sabendo, lamento, lamento muito\u201d, afirmou.<\/p>\n\n\n\n<p><strong>BNDES<\/strong>&nbsp;&#8211; A declara\u00e7\u00e3o de Eduardo Bolsonaro ocorreu em resposta a uma pergunta sobre a participa\u00e7\u00e3o do Foro de S\u00e3o Paulo nas manifesta\u00e7\u00f5es chilenas. Eduardo disse que dinheiro do BNDES foi usado por Cuba e Venezuela para financiar movimentos de esquerda na Am\u00e9rica Latina.<\/p>\n\n\n\n<p>&#8220;Se a esquerda radicalizar a esse ponto, vamos precisar dar uma resposta. E essa resposta pode ser via um novo AI-5, pode ser via uma legisla\u00e7\u00e3o aprovada via plebiscito, como ocorreu na It\u00e1lia. Alguma resposta vai ter que ser dada&#8221;, afirmou.<\/p>\n\n\n\n<p>&#8220;N\u00f3s desconfiamos que esse dinheiro vem muito por conta do BNDES que, no tempo de Dilma e Lula (&#8230;)&#8221;, diz Eduardo, sem concluir a frase. &#8220;Por que n\u00e3o achar que esse dinheiro vai voltar &#8216;pra&#8217; c\u00e1 para fazer essas revolu\u00e7\u00f5es?&#8221;, questionou de forma ret\u00f3rica. &#8220;Agora eles t\u00eam condi\u00e7\u00f5es de financiar, de bancar isso num n\u00edvel muito maior aqui na Am\u00e9rica Latina&#8221;, complementou.<\/p>\n\n\n\n<p>&#8220;A gente, em algum momento, tem que encarar de frente isso da\u00ed. Vai chegar um momento em que a situa\u00e7\u00e3o vai ser igual ao final dos anos 1960 no Brasil, quando sequestravam aeronaves, quando executavam, sequestravam grandes autoridades como c\u00f4nsules, embaixadores, execu\u00e7\u00e3o de policiais, de militares&#8221;, disse.<\/p>\n\n\n\n<p>&#8220;\u00c9 uma guerra assim\u00e9trica, n\u00e3o uma guerra onde voc\u00ea est\u00e1 vendo seu inimigo do outro lado e voc\u00ea tem que aniquil\u00e1-lo, como acontece nas guerras militares. \u00c9 um inimigo interno, de dif\u00edcil identifica\u00e7\u00e3o aqui dentro do Pa\u00eds. Espero que n\u00e3o chegue a esse ponto, mas a gente tem que estar atento.&#8221;<\/p>\n\n\n\n<p>O Ato Institucional n\u00ba 5 foi o mais duro institu\u00eddo pela ditadura militar, em 1968, ao revogar direitos fundamentais e delegar ao presidente da Rep\u00fablica o direito de cassar mandatos de parlamentares, intervir nos munic\u00edpios e Estados. Tamb\u00e9m suspendeu quaisquer garantias constitucionais, como o direito a habeas corpus. A partir da medida, a repress\u00e3o do regime militar tornou-se mais dura.<\/p>\n\n\n\n<p>A Constitui\u00e7\u00e3o de 1988 rejeita instrumentos de exce\u00e7\u00e3o e destaca, em seu primeiro artigo, como um de seus princ\u00edpios fundamentais, que a Rep\u00fablica Federativa do Brasil constitui-se em Estado Democr\u00e1tico de Direito.<\/p>\n\n\n\n<p>Durante a campanha eleitoral, um v\u00eddeo em que Eduardo afirma ser necess\u00e1rio apenas &#8220;um cabo e um soldado&#8221; para fechar o Supremo Tribunal Federal causou pol\u00eamica. Na entrevista \u00e0 Leda Nagle, ele diz que apenas citou uma brincadeira que ouviu na rua.<\/p>\n\n\n\n<p>BemParana<\/p>\n","protected":false},"excerpt":{"rendered":"<p>O presidente Jair Bolsonaro (PSL) tentou hoje minimizar as declara\u00e7\u00f5es de um de seus filhos, o deputado federal Eduardo Bolsonaro (PSL\/SP), que defendeu um &#8220;novo AI-5&#8221; como forma de combater a suposta &#8220;radicaliza\u00e7\u00e3o&#8221; de grupos pol\u00edticos de esquerda no Pa\u00eds. \u201cQuem est\u00e1 falando sobre AI-5 est\u00e1 sonhando\u201d, reagiu o presidente ao ser questionado por jornalistas [&hellip;]<\/p>\n","protected":false},"author":2,"featured_media":22346,"comment_status":"open","ping_status":"open","sticky":false,"template":"","format":"standard","meta":{"advanced_seo_description":"","jetpack_seo_html_title":"","jetpack_seo_noindex":false,"_jetpack_memberships_contains_paid_content":false,"footnotes":""},"categories":[32],"tags":[],"class_list":{"0":"post-22343","1":"post","2":"type-post","3":"status-publish","4":"format-standard","5":"has-post-thumbnail","7":"category-politica"},"jetpack_featured_media_url":"https:\/\/www.paranapraia.com.br\/wp-content\/uploads\/2019\/10\/tr.jpg","jetpack_sharing_enabled":true,"_links":{"self":[{"href":"https:\/\/www.paranapraia.com.br\/index.php\/wp-json\/wp\/v2\/posts\/22343"}],"collection":[{"href":"https:\/\/www.paranapraia.com.br\/index.php\/wp-json\/wp\/v2\/posts"}],"about":[{"href":"https:\/\/www.paranapraia.com.br\/index.php\/wp-json\/wp\/v2\/types\/post"}],"author":[{"embeddable":true,"href":"https:\/\/www.paranapraia.com.br\/index.php\/wp-json\/wp\/v2\/users\/2"}],"replies":[{"embeddable":true,"href":"https:\/\/www.paranapraia.com.br\/index.php\/wp-json\/wp\/v2\/comments?post=22343"}],"version-history":[{"count":1,"href":"https:\/\/www.paranapraia.com.br\/index.php\/wp-json\/wp\/v2\/posts\/22343\/revisions"}],"predecessor-version":[{"id":22347,"href":"https:\/\/www.paranapraia.com.br\/index.php\/wp-json\/wp\/v2\/posts\/22343\/revisions\/22347"}],"wp:featuredmedia":[{"embeddable":true,"href":"https:\/\/www.paranapraia.com.br\/index.php\/wp-json\/wp\/v2\/media\/22346"}],"wp:attachment":[{"href":"https:\/\/www.paranapraia.com.br\/index.php\/wp-json\/wp\/v2\/media?parent=22343"}],"wp:term":[{"taxonomy":"category","embeddable":true,"href":"https:\/\/www.paranapraia.com.br\/index.php\/wp-json\/wp\/v2\/categories?post=22343"},{"taxonomy":"post_tag","embeddable":true,"href":"https:\/\/www.paranapraia.com.br\/index.php\/wp-json\/wp\/v2\/tags?post=22343"}],"curies":[{"name":"wp","href":"https:\/\/api.w.org\/{rel}","templated":true}]}}