{"id":22336,"date":"2019-10-31T16:37:04","date_gmt":"2019-10-31T19:37:04","guid":{"rendered":"https:\/\/www.paranapraia.com.br\/?p=22336"},"modified":"2019-10-31T16:37:05","modified_gmt":"2019-10-31T19:37:05","slug":"secretaria-municipal-de-educacao-realiza-seminario-voltado-a-saude-do-professor","status":"publish","type":"post","link":"https:\/\/www.paranapraia.com.br\/index.php\/2019\/10\/31\/secretaria-municipal-de-educacao-realiza-seminario-voltado-a-saude-do-professor\/","title":{"rendered":"Secretaria Municipal de Educa\u00e7\u00e3o realiza semin\u00e1rio voltado \u00e0 sa\u00fade do professor"},"content":{"rendered":"\n<h4 class=\"wp-block-heading\">Evento tem como objetivo promover palestras, discuss\u00f5es, reflex\u00f5es e compartilhar experi\u00eancias de a\u00e7\u00f5es e estilo de vida saud\u00e1vel<\/h4>\n\n\n\n<p>\n\nNo dia 6 de novembro, a partir das 8h, no Teatro Rachel Costa, a Secretaria Municipal de Educa\u00e7\u00e3o (Semedi) realizar\u00e1 o I Semin\u00e1rio Intermunicipal com o tema Programa de Aten\u00e7\u00e3o \u00e0 Sa\u00fade e ao Trabalho do Professor \u2013 Desafios e Possibilidades.<\/p>\n\n\n\n<p>A Semedi iniciou em 2017 o planejamento e o desenvolvimento de a\u00e7\u00f5es visando a aten\u00e7\u00e3o e a promo\u00e7\u00e3o da sa\u00fade do professor numa vis\u00e3o biopsicossocial. O Programa tem realizado v\u00e1rias atividades e reflex\u00f5es sobre as causas que levam ao adoecimento f\u00edsico e mental e que interferem no desempenho profissional docente.<\/p>\n\n\n\n<p>A equipe do programa atende as institui\u00e7\u00f5es de ensino no sentido de dialogar com os professores da Educa\u00e7\u00e3o B\u00e1sica, buscando estrat\u00e9gias para entender e atuar nas causas que prejudicam a rela\u00e7\u00e3o sa\u00fade e trabalho do profissional, considerando o processo biopsicossocial. Conforme o programa, as condi\u00e7\u00f5es de trabalho e de vida dos professores influenciam significativamente no crescente n\u00famero de profissionais afastados das salas de aula por depress\u00e3o, transtorno de p\u00e2nico, dificuldades osteomusculares, c\u00e2ncer e outros problemas de sa\u00fade.<\/p>\n\n\n\n<p>O I Semin\u00e1rio Intermunicipal do Programa de Aten\u00e7\u00e3o \u00e0 Sa\u00fade e ao Trabalho do Professor Municipal tem a finalidade de potencializar as a\u00e7\u00f5es do Programa. \u201c\u00c9 crescente o n\u00famero de professores afastados das salas de aula e o programa preocupa-se com o cuidado \u00e0 sa\u00fade dos profissionais da Educa\u00e7\u00e3o, realiza in\u00fameras possibilidades para atuar nas causas que prejudicam de forma geral o ambiente escolar. Temos o compromisso de cuidar de quem diariamente se dedica a educar nossos alunos e merece aten\u00e7\u00e3o e valoriza\u00e7\u00e3o. O programa \u00e9 exclusivo desta gest\u00e3o e in\u00e9dito no pa\u00eds\u201d, ressalta a secret\u00e1ria municipal de Educa\u00e7\u00e3o, Vandecy Dutra.<\/p>\n\n\n\n<p>O PROGRAMA<br>O Programa de aten\u00e7\u00e3o \u00e0 sa\u00fade e ao Trabalho do Professor, foi constitu\u00eddo em car\u00e1ter intersetorial por profissionais da Prefeitura de Paranagu\u00e1 por meio das secretarias de Educa\u00e7\u00e3o e Sa\u00fade contando tamb\u00e9m com parceiros da iniciativa p\u00fablica e privada para atuar na preven\u00e7\u00e3o e promo\u00e7\u00e3o da sa\u00fade. Oferta servi\u00e7os de Psicologia e Psiquiatria, por meio do Centro Municipal de Avalia\u00e7\u00e3o Especializado (CMAE), desenvolve a\u00e7\u00f5es que visam potencializar a melhoria da qualidade de vida, das rela\u00e7\u00f5es interpessoais e do bem-estar biopsicossocial do professor, pedagogo e diretor que comp\u00f5em o quadro das Unidades escolares e Centros de Educa\u00e7\u00e3o Infantil.<\/p>\n\n\n\n<p>SEMIN\u00c1RIO<br>O semin\u00e1rio tem como objetivo promover palestras, discuss\u00f5es e reflex\u00f5es sobre a tem\u00e1tica Trabalho e Sa\u00fade do Professor e compartilhar experi\u00eancias de a\u00e7\u00f5es e estilo de vida saud\u00e1vel.<\/p>\n\n\n\n<p>CONFIRA A PROGRAMA\u00c7\u00c3O:<br>8h &#8211; Credenciamento<\/p>\n\n\n\n<p>8h30 &#8211; Abertura<\/p>\n\n\n\n<p>8h40 &#8211; Momento Cultural: Coral de seis vozes<\/p>\n\n\n\n<p>8h50 &#8211; Apresenta\u00e7\u00e3o do Programa de Aten\u00e7\u00e3o \u00e0 Sa\u00fade e ao Trabalho do Professor Municipal.<\/p>\n\n\n\n<p>9h &#8211; Palestra com Marcos Signorelli- Doutor e P\u00f3s doutor em Sa\u00fade Coletiva com o tema \u201cRela\u00e7\u00f5es interpessoais no ambiente de trabalho\u201d<\/p>\n\n\n\n<p>10h \u2013 Palestra com Cristiane P\u00e1ris- Pedagoga, Bi\u00f3loga e Especialista em Psicomotricidade Relacional com o tema \u201cA contribui\u00e7\u00e3o da Psicomotricidade Relacional no trabalho docente\u201d<\/p>\n\n\n\n<p>11h &#8211; Palestra com a Dr.\u00aa Ana Carolina na \u00e1rea de Ginecologia e obstetr\u00edcia, especialista em mastologia com o tema \u201cSa\u00fade como um ato de amor\u201d<\/p>\n\n\n\n<p>14h \u2013 Retorno com o Momento Cultural &#8211; Coral da UNATI<\/p>\n\n\n\n<p>14h30 \u2013 Palestra com o SESC<\/p>\n\n\n\n<p>15h30 \u2013 Palestra com a fisioterapeuta Tain\u00e1 Ribas, doutora em atividade f\u00edsica e sa\u00fade com o tema \u201cPromo\u00e7\u00e3o de sa\u00fade e qualidade de vida\u201d<\/p>\n\n\n\n<p>16h30 \u2013 Palestra com Evaldo Ribeiro J\u00fanior, professor da UFPR em Licenciatura de Educa\u00e7\u00e3o F\u00edsica e doutor em Biologia Celular e Molecular com o tema \u201cA import\u00e2ncia da atividade f\u00edsica\u201d<\/p>\n\n\n\n<p>17h30 &#8211; Caf\u00e9<\/p>\n\n\n\n<p>18h- Roda de conversa com o tema &#8220;A Sa\u00fade do Professor em debate: um olhar multiprofissional&#8221; com os profissionais: secret\u00e1ria de Educa\u00e7\u00e3o Vandecy Silva Dutra especialista em Psicopedagogia Cl\u00ednica e Institucional, Atendimento Educacional Especializado, Gest\u00e3o Educacional para a Diversidade e Inclus\u00e3o e Mestre em Ci\u00eancias Ambientais, Khalsa Kaur, terapeuta Ayurv\u00e9dica e instrutora de Yoga, Micaela de Goes Boaventura possui Gradua\u00e7\u00e3o em Sa\u00fade Coletiva e \u00e9 Mestre em Ci\u00eancias Ambientais, Pastoral da Educa\u00e7\u00e3o, Amanda Roque idealizadora do Projeto Patas do Bem, Divis\u00e3o da Sa\u00fade Ocupacional com Dielle Assistente Socila e Andreia Enfermeira<\/p>\n\n\n\n<p>18H30 &#8211; Momento cultural Grupo de Dan\u00e7a Renata Cunha<\/p>\n\n\n\n<p>19h- Palestra com a psic\u00f3loga Luciene Cristina Fermiano com o tema \u201cBem-estar do educador, ferramenta fundamental para o sucesso profissional\u201d<\/p>\n\n\n\n<p>20h Palestra com Dieikson de Carvalho com o tema \u201cA sa\u00fade emocional do Professor\u201d<\/p>\n\n\n\n<p>P\u00daBLICO ALVO:<br>Professores, pedagogos, gestores, educadores da Rede Municipal de Paranagu\u00e1;<br>Profissionais da \u00e1rea da Sa\u00fade;<br>Professores municipais representantes dos munic\u00edpios vizinhos, Matinhos, Pontal do Paran\u00e1, Guaratuba, Morretes, Antonina e Guaraque\u00e7aba;<br>Acad\u00eamicos de Gradua\u00e7\u00e3o do Curso de Pedagogia, e Psicologia e de P\u00f3s-Gradua\u00e7\u00e3o em Psicopedagogia. <\/p>\n\n\n\n<p>Prefeitura<\/p>\n","protected":false},"excerpt":{"rendered":"<p>Evento tem como objetivo promover palestras, discuss\u00f5es, reflex\u00f5es e compartilhar experi\u00eancias de a\u00e7\u00f5es e estilo de vida saud\u00e1vel No dia 6 de novembro, a partir das 8h, no Teatro Rachel Costa, a Secretaria Municipal de Educa\u00e7\u00e3o (Semedi) realizar\u00e1 o I Semin\u00e1rio Intermunicipal com o tema Programa de Aten\u00e7\u00e3o \u00e0 Sa\u00fade e ao Trabalho do Professor [&hellip;]<\/p>\n","protected":false},"author":2,"featured_media":22338,"comment_status":"open","ping_status":"open","sticky":false,"template":"","format":"standard","meta":{"advanced_seo_description":"","jetpack_seo_html_title":"","jetpack_seo_noindex":false,"_jetpack_memberships_contains_paid_content":false,"footnotes":""},"categories":[42],"tags":[],"class_list":{"0":"post-22336","1":"post","2":"type-post","3":"status-publish","4":"format-standard","5":"has-post-thumbnail","7":"category-cidades"},"jetpack_featured_media_url":"https:\/\/www.paranapraia.com.br\/wp-content\/uploads\/2019\/10\/thumb-1-1.jpg","jetpack_sharing_enabled":true,"_links":{"self":[{"href":"https:\/\/www.paranapraia.com.br\/index.php\/wp-json\/wp\/v2\/posts\/22336"}],"collection":[{"href":"https:\/\/www.paranapraia.com.br\/index.php\/wp-json\/wp\/v2\/posts"}],"about":[{"href":"https:\/\/www.paranapraia.com.br\/index.php\/wp-json\/wp\/v2\/types\/post"}],"author":[{"embeddable":true,"href":"https:\/\/www.paranapraia.com.br\/index.php\/wp-json\/wp\/v2\/users\/2"}],"replies":[{"embeddable":true,"href":"https:\/\/www.paranapraia.com.br\/index.php\/wp-json\/wp\/v2\/comments?post=22336"}],"version-history":[{"count":1,"href":"https:\/\/www.paranapraia.com.br\/index.php\/wp-json\/wp\/v2\/posts\/22336\/revisions"}],"predecessor-version":[{"id":22339,"href":"https:\/\/www.paranapraia.com.br\/index.php\/wp-json\/wp\/v2\/posts\/22336\/revisions\/22339"}],"wp:featuredmedia":[{"embeddable":true,"href":"https:\/\/www.paranapraia.com.br\/index.php\/wp-json\/wp\/v2\/media\/22338"}],"wp:attachment":[{"href":"https:\/\/www.paranapraia.com.br\/index.php\/wp-json\/wp\/v2\/media?parent=22336"}],"wp:term":[{"taxonomy":"category","embeddable":true,"href":"https:\/\/www.paranapraia.com.br\/index.php\/wp-json\/wp\/v2\/categories?post=22336"},{"taxonomy":"post_tag","embeddable":true,"href":"https:\/\/www.paranapraia.com.br\/index.php\/wp-json\/wp\/v2\/tags?post=22336"}],"curies":[{"name":"wp","href":"https:\/\/api.w.org\/{rel}","templated":true}]}}