{"id":22333,"date":"2019-10-31T16:35:29","date_gmt":"2019-10-31T19:35:29","guid":{"rendered":"https:\/\/www.paranapraia.com.br\/?p=22333"},"modified":"2019-10-31T16:35:30","modified_gmt":"2019-10-31T19:35:30","slug":"urbs-reforca-linhas-de-onibus-para-provas-do-enem-no-domingo","status":"publish","type":"post","link":"https:\/\/www.paranapraia.com.br\/index.php\/2019\/10\/31\/urbs-reforca-linhas-de-onibus-para-provas-do-enem-no-domingo\/","title":{"rendered":"Urbs refor\u00e7a linhas de \u00f4nibus para provas do Enem no domingo"},"content":{"rendered":"\n<h4 class=\"wp-block-heading\">Os estudantes v\u00e3o contar com linhas especiais e algumas que n\u00e3o operam aos domingos<\/h4>\n\n\n\n<p>A Urbaniza\u00e7\u00e3o de Curitiba (Urbs) vai refor\u00e7ar as linhas de \u00f4nibus que levam aos locais das provas da primeira fase do Exame Nacional do Ensino M\u00e9dio (Enem), que acontece no pr\u00f3ximo domingo (3\/11).<\/p>\n\n\n\n<p> Os estudantes v\u00e3o contar com linhas especiais e algumas que n\u00e3o operam aos domingos, como\u00a0829 \u2013 Universidade Positivo, 620 \u2013 Faculdade Santa Cruz e 816 \u2013 Especial Campina do Siqueira\/Tuiuti. A linha 816 \u2013 Camp.Siqueira\/Sta.Felicidade ter\u00e1 hor\u00e1rio de atendimento estendido neste domingo, com sa\u00edda do Terminal Santa Felicidade \u00e0s 19h45 e Terminal Campina do Siqueira \u00e0s 20h10. <\/p>\n\n\n\n<p>A abertura dos port\u00f5es para as provas ser\u00e1 \u00e0s 12h e o fechamento \u00e0s 13h. As provas v\u00e3o at\u00e9 as 19h e, em alguns locais, at\u00e9 as 20h. A Urbs orienta os candidatos a sa\u00edrem de suas resid\u00eancias com muita anteced\u00eancia, devido ao congestionamento em dias de concurso.<\/p>\n\n\n\n<p>Veja aqui a programa\u00e7\u00e3o do transporte coletivo neste domingo, bem como rela\u00e7\u00e3o das linhas que fazem atendimento a cada local de provas e seus principais pontos de parada.<br><\/p>\n\n\n\n<p>BandaB<\/p>\n","protected":false},"excerpt":{"rendered":"<p>Os estudantes v\u00e3o contar com linhas especiais e algumas que n\u00e3o operam aos domingos A Urbaniza\u00e7\u00e3o de Curitiba (Urbs) vai refor\u00e7ar as linhas de \u00f4nibus que levam aos locais das provas da primeira fase do Exame Nacional do Ensino M\u00e9dio (Enem), que acontece no pr\u00f3ximo domingo (3\/11). Os estudantes v\u00e3o contar com linhas especiais e [&hellip;]<\/p>\n","protected":false},"author":2,"featured_media":22334,"comment_status":"open","ping_status":"open","sticky":false,"template":"","format":"standard","meta":{"advanced_seo_description":"","jetpack_seo_html_title":"","jetpack_seo_noindex":false,"_jetpack_memberships_contains_paid_content":false,"footnotes":""},"categories":[43],"tags":[],"class_list":{"0":"post-22333","1":"post","2":"type-post","3":"status-publish","4":"format-standard","5":"has-post-thumbnail","7":"category-cotidiano"},"jetpack_featured_media_url":"https:\/\/www.paranapraia.com.br\/wp-content\/uploads\/2019\/10\/hh.jpg","jetpack_sharing_enabled":true,"_links":{"self":[{"href":"https:\/\/www.paranapraia.com.br\/index.php\/wp-json\/wp\/v2\/posts\/22333"}],"collection":[{"href":"https:\/\/www.paranapraia.com.br\/index.php\/wp-json\/wp\/v2\/posts"}],"about":[{"href":"https:\/\/www.paranapraia.com.br\/index.php\/wp-json\/wp\/v2\/types\/post"}],"author":[{"embeddable":true,"href":"https:\/\/www.paranapraia.com.br\/index.php\/wp-json\/wp\/v2\/users\/2"}],"replies":[{"embeddable":true,"href":"https:\/\/www.paranapraia.com.br\/index.php\/wp-json\/wp\/v2\/comments?post=22333"}],"version-history":[{"count":1,"href":"https:\/\/www.paranapraia.com.br\/index.php\/wp-json\/wp\/v2\/posts\/22333\/revisions"}],"predecessor-version":[{"id":22335,"href":"https:\/\/www.paranapraia.com.br\/index.php\/wp-json\/wp\/v2\/posts\/22333\/revisions\/22335"}],"wp:featuredmedia":[{"embeddable":true,"href":"https:\/\/www.paranapraia.com.br\/index.php\/wp-json\/wp\/v2\/media\/22334"}],"wp:attachment":[{"href":"https:\/\/www.paranapraia.com.br\/index.php\/wp-json\/wp\/v2\/media?parent=22333"}],"wp:term":[{"taxonomy":"category","embeddable":true,"href":"https:\/\/www.paranapraia.com.br\/index.php\/wp-json\/wp\/v2\/categories?post=22333"},{"taxonomy":"post_tag","embeddable":true,"href":"https:\/\/www.paranapraia.com.br\/index.php\/wp-json\/wp\/v2\/tags?post=22333"}],"curies":[{"name":"wp","href":"https:\/\/api.w.org\/{rel}","templated":true}]}}