{"id":22330,"date":"2019-10-31T16:33:20","date_gmt":"2019-10-31T19:33:20","guid":{"rendered":"https:\/\/www.paranapraia.com.br\/?p=22330"},"modified":"2019-10-31T16:33:20","modified_gmt":"2019-10-31T19:33:20","slug":"secretario-do-trabalho-fala-aos-diretores-da-aciap-sobre-captacao-de-vagas-temporarias-neste-fim-de-ano","status":"publish","type":"post","link":"https:\/\/www.paranapraia.com.br\/index.php\/2019\/10\/31\/secretario-do-trabalho-fala-aos-diretores-da-aciap-sobre-captacao-de-vagas-temporarias-neste-fim-de-ano\/","title":{"rendered":"Secret\u00e1rio do Trabalho fala aos diretores da Aciap sobre capta\u00e7\u00e3o de vagas tempor\u00e1rias neste fim de ano"},"content":{"rendered":"\n<h4 class=\"wp-block-heading\">Brayan Roque garantiu espa\u00e7o da Ag\u00eancia do Trabalhador para fazer a ponte entre os empres\u00e1rios e trabalhadores<\/h4>\n\n\n\n<p>\n\nO secret\u00e1rio Municipal do Trabalho, Brayan Roque, participou da reuni\u00e3o de diretoria da Associa\u00e7\u00e3o Comercial, Industrial e Agr\u00edcola de Paranagu\u00e1 (ACIAP) realizada na \u00faltima ter\u00e7a-feira, dia 29.<\/p>\n\n\n\n<p>De acordo com Brayan Roque, foi falado sobre a possibilidade de capta\u00e7\u00e3o de m\u00e3o-de-obra no com\u00e9rcio da cidade por meio da Ag\u00eancia do Trabalhador neste per\u00edodo de final de ano quando cresce o n\u00famero de empregos tempor\u00e1rios.<\/p>\n\n\n\n<p>\u201cFalamos com empres\u00e1rios e buscamos mostrar a parceria que pode ser firmada para facilitar a contrata\u00e7\u00e3o de novos funcion\u00e1rios\u201d, destacou Brayan Roque.<\/p>\n\n\n\n<p>A reuni\u00e3o tamb\u00e9m serviu para apresenta\u00e7\u00e3o do diretor de Trabalho e Renda da Semtra, Augusto Britto e repasse de mais detalhes sobre a capta\u00e7\u00e3o de novas vagas por meio da explana\u00e7\u00e3o do t\u00e9cnico Jonhson Deutschmann, integrante da Secretaria.<\/p>\n\n\n\n<p>\u201cO grande objetivo \u00e9 aumentar o n\u00famero de pessoas contratadas\u201d, refor\u00e7ou o secret\u00e1rio da pasta.<\/p>\n\n\n\n<p>A reuni\u00e3o foi conduzida pelo presidente da Aciap, Eloir Martins, e contou com a presen\u00e7a de diretores de diferentes segmentos da comunidade parnanguara. <\/p>\n\n\n\n<p>Prefeitura<\/p>\n","protected":false},"excerpt":{"rendered":"<p>Brayan Roque garantiu espa\u00e7o da Ag\u00eancia do Trabalhador para fazer a ponte entre os empres\u00e1rios e trabalhadores O secret\u00e1rio Municipal do Trabalho, Brayan Roque, participou da reuni\u00e3o de diretoria da Associa\u00e7\u00e3o Comercial, Industrial e Agr\u00edcola de Paranagu\u00e1 (ACIAP) realizada na \u00faltima ter\u00e7a-feira, dia 29. De acordo com Brayan Roque, foi falado sobre a possibilidade de [&hellip;]<\/p>\n","protected":false},"author":2,"featured_media":22331,"comment_status":"open","ping_status":"open","sticky":false,"template":"","format":"standard","meta":{"advanced_seo_description":"","jetpack_seo_html_title":"","jetpack_seo_noindex":false,"_jetpack_memberships_contains_paid_content":false,"footnotes":""},"categories":[40],"tags":[],"class_list":{"0":"post-22330","1":"post","2":"type-post","3":"status-publish","4":"format-standard","5":"has-post-thumbnail","7":"category-destaques"},"jetpack_featured_media_url":"https:\/\/www.paranapraia.com.br\/wp-content\/uploads\/2019\/10\/thumb-2.jpg","jetpack_sharing_enabled":true,"_links":{"self":[{"href":"https:\/\/www.paranapraia.com.br\/index.php\/wp-json\/wp\/v2\/posts\/22330"}],"collection":[{"href":"https:\/\/www.paranapraia.com.br\/index.php\/wp-json\/wp\/v2\/posts"}],"about":[{"href":"https:\/\/www.paranapraia.com.br\/index.php\/wp-json\/wp\/v2\/types\/post"}],"author":[{"embeddable":true,"href":"https:\/\/www.paranapraia.com.br\/index.php\/wp-json\/wp\/v2\/users\/2"}],"replies":[{"embeddable":true,"href":"https:\/\/www.paranapraia.com.br\/index.php\/wp-json\/wp\/v2\/comments?post=22330"}],"version-history":[{"count":1,"href":"https:\/\/www.paranapraia.com.br\/index.php\/wp-json\/wp\/v2\/posts\/22330\/revisions"}],"predecessor-version":[{"id":22332,"href":"https:\/\/www.paranapraia.com.br\/index.php\/wp-json\/wp\/v2\/posts\/22330\/revisions\/22332"}],"wp:featuredmedia":[{"embeddable":true,"href":"https:\/\/www.paranapraia.com.br\/index.php\/wp-json\/wp\/v2\/media\/22331"}],"wp:attachment":[{"href":"https:\/\/www.paranapraia.com.br\/index.php\/wp-json\/wp\/v2\/media?parent=22330"}],"wp:term":[{"taxonomy":"category","embeddable":true,"href":"https:\/\/www.paranapraia.com.br\/index.php\/wp-json\/wp\/v2\/categories?post=22330"},{"taxonomy":"post_tag","embeddable":true,"href":"https:\/\/www.paranapraia.com.br\/index.php\/wp-json\/wp\/v2\/tags?post=22330"}],"curies":[{"name":"wp","href":"https:\/\/api.w.org\/{rel}","templated":true}]}}