{"id":22327,"date":"2019-10-31T16:32:23","date_gmt":"2019-10-31T19:32:23","guid":{"rendered":"https:\/\/www.paranapraia.com.br\/?p=22327"},"modified":"2019-10-31T16:32:25","modified_gmt":"2019-10-31T19:32:25","slug":"pista-sentido-portao-da-avenida-mario-tourinho-sera-bloqueada-no-sabado","status":"publish","type":"post","link":"https:\/\/www.paranapraia.com.br\/index.php\/2019\/10\/31\/pista-sentido-portao-da-avenida-mario-tourinho-sera-bloqueada-no-sabado\/","title":{"rendered":"Pista sentido Port\u00e3o da Avenida M\u00e1rio Tourinho ser\u00e1 bloqueada no s\u00e1bado"},"content":{"rendered":"\n<p>O sentido Port\u00e3o da Rua General M\u00e1rio Tourinho, no Semin\u00e1rio, ser\u00e1 totalmente bloqueado para a passagem de ve\u00edculos neste s\u00e1bado (2\/11). A interrup\u00e7\u00e3o acontece no trecho entre a Rua \u00c1lvaro Alvim at\u00e9 a rotat\u00f3ria da Avenida Sete de Setembro, para a realoca\u00e7\u00e3o dos postes da rede el\u00e9trica.<\/p>\n\n\n\n<p>Os trabalhos come\u00e7am \u00e0s 8h e o bloqueio continua at\u00e9 o fim da retirada das estruturas, necess\u00e1ria para a continuidade da obra da nova trincheira que a Prefeitura est\u00e1 construindo no local. Agentes de tr\u00e2nsito v\u00e3o acompanhar o in\u00edcio do bloqueio e a sinaliza\u00e7\u00e3o para a obra de realoca\u00e7\u00e3o de postes, de responsabilidade da Copel.<\/p>\n\n\n\n<p>A empresa manter\u00e1 bandeirinhas nos locais de bloqueio para libera\u00e7\u00e3o aos moradores do per\u00edmetro.<\/p>\n\n\n\n<p>Trincheira<br>A obra para constru\u00e7\u00e3o da trincheira vai melhorar o tr\u00e1fego por onde passam 62 mil ve\u00edculos e 168 mil passageiros de \u00f4nibus por dia. A interven\u00e7\u00e3o faz parte de um grande pacote de obras do Plano de Acelera\u00e7\u00e3o do Crescimento (PAC) Mobilidade Urbana com recursos do Or\u00e7amento Geral da Uni\u00e3o (OGU).<\/p>\n\n\n\n<p>BemParana<\/p>\n","protected":false},"excerpt":{"rendered":"<p>O sentido Port\u00e3o da Rua General M\u00e1rio Tourinho, no Semin\u00e1rio, ser\u00e1 totalmente bloqueado para a passagem de ve\u00edculos neste s\u00e1bado (2\/11). A interrup\u00e7\u00e3o acontece no trecho entre a Rua \u00c1lvaro Alvim at\u00e9 a rotat\u00f3ria da Avenida Sete de Setembro, para a realoca\u00e7\u00e3o dos postes da rede el\u00e9trica. Os trabalhos come\u00e7am \u00e0s 8h e o bloqueio [&hellip;]<\/p>\n","protected":false},"author":2,"featured_media":22328,"comment_status":"open","ping_status":"open","sticky":false,"template":"","format":"standard","meta":{"advanced_seo_description":"","jetpack_seo_html_title":"","jetpack_seo_noindex":false,"_jetpack_memberships_contains_paid_content":false,"footnotes":""},"categories":[42],"tags":[],"class_list":{"0":"post-22327","1":"post","2":"type-post","3":"status-publish","4":"format-standard","5":"has-post-thumbnail","7":"category-cidades"},"jetpack_featured_media_url":"https:\/\/www.paranapraia.com.br\/wp-content\/uploads\/2019\/10\/dr.jpg","jetpack_sharing_enabled":true,"_links":{"self":[{"href":"https:\/\/www.paranapraia.com.br\/index.php\/wp-json\/wp\/v2\/posts\/22327"}],"collection":[{"href":"https:\/\/www.paranapraia.com.br\/index.php\/wp-json\/wp\/v2\/posts"}],"about":[{"href":"https:\/\/www.paranapraia.com.br\/index.php\/wp-json\/wp\/v2\/types\/post"}],"author":[{"embeddable":true,"href":"https:\/\/www.paranapraia.com.br\/index.php\/wp-json\/wp\/v2\/users\/2"}],"replies":[{"embeddable":true,"href":"https:\/\/www.paranapraia.com.br\/index.php\/wp-json\/wp\/v2\/comments?post=22327"}],"version-history":[{"count":1,"href":"https:\/\/www.paranapraia.com.br\/index.php\/wp-json\/wp\/v2\/posts\/22327\/revisions"}],"predecessor-version":[{"id":22329,"href":"https:\/\/www.paranapraia.com.br\/index.php\/wp-json\/wp\/v2\/posts\/22327\/revisions\/22329"}],"wp:featuredmedia":[{"embeddable":true,"href":"https:\/\/www.paranapraia.com.br\/index.php\/wp-json\/wp\/v2\/media\/22328"}],"wp:attachment":[{"href":"https:\/\/www.paranapraia.com.br\/index.php\/wp-json\/wp\/v2\/media?parent=22327"}],"wp:term":[{"taxonomy":"category","embeddable":true,"href":"https:\/\/www.paranapraia.com.br\/index.php\/wp-json\/wp\/v2\/categories?post=22327"},{"taxonomy":"post_tag","embeddable":true,"href":"https:\/\/www.paranapraia.com.br\/index.php\/wp-json\/wp\/v2\/tags?post=22327"}],"curies":[{"name":"wp","href":"https:\/\/api.w.org\/{rel}","templated":true}]}}