{"id":22324,"date":"2019-10-31T16:15:27","date_gmt":"2019-10-31T19:15:27","guid":{"rendered":"https:\/\/www.paranapraia.com.br\/?p=22324"},"modified":"2019-10-31T16:15:28","modified_gmt":"2019-10-31T19:15:28","slug":"parana-ainda-tem-6-mil-presos-em-delegacias-36-unidades-estao-inderditadas","status":"publish","type":"post","link":"https:\/\/www.paranapraia.com.br\/index.php\/2019\/10\/31\/parana-ainda-tem-6-mil-presos-em-delegacias-36-unidades-estao-inderditadas\/","title":{"rendered":"Paran\u00e1 ainda tem 6 mil presos em delegacias; 36 unidades est\u00e3o inderditadas"},"content":{"rendered":"\n<p>Levantamento divulgado hoje pelo Minist\u00e9rio P\u00fablico estadual aponta que 113 unidades prisionais do Paran\u00e1 s\u00e3o alvo de a\u00e7\u00f5es civis p\u00fablicas ajuizadas pelo \u00f3rg\u00e3o cobrando provid\u00eancias para resolver problemas graves, a maior parte envolvendo carceragens de delegacias. Desse total, 36 j\u00e1 se encontram total (29) ou parcialmente (07) interditadas.<\/p>\n\n\n\n<p>O levantamento dos n\u00fameros, coletados at\u00e9 o in\u00edcio deste m\u00eas, faz parte de uma etapa do projeto do Grupo de Atua\u00e7\u00e3o Especial em Seguran\u00e7a P\u00fablica (Gaesp) do MP e integra conte\u00fado disponibilizado para consulta p\u00fablica em&nbsp;<a href=\"http:\/\/www.site.mppr.mp.br\/sistemaprisional\">p\u00e1gina<\/a>&nbsp;do Centro de Apoio Operacional das Promotorias de Justi\u00e7a (Caop) Criminais, do J\u00fari e de Execu\u00e7\u00f5es Penais.<\/p>\n\n\n\n<p>Ainda segundo o levantamento, mais da metade dos procedimentos referem-se a situa\u00e7\u00f5es envolvendo cen\u00e1rios ca\u00f3ticos em carceragens de delegacias de pol\u00edcia que, nos \u00faltimos anos, fizeram com que o Minist\u00e9rio P\u00fablico passasse a buscar uma atua\u00e7\u00e3o planejada para a pol\u00edtica p\u00fablica dessa \u00e1rea.<\/p>\n\n\n\n<p>Segundo dados da Pol\u00edcia Civil e do Departamento Penitenci\u00e1rio do Estado (Depen), no segundo semestre de 2016, havia cerca de 10 mil presos em carceragens de delegacias para pouco mais de 4 mil vagas, com uma taxa de ocupa\u00e7\u00e3o que superava tr\u00eas d\u00edgitos, em percentuais, em v\u00e1rios locais do Estado.<\/p>\n\n\n\n<p>Dados atualizados demonstram que atualmente seriam cerca de 6 mil presos em delegacias, num universo de 5 mil vagas, com um d\u00e9ficit de 15%. Apesar do contexto de gradativa melhora, falta de vagas, cadeias superlotadas e em condi\u00e7\u00f5es prec\u00e1rias, presos mantidos irregularmente em carceragens de delegacias ainda fazem parte da realidade cotidiana no cen\u00e1rio da seguran\u00e7a p\u00fablico no Estado.<\/p>\n\n\n\n<p>Leia mais no blog&nbsp;<a href=\"https:\/\/www.bemparana.com.br\/blog\/plantaodepolicia\/parana-ainda-tem-6-mil-presos-em-delegacias-36-unidades-estao-inderditadas#.Xbr9qlVKjcs\">Plant\u00e3o de Pol\u00edcia<\/a>.<\/p>\n","protected":false},"excerpt":{"rendered":"<p>Levantamento divulgado hoje pelo Minist\u00e9rio P\u00fablico estadual aponta que 113 unidades prisionais do Paran\u00e1 s\u00e3o alvo de a\u00e7\u00f5es civis p\u00fablicas ajuizadas pelo \u00f3rg\u00e3o cobrando provid\u00eancias para resolver problemas graves, a maior parte envolvendo carceragens de delegacias. Desse total, 36 j\u00e1 se encontram total (29) ou parcialmente (07) interditadas. O levantamento dos n\u00fameros, coletados at\u00e9 o [&hellip;]<\/p>\n","protected":false},"author":2,"featured_media":22325,"comment_status":"open","ping_status":"open","sticky":false,"template":"","format":"standard","meta":{"advanced_seo_description":"","jetpack_seo_html_title":"","jetpack_seo_noindex":false,"_jetpack_memberships_contains_paid_content":false,"footnotes":""},"categories":[33],"tags":[],"class_list":{"0":"post-22324","1":"post","2":"type-post","3":"status-publish","4":"format-standard","5":"has-post-thumbnail","7":"category-policia"},"jetpack_featured_media_url":"https:\/\/www.paranapraia.com.br\/wp-content\/uploads\/2019\/10\/f-1.jpg","jetpack_sharing_enabled":true,"_links":{"self":[{"href":"https:\/\/www.paranapraia.com.br\/index.php\/wp-json\/wp\/v2\/posts\/22324"}],"collection":[{"href":"https:\/\/www.paranapraia.com.br\/index.php\/wp-json\/wp\/v2\/posts"}],"about":[{"href":"https:\/\/www.paranapraia.com.br\/index.php\/wp-json\/wp\/v2\/types\/post"}],"author":[{"embeddable":true,"href":"https:\/\/www.paranapraia.com.br\/index.php\/wp-json\/wp\/v2\/users\/2"}],"replies":[{"embeddable":true,"href":"https:\/\/www.paranapraia.com.br\/index.php\/wp-json\/wp\/v2\/comments?post=22324"}],"version-history":[{"count":1,"href":"https:\/\/www.paranapraia.com.br\/index.php\/wp-json\/wp\/v2\/posts\/22324\/revisions"}],"predecessor-version":[{"id":22326,"href":"https:\/\/www.paranapraia.com.br\/index.php\/wp-json\/wp\/v2\/posts\/22324\/revisions\/22326"}],"wp:featuredmedia":[{"embeddable":true,"href":"https:\/\/www.paranapraia.com.br\/index.php\/wp-json\/wp\/v2\/media\/22325"}],"wp:attachment":[{"href":"https:\/\/www.paranapraia.com.br\/index.php\/wp-json\/wp\/v2\/media?parent=22324"}],"wp:term":[{"taxonomy":"category","embeddable":true,"href":"https:\/\/www.paranapraia.com.br\/index.php\/wp-json\/wp\/v2\/categories?post=22324"},{"taxonomy":"post_tag","embeddable":true,"href":"https:\/\/www.paranapraia.com.br\/index.php\/wp-json\/wp\/v2\/tags?post=22324"}],"curies":[{"name":"wp","href":"https:\/\/api.w.org\/{rel}","templated":true}]}}