{"id":22321,"date":"2019-10-31T16:14:43","date_gmt":"2019-10-31T19:14:43","guid":{"rendered":"https:\/\/www.paranapraia.com.br\/?p=22321"},"modified":"2019-10-31T16:14:44","modified_gmt":"2019-10-31T19:14:44","slug":"veja-o-abre-e-fecha-do-servico-municipal-no-feriado-de-finados-em-curitiba","status":"publish","type":"post","link":"https:\/\/www.paranapraia.com.br\/index.php\/2019\/10\/31\/veja-o-abre-e-fecha-do-servico-municipal-no-feriado-de-finados-em-curitiba\/","title":{"rendered":"Veja o abre e fecha do servi\u00e7o municipal no feriado de Finados em Curitiba"},"content":{"rendered":"\n<p>\u00e1bado (2\/11), em raz\u00e3o do Dia de Finados. O funcionamento dos cemit\u00e9rios ser\u00e1 das 7h \u00e0s 18h no s\u00e1bado. Por conta do feriado, alguns servi\u00e7os municipais tamb\u00e9m ter\u00e3o altera\u00e7\u00e3o de funcionamento.<\/p>\n\n\n\n<p>As linhas do transporte coletivo que passam pr\u00f3ximas ao Cemit\u00e9rio Municipal \u00c1gua Verde ter\u00e3o desvios no s\u00e1bado (2\/11) em raz\u00e3o da Missa\/Show que ser\u00e1 feita no local.<\/p>\n\n\n\n<p>As linhas 180 \u00c1gua Verde-Abranches e 285 Juvev\u00ea-\u00c1gua Verde ter\u00e3o desvios a partir de sexta-feira (1\u00ba\/11) das 14h \u00e0s 20h, no s\u00e1bado (2\/11) das 8h \u00e0s 13h, e no domingo (3\/11) das 14h \u00e0s 20h, por conta da missa no Cemit\u00e9rio \u00c1gua Verde e montagem e desmontagem das estruturas.<\/p>\n\n\n\n<p>Confira como ser\u00e1 o funcionamento dos servi\u00e7os municipais neste feriado do Dia de Finados:<\/p>\n\n\n\n<p>TRANSPORTE E URBS<br>\u00d4nibus<br>O transporte coletivo ter\u00e1 tabela hor\u00e1ria normal de fim de semana. Apenas na regi\u00e3o do Cemit\u00e9rio \u00c1gua Verde ser\u00e3o feitos alguns desvios por conta da programa\u00e7\u00e3o religiosa em frente ao local.<\/p>\n\n\n\n<p>Arcadas S\u00e3o Francisco<br>S\u00e1bado (2\/11) \u2013 fechado<br>Domingo (3\/11) \u2013 aberto<\/p>\n\n\n\n<p>Arcadas Pelourinho<br>S\u00e1bado (2\/11) \u2013 aberto<br>Domingo (3\/11) \u2013 aberto<br>Sanit\u00e1rios funcionam normalmente.<\/p>\n\n\n\n<p>Mercado Municipal Cap\u00e3o Raso<br>S\u00e1bado (2\/11) \u2013 funciona das 10h \u00e0s 20h<br>Domingo (3\/11) \u2013 fechado<\/p>\n\n\n\n<p>Mercado Central Matriz<br>S\u00e1bado (2\/11) \u2013 fechado<br>Domingo (3\/11) \u2013 fechado<\/p>\n\n\n\n<p>Estacionamento Rui Barbosa<br>S\u00e1bado (2\/11) \u2013 funciona das 9h \u00e0s 20h<br>Domingo (3\/11) &#8211; fechado<\/p>\n\n\n\n<p>EDUCA\u00c7\u00c3O<br>Escolas, Centros Municipais de Educa\u00e7\u00e3o Infantil (CMEIs) e Centros Municipais de Atendimento Educacional Especializado (CMAEEs) \u2013 Atividades ser\u00e3o retomadas na segunda-feira (4\/11).<\/p>\n\n\n\n<p>Programa Comunidade Escola \u2013 sem programa\u00e7\u00e3o.<\/p>\n\n\n\n<p>Far\u00f3is do Saber \u2013 Fechados<\/p>\n\n\n\n<p>ATRATIVOS E ATENDIMENTO TUR\u00cdSTICOS<br>Museu de Hist\u00f3ria Natural do Cap\u00e3o da Imbuia \u2013 funciona no s\u00e1bado (2\/11) e domingo (3\/11), das 9h \u00e0s 17h.<br>Jardim Bot\u00e2nico \u2013 aberto 6h \u00e0s 19h30. O Jardim das Sensa\u00e7\u00f5es funciona das 9h \u00e0s 17h, com \u00faltimo acesso \u00e0s 16h30.<br>Passeio P\u00fablico \u2013 aberto das 6h \u00e0s 20h.<br>Zool\u00f3gico de Curitiba \u2013 aberto das 10h \u00e0s 16h30.<br>Memorial \u00c1rabe \u2013 fechado.<br>Bosque Alem\u00e3o e Casa Encantada \u2013 bosque estar\u00e1 aberto normalmente. A Casa Encantada funciona das 9h \u00e0s 17h, com conta\u00e7\u00e3o de hist\u00f3rias \u00e0s 11h, 14h e 16h.<br>Bosque Zaninelli\/Unilivre \u2013 aberto.<br>Parque S\u00e3o Louren\u00e7o \u2013 aberto.<br>\u00d3pera de Arame e Parque das Pedreiras \u2013 aberto. Pode ocorrer o fechamento sem aviso pr\u00e9vio.<br>Parque Tangu\u00e1 \u2013 aberto.<br>Parque Tingui \u2013 aberto.<br>Parque Barigui \u2013 aberto.<br>Bosque Reinhard Maack \u2013 aberto das 8h \u00e0s 18h. Em caso de chuva, pode acontecer fechamento sem aviso pr\u00e9vio.<br>Torre Panor\u00e2mica \u2013 aberta s\u00e1bado (12\/10) e domingo (13\/10), das 10h \u00e0s 19h, com bilheteria at\u00e9 18h30.<\/p>\n\n\n\n<p>Atendimento ao Turista<br>Hor\u00e1rio de atendimento dos pontos de atendimento ao turista:<\/p>\n\n\n\n<p>&#8211; Torre Panor\u00e2mica das Merc\u00eas<br>Das 10h \u00e0s 19h<\/p>\n\n\n\n<p>&#8211; Jardim Bot\u00e2nico<br>Das 9h \u00e0s 18h<\/p>\n\n\n\n<p>&#8211; Aeroporto Afonso Pena<br>Das 7h \u00e0s 17h<\/p>\n\n\n\n<p>&#8211; Rodovi\u00e1ria<br>Das 8h \u00e0s 18h<\/p>\n\n\n\n<p>Linha Turismo<br>O servi\u00e7o vai operar normalmente.<\/p>\n\n\n\n<p>Lojas #CuritibaSuaLinda<br>&#8211; Palacette Wolf<br>S\u00e1bado (2\/11) &#8211; fechada<br>Domingo (3\/11) \u2013 funciona das 9h \u00e0s 14h<\/p>\n\n\n\n<p>&#8211; Torre Panor\u00e2mica das Merc\u00eas<br>S\u00e1bado (2\/11) \u2013 funciona das 10h \u00e0s 18h<br>Domingo (3\/11) \u2013 funciona das 10h \u00e0s 18h<\/p>\n\n\n\n<p>&#8211; Mercado Municipal<br>S\u00e1bado (2\/11) \u2013 funciona das 9h \u00e0s 18h<br>Domingo (3\/11) \u2013 funciona das 9h \u00e0s 13h<\/p>\n\n\n\n<p>&#8211; David Carneiro<br>S\u00e1bado (2\/11) &#8211; fechada<br>Domingo (3\/11) &#8211; fechada<\/p>\n\n\n\n<p>SA\u00daDE<br>Hospital Municipal do Idoso Zilda Arns<br>Aberto 24 horas.<\/p>\n\n\n\n<p>Maternidade Bairro Novo<br>Aberta 24 horas.<\/p>\n\n\n\n<p>Unidades de Pronto Atendimento (UPAs)<br>Abertas 24 horas.<\/p>\n\n\n\n<p>\u2022 UPA S\u00edtio Cercado: Rua Levi Buquera, 158, S\u00edtio Cercado.<br>\u2022 UPA Boa Vista: Avenida Paran\u00e1, 3.654, Boa Vista.<br>\u2022 UPA Cajuru: Rua Engenheiro Benedito M\u00e1rio da Silva, 555, Cajuru.<br>\u2022 UPA Fazendinha: Rua Carlos Klemtz, 1.883, Fazendinha.<br>\u2022 UPA Boqueir\u00e3o: Rua Professora Maria de Assump\u00e7\u00e3o, 2,590, Boqueir\u00e3o.<br>\u2022 UPA Campo Comprido: Rua Monsenhor Ivo Zanlorenzi, 3.495, Campo Comprido.<br>\u2022 UPA Tatuquara: Rua Jornalista Em\u00edlio Zol\u00e1 Florenzano, 835, Tatuquara.<br>\u2022 UPA CIC: Rua Senador Accioly Filho, 3370, Cidade Industrial.<br>\u2022 UPA Pinheirinho: Rua Leon Nicolas, s\/n esq. com Winston Churchill, Cap\u00e3o Raso.<\/p>\n\n\n\n<p>UNIDADES DO ABASTECIMENTO<br>Mercado Municipal<br>S\u00e1bado (2\/11) \u2013 atendimento das 8h \u00e0s 18h<br>Domingo (3\/11) \u2013 atendimento das 8h \u00e0s 13h (pra\u00e7a de alimenta\u00e7\u00e3o at\u00e9 15h).<\/p>\n\n\n\n<p>Restaurante Popular<br>S\u00e1bado (2\/11) \u2013 fechado<br>Domingo (3\/11) \u2013 fechado<\/p>\n\n\n\n<p>Armaz\u00e9ns da Fam\u00edlia<br>S\u00e1bado (2\/11) \u2013 fechados<br>Domingo (3\/11) \u2013 fechados<\/p>\n\n\n\n<p>Mercado Regional Cajuru<br>S\u00e1bado (2\/11) \u2013 atendimento das 7h \u00e0s 18h<br>Domingo (3\/11) \u2013 atendimento das 7h \u00e0s 12h<\/p>\n\n\n\n<p>Feiras Livres Diurnas<br>S\u00e1bado (2\/11) \u2013 atendimento normal<br>Domingo (3\/11) \u2013 atendimento normal<\/p>\n\n\n\n<p>Feiras Livres Noturnas<br>S\u00e1bado (2\/11) \u2013 n\u00e3o h\u00e1 atendimento<br>Domingo (3\/11) \u2013 n\u00e3o h\u00e1 atendimento<\/p>\n\n\n\n<p>Feiras Gastron\u00f4micas<br>S\u00e1bado (2\/11) \u2013 atendimento normal<br>Domingo (3\/11) \u2013 n\u00e3o h\u00e1 atendimento<\/p>\n\n\n\n<p>Feiras Org\u00e2nicas<br>S\u00e1bado (2\/11) \u2013 atendimento normal<br>Domingo (3\/11) \u2013 atendimento normal<\/p>\n\n\n\n<p>Programa Nossa Feira<br>S\u00e1bado (2\/11) \u2013 n\u00e3o h\u00e1 atendimento<br>Domingo (3\/11) \u2013 n\u00e3o h\u00e1 atendimento<\/p>\n\n\n\n<p>Sacol\u00e3o da Fam\u00edlia<\/p>\n\n\n\n<p>&#8211; Sacol\u00e3o Bairro Novo<br>S\u00e1bado (2\/11) \u2013 fechado<br>Domingo (3\/11) \u2013 fechado<\/p>\n\n\n\n<p>&#8211; Sacol\u00e3o Boa Vista<br>S\u00e1bado (2\/11) \u2013 atendimento das 8h \u00e0s 13h;<br>Domingo (3\/11) \u2013 fechado<\/p>\n\n\n\n<p>&#8211; Sacol\u00e3o Boqueir\u00e3o<br>S\u00e1bado (2\/11) \u2013 fechado<br>Domingo (3\/11) \u2013 fechado<\/p>\n\n\n\n<p>&#8211; Sacol\u00e3o Carmo<br>S\u00e1bado (2\/11) \u2013 atendimento das 9h \u00e0s 14h<br>Domingo (3\/11) \u2013 atendimento das 9h \u00e0s 13h<\/p>\n\n\n\n<p>&#8211; Sacol\u00e3o Fazendinha<br>S\u00e1bado (2\/11) \u2013 fechado<br>Domingo (3\/11) \u2013 fechado<\/p>\n\n\n\n<p>&#8211; Sacol\u00e3o Jardim Paranaense<br>S\u00e1bado (2\/11) \u2013 atendimento das 9h \u00e0s 14h<br>Domingo (3\/11) \u2013 atendimento das 9h \u00e0s 13h<\/p>\n\n\n\n<p>&#8211; Sacol\u00e3o Osternack<br>S\u00e1bado (2\/11) \u2013 fechado<br>Domingo (3\/11) \u2013 fechado<\/p>\n\n\n\n<p>&#8211; Sacol\u00e3o Pinheirinho<br>S\u00e1bado (2\/11) \u2013 fechado<br>Domingo (3\/11) \u2013 fechado<\/p>\n\n\n\n<p>&#8211; Sacol\u00e3o Santa C\u00e2ndida<br>S\u00e1bado (2\/11) \u2013 fechado<br>Domingo (3\/11) \u2013 fechado<\/p>\n\n\n\n<p>&#8211; Sacol\u00e3o Santa Efig\u00eania<br>S\u00e1bado (2\/11) \u2013 atendimento das 9h \u00e0s 14h<br>Domingo (3\/11) \u2013 atendimento das 9h \u00e0s 13h<\/p>\n\n\n\n<p>&#8211; Sacol\u00e3o Santa Felicidade<br>S\u00e1bado (2\/11) \u2013 atendimento das 9h \u00e0s 14h<br>Domingo (3\/11) \u2013 atendimento das 9h \u00e0s 13h<\/p>\n\n\n\n<p>&#8211; Sacol\u00e3o Rui Barbosa<br>S\u00e1bado (2\/11) \u2013 fechado<br>Domingo (3\/11) \u2013 fechado<\/p>\n\n\n\n<p>&#8211; Sacol\u00e3o Vila Oficinas<br>S\u00e1bado (2\/11) \u2013 fechado<br>Domingo (3\/11) \u2013 fechado<\/p>\n\n\n\n<p>&#8211; Sacol\u00e3o Vila Sandra<br>S\u00e1bado (2\/11) \u2013 fechado<br>Domingo (3\/11) \u2013 fechado<\/p>\n\n\n\n<p>PROTE\u00c7\u00c3O ANIMAL<br>Ado\u00e7\u00e3o de animais \u2013 Crar funciona em regime de plant\u00e3o das 9h30 \u00e0s 12h e das 13h30 \u00e0s 15h30. Rua Lodovico Kaminski, 1.381 \u2013 CIC.<\/p>\n\n\n\n<p>LIMPEZA P\u00daBLICA<br>O funcionamento dos servi\u00e7os ser\u00e1 alterado apenas no s\u00e1bado (2\/11):<\/p>\n\n\n\n<p>Coleta domiciliar (org\u00e2nico) \u2013 n\u00e3o funciona.<\/p>\n\n\n\n<p>Coleta seletiva (lixo que n\u00e3o \u00e9 lixo) \u2013 acontece nos setores com frequ\u00eancia de uma vez por semana aos s\u00e1bados.<\/p>\n\n\n\n<p>Varri\u00e7\u00e3o manual \u2013 funcionar\u00e1 no Anel Central (esquema de domingo).<\/p>\n\n\n\n<p>Lixo T\u00f3xico \u2013 n\u00e3o funciona.<\/p>\n\n\n\n<p>C\u00e2mbio Verde &#8211; n\u00e3o funciona.<\/p>\n\n\n\n<p>Demais servi\u00e7os \u2013 n\u00e3o funcionam.<\/p>\n\n\n\n<p>CEMIT\u00c9RIOS MUNICIPAIS<br>No s\u00e1bado (2\/11), em raz\u00e3o do Dia de Finados, os cemit\u00e9rios municipais ter\u00e3o duas horas a mais de funcionamento: das 7h \u00e0s 18h. No domingo (3\/11), o funcionamento ser\u00e1 das 9h \u00e0s 18h.<\/p>\n\n\n\n<p>O Servi\u00e7o Funer\u00e1rio municipal (sepultamentos) tem atendimento ininterrupto.<\/p>\n\n\n\n<p>PROCURADORIA GERAL DO MUNIC\u00cdPIO \u2013 D\u00cdVIDA ATIVA<br>Fechada.<\/p>\n\n\n\n<p>SETRAN<br>Em raz\u00e3o do feriado, n\u00e3o h\u00e1 fiscaliza\u00e7\u00e3o do Estacionamento Regulamentado (EstaR) neste s\u00e1bado (2\/11).<\/p>\n\n\n\n<p>CASA DA MULHER<br>Casa da Mulher Brasileira vai funcionar normalmente todos os dias. O funcionamento normal \u00e9 24 por dia, todos os dias da semana.<\/p>\n\n\n\n<p>ESPA\u00c7OS CULTURAIS<\/p>\n\n\n\n<p>Alguns espa\u00e7os da Funda\u00e7\u00e3o Cultural de Curitiba n\u00e3o funcionar\u00e3o neste s\u00e1bado (2\/11), feriado do Dia de Finados.<\/p>\n\n\n\n<p>V\u00e3o estar fechados os seguintes locais: Bondinho da Rua XV de Novembro, Casas da Leitura, Gibiteca, Conservat\u00f3rio de MPB, Teatro do Paiol, TUC (Teatro Universit\u00e1rio de Curitiba), Centro de Criatividade (Parque S\u00e3o Louren\u00e7o), Teatro Novelas Curitibanas, Museu de Arte Sacra (em obras de restaura\u00e7\u00e3o), Teatro Ant\u00f4nio Carlos Kraide (Port\u00e3o Cultural) e Casa da Mem\u00f3ria.<\/p>\n\n\n\n<p>Outros espa\u00e7os da Funda\u00e7\u00e3o Cultural ter\u00e3o funcionamento normal no feriado deste s\u00e1bado (2\/11). Os seguintes locais v\u00e3o estar abertos: Teatro do Pi\u00e1, Cine Passeio, MuMA (Port\u00e3o Cultural), Cine Guarani (Port\u00e3o Cultural), Teatro Cleon Jacques (Parque S\u00e3o Louren\u00e7o), Cinemateca, Memorial Ucraniano (Parque Tingui), Memorial Polon\u00eas (Bosque do Papa), Memorial da Cidade (Centro Hist\u00f3rico), Circo Zanchettini (Parque Barigui), Casa Rom\u00e1rio Martins, Casa Hoffmann, Museu da Fotografia, Museu da Gravura e Museu Municipal de Arte.<\/p>\n\n\n\n<p>BemParana<\/p>\n","protected":false},"excerpt":{"rendered":"<p>\u00e1bado (2\/11), em raz\u00e3o do Dia de Finados. O funcionamento dos cemit\u00e9rios ser\u00e1 das 7h \u00e0s 18h no s\u00e1bado. Por conta do feriado, alguns servi\u00e7os municipais tamb\u00e9m ter\u00e3o altera\u00e7\u00e3o de funcionamento. As linhas do transporte coletivo que passam pr\u00f3ximas ao Cemit\u00e9rio Municipal \u00c1gua Verde ter\u00e3o desvios no s\u00e1bado (2\/11) em raz\u00e3o da Missa\/Show que ser\u00e1 [&hellip;]<\/p>\n","protected":false},"author":2,"featured_media":22322,"comment_status":"open","ping_status":"open","sticky":false,"template":"","format":"standard","meta":{"advanced_seo_description":"","jetpack_seo_html_title":"","jetpack_seo_noindex":false,"_jetpack_memberships_contains_paid_content":false,"footnotes":""},"categories":[42],"tags":[],"class_list":{"0":"post-22321","1":"post","2":"type-post","3":"status-publish","4":"format-standard","5":"has-post-thumbnail","7":"category-cidades"},"jetpack_featured_media_url":"https:\/\/www.paranapraia.com.br\/wp-content\/uploads\/2019\/10\/q.jpg","jetpack_sharing_enabled":true,"_links":{"self":[{"href":"https:\/\/www.paranapraia.com.br\/index.php\/wp-json\/wp\/v2\/posts\/22321"}],"collection":[{"href":"https:\/\/www.paranapraia.com.br\/index.php\/wp-json\/wp\/v2\/posts"}],"about":[{"href":"https:\/\/www.paranapraia.com.br\/index.php\/wp-json\/wp\/v2\/types\/post"}],"author":[{"embeddable":true,"href":"https:\/\/www.paranapraia.com.br\/index.php\/wp-json\/wp\/v2\/users\/2"}],"replies":[{"embeddable":true,"href":"https:\/\/www.paranapraia.com.br\/index.php\/wp-json\/wp\/v2\/comments?post=22321"}],"version-history":[{"count":1,"href":"https:\/\/www.paranapraia.com.br\/index.php\/wp-json\/wp\/v2\/posts\/22321\/revisions"}],"predecessor-version":[{"id":22323,"href":"https:\/\/www.paranapraia.com.br\/index.php\/wp-json\/wp\/v2\/posts\/22321\/revisions\/22323"}],"wp:featuredmedia":[{"embeddable":true,"href":"https:\/\/www.paranapraia.com.br\/index.php\/wp-json\/wp\/v2\/media\/22322"}],"wp:attachment":[{"href":"https:\/\/www.paranapraia.com.br\/index.php\/wp-json\/wp\/v2\/media?parent=22321"}],"wp:term":[{"taxonomy":"category","embeddable":true,"href":"https:\/\/www.paranapraia.com.br\/index.php\/wp-json\/wp\/v2\/categories?post=22321"},{"taxonomy":"post_tag","embeddable":true,"href":"https:\/\/www.paranapraia.com.br\/index.php\/wp-json\/wp\/v2\/tags?post=22321"}],"curies":[{"name":"wp","href":"https:\/\/api.w.org\/{rel}","templated":true}]}}