{"id":22318,"date":"2019-10-31T16:13:45","date_gmt":"2019-10-31T19:13:45","guid":{"rendered":"https:\/\/www.paranapraia.com.br\/?p=22318"},"modified":"2019-10-31T16:13:46","modified_gmt":"2019-10-31T19:13:46","slug":"eduardo-bolsonaro-sugere-novo-ai-5-para-conter-esquerda-no-pais","status":"publish","type":"post","link":"https:\/\/www.paranapraia.com.br\/index.php\/2019\/10\/31\/eduardo-bolsonaro-sugere-novo-ai-5-para-conter-esquerda-no-pais\/","title":{"rendered":"Eduardo Bolsonaro sugere &#8216;novo AI-5&#8217; para conter esquerda no Pa\u00eds"},"content":{"rendered":"\n<p>O deputado Eduardo Bolsonaro (PSL-SP) defendeu em entrevista \u00e0 jornalista Leda Nagle medidas dr\u00e1sticas &#8211; como &#8220;um novo AI-5&#8221; &#8211; para conter manifesta\u00e7\u00f5es de rua como as que ocorrem no Chile atualmente. O filho &#8220;03&#8221; do presidente Jair Bolsonaro j\u00e1 havia afirmado em discurso no plen\u00e1rio da C\u00e2mara na \u00faltima ter\u00e7a-feira, 29, que a pol\u00edcia deveria ser acionada em caso de protestos semelhantes e o Pa\u00eds poderia ver a &#8220;hist\u00f3ria se repetir&#8221;. Na ocasi\u00e3o, ele n\u00e3o se referiu a que per\u00edodo se referia.<\/p>\n\n\n\n<p>&#8220;Se a esquerda radicalizar a esse ponto, vamos precisar dar uma resposta. E essa resposta pode ser via um novo AI-5, pode ser via uma legisla\u00e7\u00e3o aprovada via plebiscito, como ocorreu na It\u00e1lia. Alguma resposta vai ter que ser dada&#8221;, afirmou.<\/p>\n\n\n\n<p>O Ato Institucional n\u00ba 5 foi o mais duro institu\u00eddo pela ditadura militar, em 1968, ao revogar direitos fundamentais e delegar ao presidente da Rep\u00fablica o direito de cassar mandatos de parlamentares, intervir nos munic\u00edpios e Estados. Tamb\u00e9m suspendeu quaisquer garantias constitucionais, como o direito a habeas corpus. A partir da medida, a repress\u00e3o do regime militar tornou-se mais dura.<\/p>\n\n\n\n<p>A Constitui\u00e7\u00e3o de 1988 rejeita instrumentos de exce\u00e7\u00e3o e destaca, em seu primeiro artigo, como um de seus princ\u00edpios fundamentais, que a Rep\u00fablica Federativa do Brasil constitui-se em Estado Democr\u00e1tico de Direito.<\/p>\n\n\n\n<p>A declara\u00e7\u00e3o ocorreu em resposta a uma pergunta sobre a participa\u00e7\u00e3o do Foro de S\u00e3o Paulo nas manifesta\u00e7\u00f5es chilenas. Eduardo disse que dinheiro do BNDES foi usado por Cuba e Venezuela para financiar movimentos de esquerda na Am\u00e9rica Latina. &#8220;N\u00f3s desconfiamos que esse dinheiro vem muito por conta do BNDES que, no tempo de Dilma e Lula (&#8230;)&#8221;, diz Eduardo, sem concluir a frase. &#8220;Por que n\u00e3o achar que esse dinheiro vai voltar &#8216;pra&#8217; c\u00e1 para fazer essas revolu\u00e7\u00f5es?&#8221;, questionou de forma ret\u00f3rica. &#8220;Agora eles t\u00eam condi\u00e7\u00f5es de financiar, de bancar isso num n\u00edvel muito maior aqui na Am\u00e9rica Latina&#8221;, complementou.<\/p>\n\n\n\n<p>&#8220;A gente, em algum momento, tem que encarar de frente isso da\u00ed. Vai chegar um momento em que a situa\u00e7\u00e3o vai ser igual ao final dos anos 1960 no Brasil, quando sequestravam aeronaves, quando executavam, sequestravam grandes autoridades como c\u00f4nsules, embaixadores, execu\u00e7\u00e3o de policiais, de militares&#8221;, disse.<\/p>\n\n\n\n<p>&#8220;\u00c9 uma guerra assim\u00e9trica, n\u00e3o uma guerra onde voc\u00ea est\u00e1 vendo seu inimigo do outro lado e voc\u00ea tem que aniquil\u00e1-lo, como acontece nas guerras militares. \u00c9 um inimigo interno, de dif\u00edcil identifica\u00e7\u00e3o aqui dentro do Pa\u00eds. Espero que n\u00e3o chegue a esse ponto, mas a gente tem que estar atento.&#8221;<\/p>\n\n\n\n<p>Durante a campanha eleitoral, um v\u00eddeo em que Eduardo afirma ser necess\u00e1rio apenas &#8220;um cabo e um soldado&#8221; para fechar o Supremo Tribunal Federal causou pol\u00eamica. Na entrevista \u00e0 Leda Nagle, ele diz que apenas citou uma brincadeira que ouviu na rua.<\/p>\n\n\n\n<p>BemParana<\/p>\n","protected":false},"excerpt":{"rendered":"<p>O deputado Eduardo Bolsonaro (PSL-SP) defendeu em entrevista \u00e0 jornalista Leda Nagle medidas dr\u00e1sticas &#8211; como &#8220;um novo AI-5&#8221; &#8211; para conter manifesta\u00e7\u00f5es de rua como as que ocorrem no Chile atualmente. O filho &#8220;03&#8221; do presidente Jair Bolsonaro j\u00e1 havia afirmado em discurso no plen\u00e1rio da C\u00e2mara na \u00faltima ter\u00e7a-feira, 29, que a pol\u00edcia [&hellip;]<\/p>\n","protected":false},"author":2,"featured_media":22319,"comment_status":"open","ping_status":"open","sticky":false,"template":"","format":"standard","meta":{"advanced_seo_description":"","jetpack_seo_html_title":"","jetpack_seo_noindex":false,"_jetpack_memberships_contains_paid_content":false,"footnotes":""},"categories":[32],"tags":[],"class_list":{"0":"post-22318","1":"post","2":"type-post","3":"status-publish","4":"format-standard","5":"has-post-thumbnail","7":"category-politica"},"jetpack_featured_media_url":"https:\/\/www.paranapraia.com.br\/wp-content\/uploads\/2019\/10\/www.jpg","jetpack_sharing_enabled":true,"_links":{"self":[{"href":"https:\/\/www.paranapraia.com.br\/index.php\/wp-json\/wp\/v2\/posts\/22318"}],"collection":[{"href":"https:\/\/www.paranapraia.com.br\/index.php\/wp-json\/wp\/v2\/posts"}],"about":[{"href":"https:\/\/www.paranapraia.com.br\/index.php\/wp-json\/wp\/v2\/types\/post"}],"author":[{"embeddable":true,"href":"https:\/\/www.paranapraia.com.br\/index.php\/wp-json\/wp\/v2\/users\/2"}],"replies":[{"embeddable":true,"href":"https:\/\/www.paranapraia.com.br\/index.php\/wp-json\/wp\/v2\/comments?post=22318"}],"version-history":[{"count":1,"href":"https:\/\/www.paranapraia.com.br\/index.php\/wp-json\/wp\/v2\/posts\/22318\/revisions"}],"predecessor-version":[{"id":22320,"href":"https:\/\/www.paranapraia.com.br\/index.php\/wp-json\/wp\/v2\/posts\/22318\/revisions\/22320"}],"wp:featuredmedia":[{"embeddable":true,"href":"https:\/\/www.paranapraia.com.br\/index.php\/wp-json\/wp\/v2\/media\/22319"}],"wp:attachment":[{"href":"https:\/\/www.paranapraia.com.br\/index.php\/wp-json\/wp\/v2\/media?parent=22318"}],"wp:term":[{"taxonomy":"category","embeddable":true,"href":"https:\/\/www.paranapraia.com.br\/index.php\/wp-json\/wp\/v2\/categories?post=22318"},{"taxonomy":"post_tag","embeddable":true,"href":"https:\/\/www.paranapraia.com.br\/index.php\/wp-json\/wp\/v2\/tags?post=22318"}],"curies":[{"name":"wp","href":"https:\/\/api.w.org\/{rel}","templated":true}]}}