{"id":22313,"date":"2019-10-31T12:42:21","date_gmt":"2019-10-31T15:42:21","guid":{"rendered":"https:\/\/www.paranapraia.com.br\/?p=22313"},"modified":"2019-10-31T12:42:22","modified_gmt":"2019-10-31T15:42:22","slug":"seminario-paranaense-de-logistica-reversa-trara-a-curitiba-os-maiores-especialistas-nacionais-do-segmento","status":"publish","type":"post","link":"https:\/\/www.paranapraia.com.br\/index.php\/2019\/10\/31\/seminario-paranaense-de-logistica-reversa-trara-a-curitiba-os-maiores-especialistas-nacionais-do-segmento\/","title":{"rendered":"Semin\u00e1rio Paranaense de Log\u00edstica Reversa trar\u00e1 a Curitiba os maiores especialistas nacionais do segmento"},"content":{"rendered":"\n<p>Alguns dos maiores especialistas do Brasil nos temas de log\u00edstica reversa e economia circular estar\u00e3o no Campus da Ind\u00fastria do Sistema Fiep, em Curitiba, no dia 12 de novembro, para participar do 3\u00ba Semin\u00e1rio Paranaense Log\u00edstica Reversa.<\/p>\n\n\n\n<p>No evento, promovido pela Federa\u00e7\u00e3o das Ind\u00fastrias do Estado do Paran\u00e1 (Fiep) e pelo Instituto Paranaense de Reciclagem (InPAR), os palestrantes debater\u00e3o solu\u00e7\u00f5es para a correta destina\u00e7\u00e3o dos res\u00edduos gerados por toda a cadeia produtiva industrial, al\u00e9m de falar sobre os benef\u00edcios econ\u00f4micos e ambientais dessa pr\u00e1tica para as ind\u00fastrias dos mais diversos segmentos.<\/p>\n\n\n\n<p>A palestra de abertura do evento ser\u00e1 de Davi Bomtempo, gerente-executivo de Meio Ambiente e Sustentabilidade da CNI (Confedera\u00e7\u00e3o Nacional da Ind\u00fastria) e um dos principais representantes do setor produtivo em f\u00f3runs do meio ambiente a n\u00edvel nacional e internacional. O economista lidera as agendas de recursos h\u00eddricos, biodiversidade, licenciamento ambiental, florestas, res\u00edduos s\u00f3lidos, mudan\u00e7a do clima, produ\u00e7\u00e3o e consumo sustent\u00e1veis e falar\u00e1 sobre a Economia Circular e a Ind\u00fastria do Futuro.<\/p>\n\n\n\n<p>Outro representante de peso do setor \u00e9 o de Cesar Faccio, secret\u00e1rio executivo da Coaliz\u00e3o Embalagens, grupo de associa\u00e7\u00f5es empresariais que assinaram o Acordo Setorial de Embalagens em Geral. O programa \u00e9 o \u00fanico a ter toda a cadeia da log\u00edstica reversa envolvida, com a participa\u00e7\u00e3o de 17 associa\u00e7\u00f5es de todo o Brasil, fabricantes e importadores de produtos que utilizam embalagens e distribuidores. O engenheiro mec\u00e2nico, que j\u00e1 atuou nas \u00e1reas de qualidade e produ\u00e7\u00e3o de uma empresa multinacional do segmento de pneus, falar\u00e1 sobre as fases de trabalho e os pr\u00f3ximos passos da Coaliz\u00e3o.<\/p>\n\n\n\n<p>Durante o encontro tamb\u00e9m ser\u00e1 realizado o lan\u00e7amento da Rota Estrat\u00e9gica de Economia Circular do Paran\u00e1, um estudo in\u00e9dito dos Observat\u00f3rios Sistema Fiep.<\/p>\n\n\n\n<p>Entre as autoridades presentes estar\u00e3o o presidente do Sistema Fiep, Carlos Valter Martins Pedro, o Secret\u00e1rio de Estado do Desenvolvimento Sustent\u00e1vel e Turismo do Paran\u00e1 (SEDEST), M\u00e1rcio Nunes e o presidente do InPAR, Rommel Barion. Os demais palestrantes ser\u00e3o Mar\u00edlia de Souza, Gerente Executiva dos Observat\u00f3rios do Sistema Fiep, Henrique Mendes, Gerente de Sustentabilidade da ABINEE (Associa\u00e7\u00e3o Brasileira da Ind\u00fastria El\u00e9trica e Eletr\u00f4nica), Fabr\u00edcio Soler, s\u00f3cio da Felsberg Advogados e Tiago Lima e Amanda Schneider, respectivamente Consultor Jur\u00eddico e Diretora Executiva do IBER (Instituto Brasileiro de Energia Recicl\u00e1vel)<\/p>\n\n\n\n<p>As inscri\u00e7\u00f5es para a terceira edi\u00e7\u00e3o do Semin\u00e1rio j\u00e1 est\u00e3o abertas, s\u00e3o gratuitas e limitadas, e podem ser feitas pelo&nbsp;<a href=\"http:\/\/www.fiepr.org.br\/EventAgenda99content418160.shtml\" target=\"_blank\" rel=\"noreferrer noopener\">link<\/a>. Podem participar empres\u00e1rios e profissionais do setor industrial, t\u00e9cnicos, acad\u00eamicos, educadores e gestores de universidades e ambientalistas.<\/p>\n\n\n\n<p><strong>Servi\u00e7o:<\/strong><\/p>\n\n\n\n<p><strong>3\u00ba Semin\u00e1rio Paranaense de Log\u00edstica Reversa<\/strong><\/p>\n\n\n\n<p><strong>Data:<\/strong>&nbsp;12\/11\/2019<\/p>\n\n\n\n<p><strong>Local:<\/strong>&nbsp;Campus da Ind\u00fastria (Av. Comendador Franco, 1.341 \u2013 Jardim Bot\u00e2nico \u2013 Curitiba\/PR)<\/p>\n\n\n\n<p><strong>Hor\u00e1rio:<\/strong>&nbsp;das 8h30 \u00e0s 17h30<\/p>\n\n\n\n<p><strong>Sobre o InPAR<\/strong><\/p>\n\n\n\n<p>O Instituto Paranaense de Reciclagem (InPAR) \u00e9 uma institui\u00e7\u00e3o que tem o prop\u00f3sito de operacionalizar um sistema estadual de log\u00edstica reversa de embalagens p\u00f3s-consumo, visando atender \u00e0s determina\u00e7\u00f5es impostas pela legisla\u00e7\u00e3o vigente no \u00e2mbito estadual e federal. Fundado por seis sindicatos industriais (Sincabima, Sindicarne, Sindiavipar, Sinduscaf\u00e9, Sinditrigo e Sipcep), com o apoio da Fiep, o Instituto possui 37 associadas de diferentes segmentos da ind\u00fastria.<br><\/p>\n\n\n\n<p>Assessoria<\/p>\n","protected":false},"excerpt":{"rendered":"<p>Alguns dos maiores especialistas do Brasil nos temas de log\u00edstica reversa e economia circular estar\u00e3o no Campus da Ind\u00fastria do Sistema Fiep, em Curitiba, no dia 12 de novembro, para participar do 3\u00ba Semin\u00e1rio Paranaense Log\u00edstica Reversa. No evento, promovido pela Federa\u00e7\u00e3o das Ind\u00fastrias do Estado do Paran\u00e1 (Fiep) e pelo Instituto Paranaense de Reciclagem [&hellip;]<\/p>\n","protected":false},"author":2,"featured_media":22315,"comment_status":"open","ping_status":"open","sticky":false,"template":"","format":"standard","meta":{"advanced_seo_description":"","jetpack_seo_html_title":"","jetpack_seo_noindex":false,"_jetpack_memberships_contains_paid_content":false,"footnotes":""},"categories":[40],"tags":[],"class_list":{"0":"post-22313","1":"post","2":"type-post","3":"status-publish","4":"format-standard","5":"has-post-thumbnail","7":"category-destaques"},"jetpack_featured_media_url":"https:\/\/www.paranapraia.com.br\/wp-content\/uploads\/2019\/10\/semin.jpg","jetpack_sharing_enabled":true,"_links":{"self":[{"href":"https:\/\/www.paranapraia.com.br\/index.php\/wp-json\/wp\/v2\/posts\/22313"}],"collection":[{"href":"https:\/\/www.paranapraia.com.br\/index.php\/wp-json\/wp\/v2\/posts"}],"about":[{"href":"https:\/\/www.paranapraia.com.br\/index.php\/wp-json\/wp\/v2\/types\/post"}],"author":[{"embeddable":true,"href":"https:\/\/www.paranapraia.com.br\/index.php\/wp-json\/wp\/v2\/users\/2"}],"replies":[{"embeddable":true,"href":"https:\/\/www.paranapraia.com.br\/index.php\/wp-json\/wp\/v2\/comments?post=22313"}],"version-history":[{"count":1,"href":"https:\/\/www.paranapraia.com.br\/index.php\/wp-json\/wp\/v2\/posts\/22313\/revisions"}],"predecessor-version":[{"id":22316,"href":"https:\/\/www.paranapraia.com.br\/index.php\/wp-json\/wp\/v2\/posts\/22313\/revisions\/22316"}],"wp:featuredmedia":[{"embeddable":true,"href":"https:\/\/www.paranapraia.com.br\/index.php\/wp-json\/wp\/v2\/media\/22315"}],"wp:attachment":[{"href":"https:\/\/www.paranapraia.com.br\/index.php\/wp-json\/wp\/v2\/media?parent=22313"}],"wp:term":[{"taxonomy":"category","embeddable":true,"href":"https:\/\/www.paranapraia.com.br\/index.php\/wp-json\/wp\/v2\/categories?post=22313"},{"taxonomy":"post_tag","embeddable":true,"href":"https:\/\/www.paranapraia.com.br\/index.php\/wp-json\/wp\/v2\/tags?post=22313"}],"curies":[{"name":"wp","href":"https:\/\/api.w.org\/{rel}","templated":true}]}}