{"id":22309,"date":"2019-10-31T12:35:53","date_gmt":"2019-10-31T15:35:53","guid":{"rendered":"https:\/\/www.paranapraia.com.br\/?p=22309"},"modified":"2019-10-31T12:35:54","modified_gmt":"2019-10-31T15:35:54","slug":"governo-5-0-planeja-o-parana-com-apoio-e-parceria-com-municipios","status":"publish","type":"post","link":"https:\/\/www.paranapraia.com.br\/index.php\/2019\/10\/31\/governo-5-0-planeja-o-parana-com-apoio-e-parceria-com-municipios\/","title":{"rendered":"Governo 5.0 planeja o Paran\u00e1 com apoio e parceria com munic\u00edpios"},"content":{"rendered":"\n<p>O governador Carlos Massa Ratinho Junior disse nesta quinta-feira (31), na abertura do encontro Governo 5.0, em Foz do Igua\u00e7u, que o planejamento do Estado para os pr\u00f3ximos anos ser\u00e1 feito a muitas m\u00e3os, em parceria com os munic\u00edpios, e que a inova\u00e7\u00e3o, o Novo Pensar e Novo Fazer, deve estar a servi\u00e7o de todos os paranaenses. Ratinho Junior tamb\u00e9m assinou um pacote de investimentos de R$ 351 milh\u00f5es nos munic\u00edpios para os pr\u00f3ximos anos.<\/p>\n\n\n\n<p>O encontro Governo 5.0 re\u00fane prefeitos, secret\u00e1rios estaduais, representantes da Itaipu, de empresas p\u00fablicas e de outros poderes. O evento abre espa\u00e7o para a discuss\u00e3o de mudan\u00e7as na administra\u00e7\u00e3o p\u00fablica, de projetos constru\u00eddos em conjunto e tamb\u00e9m para refor\u00e7ar o conceito que orienta a pr\u00e1tica inovadora nos servi\u00e7os p\u00fablicos, para que o Estado seja mais eficiente na entrega de resultados \u00e0 popula\u00e7\u00e3o.<\/p>\n\n\n\n<p>\u201cTemos trabalhado desde janeiro para o Paran\u00e1 remar para o mesmo lado, o mesmo destino. N\u00e3o \u00e0 toa geramos 60 mil novos empregos, temos a ind\u00fastria que mais cresce e atra\u00edmos R$ 17,96 bilh\u00f5es em investimentos privados. Os prefeitos precisam acompanhar o que o Estado vem fazendo, precisamos dessa sintonia\u201d, afirmou Ratinho Junior.<\/p>\n\n\n\n<p>Segundo ele, o Governo 5.0 tem como intuito final levar tecnologia para beneficiar a vida das pessoas e dar agilidade ao poder p\u00fablico. \u201c\u00c9 parte de um processo de constru\u00e7\u00e3o de um novo modelo de gest\u00e3o. Queremos fazer desse evento uma plataforma de parceria com os munic\u00edpios para aprender e escutar, para que a vida das pessoas seja impactada da prefeitura at\u00e9 o Governo\u201d, destacou.<\/p>\n\n\n\n<p>\u201cQueremos novas ideias, olhar o que o mundo vem fazendo, o que os pa\u00edses est\u00e3o fazendo para melhorar a qualidade de vida das pessoas. Dessa maneira vamos avan\u00e7ar ainda mais em educa\u00e7\u00e3o, regionalizar a sa\u00fade de maneira permanente e fomentar a pol\u00edtica de moderniza\u00e7\u00e3o do Estado\u201d, acrescentou o governador.<\/p>\n\n\n\n<p><strong>DESENVOLVIMENTO &#8211;&nbsp;<\/strong>Ao fazer um balan\u00e7o dos primeiros dez meses de governo, Ratinho Junior tamb\u00e9m destacou o trip\u00e9 que orienta o planejamento da atual administra\u00e7\u00e3o para alavancar o desenvolvimento socioecon\u00f4mico do Paran\u00e1: gest\u00e3o p\u00fablica eficiente, investimentos em infraestrutura e olhar social.<\/p>\n\n\n\n<p>PARCERIAS &#8211; O Governo 5.0 \u00e9 o primeiro evento desse porte em parceria com a Associa\u00e7\u00e3o dos Munic\u00edpios do Paran\u00e1 (AMP). \u201cO encontro discute governan\u00e7a e gest\u00e3o municipal. Quando se falou em tecnologia 4.0, internet e armazenamento na nuvem, n\u00e3o se imaginou como isso iria colaborar com a vida dos \u00f3rg\u00e3os p\u00fablicos. O Governo do Estado quer mais, quer transformar toda essa tecnologia na humaniza\u00e7\u00e3o das cidades\u201d, afirmou Darlan Scalco, prefeito de P\u00e9rola e presidente da AMP. \u201cQueremos transformar a vida das pessoas nos munic\u00edpios\u201d.<\/p>\n\n\n\n<p>O prefeito de Foz do Igua\u00e7u, cidade que recepcionou o evento, disse que o Governo 5.0 mostra que o Paran\u00e1 aposta no progresso e nas quest\u00f5es estrat\u00e9gicas do desenvolvimento regional. \u201cO Brasil passa a ter esse modelo como exemplo, temos que mostrar o nosso potencial e integrar todas as nossas for\u00e7as\u201d, ponderou Chico Brasileiro.<\/p>\n\n\n\n<p>Para Adalberto Xisto Pereira, presidente do Tribunal de Justi\u00e7a do Paran\u00e1, o evento \u00e9 fundamental para aprimorar a comunica\u00e7\u00e3o entre todos os \u00f3rg\u00e3os. \u201cSem comunica\u00e7\u00e3o n\u00e3o haveria progresso. Esse encontro \u00e9 uma prova disso. Viemos para discutir ideias inovadoras para melhorar os servi\u00e7os p\u00fablicos. Os principais marcos da hist\u00f3ria sempre estiveram ligados \u00e0 comunica\u00e7\u00e3o. Os munic\u00edpios est\u00e3o preocupados com essa integra\u00e7\u00e3o de tecnologia e de um di\u00e1logo planejado entre todos os \u00f3rg\u00e3os p\u00fablicos\u201d, afirmou.<\/p>\n\n\n\n<p>O intuito \u00e9 fortalecer as pontes, afirmou Ademar Traiano, presidente da Assembleia Legislativa. \u201cO evento pretende construir pontes permanentes. \u00c9 uma manifesta\u00e7\u00e3o inequ\u00edvoca da constru\u00e7\u00e3o de redes pensando no bem-estar no povo paranaense, um momento vital para a consolida\u00e7\u00e3o do Paran\u00e1\u201d, disse. O encontro Governo 5.0 \u00e9 uma parceria entre o Executivo Estadual, a Associa\u00e7\u00e3o dos Munic\u00edpios do Paran\u00e1 e a Assembleia Legislativa.<\/p>\n\n\n\n<p><strong>PARAN\u00c1 MAIS CIDADES &#8211;&nbsp;<\/strong>O Paran\u00e1 Mais Cidades, que recebeu recursos de R$ 351 milh\u00f5es, \u00e9 fruto de uma parceria entre o Governo do Estado e a Assembleia Legislativa. Os investimentos ser\u00e3o realizados com recursos do Tesouro Estadual e da devolu\u00e7\u00e3o dos recursos financeiros do exerc\u00edcio or\u00e7ament\u00e1rio do Legislativo.<\/p>\n\n\n\n<p>Dos R$ 351 milh\u00f5es, R$ 209 milh\u00f5es s\u00e3o de devolu\u00e7\u00e3o da Assembleia. O foco \u00e9 diminuir as desigualdades sociais e promover inclus\u00e3o. O programa foi desenvolvido pela Casa Civil do Governo do Estado e busca utilizar de maneira mais distribu\u00edda e estrat\u00e9gica os recursos que ser\u00e3o devolvidos pela Assembleia Legislativa neste ano \u2013 tradicionalmente, o Poder Legislativo remete ao Poder Executivo o que sobra da execu\u00e7\u00e3o or\u00e7ament\u00e1ria anual. A participa\u00e7\u00e3o dos deputados estaduais na constru\u00e7\u00e3o do programa permite an\u00e1lise mais adequada das necessidades dos prefeitos para potencializar esses investimentos.<\/p>\n\n\n\n<p><strong>PRESEN\u00c7AS &#8211;<\/strong>\u00a0Estiveram presentes no evento o conselheiro do Tribunal de Contas Fabio Camargo; o procurador-geral de Justi\u00e7a do Paran\u00e1, Ivonei Sfoggia; o conselheiro do Tribunal de Contas da Uni\u00e3o, Jos\u00e9 Augusto Nardes; representantes do G7; o diretor-geral brasileiro da Itaipu Binacional, Joaquim Luna e Silva; o presidente da Confedera\u00e7\u00e3o Nacional dos Munic\u00edpios, Glademir Aroldi; o deputado federal Ricardo Barros, deputados estaduais, prefeitos e vereadores de mais de 300 munic\u00edpios do Paran\u00e1.<\/p>\n\n\n\n<p>AEN<br><\/p>\n","protected":false},"excerpt":{"rendered":"<p>O governador Carlos Massa Ratinho Junior disse nesta quinta-feira (31), na abertura do encontro Governo 5.0, em Foz do Igua\u00e7u, que o planejamento do Estado para os pr\u00f3ximos anos ser\u00e1 feito a muitas m\u00e3os, em parceria com os munic\u00edpios, e que a inova\u00e7\u00e3o, o Novo Pensar e Novo Fazer, deve estar a servi\u00e7o de todos [&hellip;]<\/p>\n","protected":false},"author":2,"featured_media":22310,"comment_status":"open","ping_status":"open","sticky":false,"template":"","format":"standard","meta":{"advanced_seo_description":"","jetpack_seo_html_title":"","jetpack_seo_noindex":false,"_jetpack_memberships_contains_paid_content":false,"footnotes":""},"categories":[32],"tags":[],"class_list":{"0":"post-22309","1":"post","2":"type-post","3":"status-publish","4":"format-standard","5":"has-post-thumbnail","7":"category-politica"},"jetpack_featured_media_url":"https:\/\/www.paranapraia.com.br\/wp-content\/uploads\/2019\/10\/50.jpg","jetpack_sharing_enabled":true,"_links":{"self":[{"href":"https:\/\/www.paranapraia.com.br\/index.php\/wp-json\/wp\/v2\/posts\/22309"}],"collection":[{"href":"https:\/\/www.paranapraia.com.br\/index.php\/wp-json\/wp\/v2\/posts"}],"about":[{"href":"https:\/\/www.paranapraia.com.br\/index.php\/wp-json\/wp\/v2\/types\/post"}],"author":[{"embeddable":true,"href":"https:\/\/www.paranapraia.com.br\/index.php\/wp-json\/wp\/v2\/users\/2"}],"replies":[{"embeddable":true,"href":"https:\/\/www.paranapraia.com.br\/index.php\/wp-json\/wp\/v2\/comments?post=22309"}],"version-history":[{"count":1,"href":"https:\/\/www.paranapraia.com.br\/index.php\/wp-json\/wp\/v2\/posts\/22309\/revisions"}],"predecessor-version":[{"id":22311,"href":"https:\/\/www.paranapraia.com.br\/index.php\/wp-json\/wp\/v2\/posts\/22309\/revisions\/22311"}],"wp:featuredmedia":[{"embeddable":true,"href":"https:\/\/www.paranapraia.com.br\/index.php\/wp-json\/wp\/v2\/media\/22310"}],"wp:attachment":[{"href":"https:\/\/www.paranapraia.com.br\/index.php\/wp-json\/wp\/v2\/media?parent=22309"}],"wp:term":[{"taxonomy":"category","embeddable":true,"href":"https:\/\/www.paranapraia.com.br\/index.php\/wp-json\/wp\/v2\/categories?post=22309"},{"taxonomy":"post_tag","embeddable":true,"href":"https:\/\/www.paranapraia.com.br\/index.php\/wp-json\/wp\/v2\/tags?post=22309"}],"curies":[{"name":"wp","href":"https:\/\/api.w.org\/{rel}","templated":true}]}}