{"id":22302,"date":"2019-10-31T11:36:33","date_gmt":"2019-10-31T14:36:33","guid":{"rendered":"https:\/\/www.paranapraia.com.br\/?p=22302"},"modified":"2019-10-31T11:36:34","modified_gmt":"2019-10-31T14:36:34","slug":"com-acordo-de-delacao-premiada-leo-pinheiro-deve-pagar-r-45-milhoes-de-multas-e-reparacao-dos-danos","status":"publish","type":"post","link":"https:\/\/www.paranapraia.com.br\/index.php\/2019\/10\/31\/com-acordo-de-delacao-premiada-leo-pinheiro-deve-pagar-r-45-milhoes-de-multas-e-reparacao-dos-danos\/","title":{"rendered":"Com acordo de dela\u00e7\u00e3o premiada, L\u00e9o Pinheiro deve pagar R$ 45 milh\u00f5es de multas e repara\u00e7\u00e3o dos danos"},"content":{"rendered":"\n<h4 class=\"wp-block-heading\">Ex-empreiteiro da OAS foi condenado em cinco a\u00e7\u00f5es penais na Justi\u00e7a Federal do Paran\u00e1 relacionadas \u00e0 Opera\u00e7\u00e3o Lava Jato.<\/h4>\n\n\n\n<p>O acordo de dela\u00e7\u00e3o premiada de L\u00e9o Pinheiro, ex-presidente da construtora OAS, determina que ele pague a quantia de R$ 45 milh\u00f5es.\u00a0O empreiteiro foi condenado em cinco a\u00e7\u00f5es penais\u00a0na Justi\u00e7a Federal do Paran\u00e1 relacionadas \u00e0 Opera\u00e7\u00e3o Lava Jato.<\/p>\n\n\n\n<p>Este valor, segundo o acordo, ser\u00e1 dividido em tr\u00eas partes:<\/p>\n\n\n\n<ul class=\"wp-block-list\"><li>R$ 20 milh\u00f5es de multa<\/li><li>R$ 20 milh\u00f5es de repara\u00e7\u00e3o do dano<\/li><li>R$ 5 milh\u00f5es de multa penal<\/li><\/ul>\n\n\n\n<p>O acordo foi assinado em dezembro de 2018 pela ent\u00e3o procuradora-geral da Rep\u00fablica Raquel Dodge. Agora, os termos do acordo est\u00e3o dispon\u00edveis no processo eletr\u00f4nico da Justi\u00e7a Federal.<\/p>\n\n\n\n<p>L\u00e9o Pinheiro est\u00e1 em pris\u00e3o domiciliar desde 17 de setembro, com o uso de tornozeleira eletr\u00f4nica. Ele estava preso desde setembro de 2016.<\/p>\n\n\n\n<p>Antes de passar a cumprir pris\u00e3o domiciliar, o empreiteiro estava detido na carceragem da Pol\u00edcia Federal (PF), em Curitiba. O regime do empreiteiro progrediu devido a\u00a0homologa\u00e7\u00e3o da dela\u00e7\u00e3o premiada.<\/p>\n\n\n\n<p>O acordo prev\u00ea que L\u00e9o Pinheiro cumpra, em S\u00e3o Paulo (SP), cinco anos e tr\u00eas meses de reclus\u00e3o domiciliar.<\/p>\n\n\n\n<p>Depois, cumprir\u00e1 pena de cinco anos e tr\u00eas meses de reclus\u00e3o no regime semiaberto e mais cinco anos e dois meses no regime aberto.<\/p>\n\n\n\n<p>O&nbsp;<strong>G1<\/strong>&nbsp;tenta contato com a defesa de L\u00e9o Pinheiro.<\/p>\n\n\n\n<h2 class=\"wp-block-heading\">L\u00e9o Pinheiro diz que triplex \u00e9 de Lula<\/h2>\n\n\n\n<p>L\u00e9o Pinheiro fez acusa\u00e7\u00f5es contra o ex-presidente da Rep\u00fablica Luiz In\u00e1cio Lula da Silva \u2013 tamb\u00e9m condenado na Lava Jato \u2013 perante a Justi\u00e7a.\u00a0Ele afirmou que o triplex em Guaruj\u00e1, no litoral de S\u00e3o Paulo, pertencia a Lula.<\/p>\n\n\n\n<p>Lula nega as acusa\u00e7\u00f5es. O petista est\u00e1 preso,\u00a0desde abril do ano passado, na superintend\u00eancia da PF na capital paranaense.<\/p>\n\n\n\n<figure class=\"wp-block-image\"><img decoding=\"async\" src=\"https:\/\/s2.glbimg.com\/9-UNIvWHbxFmK7SNBncIz6p1LDQ=\/0x0:1032x774\/984x0\/smart\/filters:strip_icc()\/i.s3.glbimg.com\/v1\/AUTH_59edd422c0c84a879bd37670ae4f538a\/internal_photos\/bs\/2018\/h\/f\/yEbIgGRmiwjxndtTxjZg\/daf7d84b-7839-4bfd-926e-508a0a9cae66.jpg\" alt=\"L\u00e9o Pinheiro afirmou \u00e0 Justi\u00e7a que triplex, em Guaruj\u00e1 (SP), \u00e9 de Lula \u2014 Foto: Jo\u00e3o Amaro\/G1\"\/><\/figure>\n\n\n\n<p>L\u00e9o Pinheiro afirmou \u00e0 Justi\u00e7a que triplex, em Guaruj\u00e1 (SP), \u00e9 de Lula \u2014 Foto: Jo\u00e3o Amaro\/G1<\/p>\n\n\n\n<p>O ex-presidente j\u00e1 cumpre os requisitos necess\u00e1rios para progredir para o regime semiaberto.<\/p>\n\n\n\n<p>Contudo, a ju\u00edza federal Carolina Lebbos, respons\u00e1vel pela execu\u00e7\u00e3o penal de Lula, informou na quarta-feira (30) que\u00a0s\u00f3 vai decidir sobre a progress\u00e3o de pena do petista\u00a0depois do julgamento do Supremo Tribunal Federal (STF).<\/p>\n\n\n\n<p>Ele cumpre pena de 8 anos, 10 meses e 20 dias no caso do triplex. O ex-presidente foi condenado por corrup\u00e7\u00e3o e lavagem de dinheiro.<\/p>\n\n\n\n<p>Segundo a den\u00fancia do Minist\u00e9rio P\u00fablico Federal (MPF), Lula recebeu o im\u00f3vel como propina da construtora OAS para favorecer a empresa em contratos com a Petrobras. Lula afirma ser inocente.<\/p>\n\n\n\n<p>O ex-presidente atingiu 1\/6 da pena em 29 de setembro deste ano, conforme c\u00e1lculo do Conselho Nacional de Justi\u00e7a (CNJ), anexado ao processo da execu\u00e7\u00e3o penal.<\/p>\n\n\n\n<p>A defesa do ex-presidente havia pedido \u00e0 Justi\u00e7a, em 18 de outubro, que n\u00e3o houvesse mudan\u00e7a no regime de cumprimento de pena de Lula, como foi solicitado pelo MPF no fim de setembro.<\/p>\n\n\n\n<h2 class=\"wp-block-heading\">Dela\u00e7\u00e3o premiada homologada<\/h2>\n\n\n\n<p>Em 13 de setembro, foi divulgado que o ministro\u00a0Luiz Edson Fachin, relator da Opera\u00e7\u00e3o Lava Jato no STF,\u00a0homologou a dela\u00e7\u00e3o premiada de L\u00e9o Pinheiro.<\/p>\n\n\n\n<p>Com a homologa\u00e7\u00e3o, a Procuradoria-Geral da Rep\u00fablica (PGR) analisa os anexos da dela\u00e7\u00e3o e poder\u00e1 pedir a abertura de novas investiga\u00e7\u00f5es ou a inclus\u00e3o de depoimentos em inqu\u00e9ritos j\u00e1 abertos.<\/p>\n\n\n\n<p>G1PR<br><\/p>\n","protected":false},"excerpt":{"rendered":"<p>Ex-empreiteiro da OAS foi condenado em cinco a\u00e7\u00f5es penais na Justi\u00e7a Federal do Paran\u00e1 relacionadas \u00e0 Opera\u00e7\u00e3o Lava Jato. O acordo de dela\u00e7\u00e3o premiada de L\u00e9o Pinheiro, ex-presidente da construtora OAS, determina que ele pague a quantia de R$ 45 milh\u00f5es.\u00a0O empreiteiro foi condenado em cinco a\u00e7\u00f5es penais\u00a0na Justi\u00e7a Federal do Paran\u00e1 relacionadas \u00e0 Opera\u00e7\u00e3o [&hellip;]<\/p>\n","protected":false},"author":2,"featured_media":22304,"comment_status":"open","ping_status":"open","sticky":false,"template":"","format":"standard","meta":{"advanced_seo_description":"","jetpack_seo_html_title":"","jetpack_seo_noindex":false,"_jetpack_memberships_contains_paid_content":false,"footnotes":""},"categories":[32],"tags":[],"class_list":{"0":"post-22302","1":"post","2":"type-post","3":"status-publish","4":"format-standard","5":"has-post-thumbnail","7":"category-politica"},"jetpack_featured_media_url":"https:\/\/www.paranapraia.com.br\/wp-content\/uploads\/2019\/10\/leo.jpg","jetpack_sharing_enabled":true,"_links":{"self":[{"href":"https:\/\/www.paranapraia.com.br\/index.php\/wp-json\/wp\/v2\/posts\/22302"}],"collection":[{"href":"https:\/\/www.paranapraia.com.br\/index.php\/wp-json\/wp\/v2\/posts"}],"about":[{"href":"https:\/\/www.paranapraia.com.br\/index.php\/wp-json\/wp\/v2\/types\/post"}],"author":[{"embeddable":true,"href":"https:\/\/www.paranapraia.com.br\/index.php\/wp-json\/wp\/v2\/users\/2"}],"replies":[{"embeddable":true,"href":"https:\/\/www.paranapraia.com.br\/index.php\/wp-json\/wp\/v2\/comments?post=22302"}],"version-history":[{"count":1,"href":"https:\/\/www.paranapraia.com.br\/index.php\/wp-json\/wp\/v2\/posts\/22302\/revisions"}],"predecessor-version":[{"id":22305,"href":"https:\/\/www.paranapraia.com.br\/index.php\/wp-json\/wp\/v2\/posts\/22302\/revisions\/22305"}],"wp:featuredmedia":[{"embeddable":true,"href":"https:\/\/www.paranapraia.com.br\/index.php\/wp-json\/wp\/v2\/media\/22304"}],"wp:attachment":[{"href":"https:\/\/www.paranapraia.com.br\/index.php\/wp-json\/wp\/v2\/media?parent=22302"}],"wp:term":[{"taxonomy":"category","embeddable":true,"href":"https:\/\/www.paranapraia.com.br\/index.php\/wp-json\/wp\/v2\/categories?post=22302"},{"taxonomy":"post_tag","embeddable":true,"href":"https:\/\/www.paranapraia.com.br\/index.php\/wp-json\/wp\/v2\/tags?post=22302"}],"curies":[{"name":"wp","href":"https:\/\/api.w.org\/{rel}","templated":true}]}}