{"id":20540,"date":"2019-10-04T08:20:26","date_gmt":"2019-10-04T11:20:26","guid":{"rendered":"https:\/\/www.paranapraia.com.br\/?p=20540"},"modified":"2019-10-04T08:20:27","modified_gmt":"2019-10-04T11:20:27","slug":"parana-tem-59-casos-de-sarampo-confirmados-desde-o-inicio-de-2019-diz-secretaria-de-saude","status":"publish","type":"post","link":"https:\/\/www.paranapraia.com.br\/index.php\/2019\/10\/04\/parana-tem-59-casos-de-sarampo-confirmados-desde-o-inicio-de-2019-diz-secretaria-de-saude\/","title":{"rendered":"Paran\u00e1 tem 59 casos de sarampo confirmados desde o in\u00edcio de 2019, diz Secretaria de Sa\u00fade"},"content":{"rendered":"\n<h4 class=\"wp-block-heading\">Sesa confirmou 20 novos casos da doen\u00e7a no estado, segundo boletim divulgado nesta quinta-feira (3). Vacina est\u00e1 dispon\u00edvel de gra\u00e7a nos postos de sa\u00fade.<\/h4>\n\n\n\n<p>A Secretaria Estadual de Sa\u00fade (Sesa) confirmou 20 novos casos de sarampo no Paran\u00e1, segundo boletim divulgado nesta quinta-feira (3).<\/p>\n\n\n\n<p>O monitoramento registrou as novas ocorr\u00eancias entre 28 de julho a 28 de setembro. Desde o in\u00edcio do ano, o estado teve 59 confirma\u00e7\u00f5es da doen\u00e7a, 270 est\u00e3o em investiga\u00e7\u00e3o e 47 foram descartados.<\/p>\n\n\n\n<p>Segundo a secretaria, uma paciente de Curitiba com confirma\u00e7\u00e3o da doen\u00e7a est\u00e1 internada e o estado de sa\u00fade \u00e9 preocupante.<\/p>\n\n\n\n<p>O sarampo \u00e9 uma doen\u00e7a infecciosa, transmitida por v\u00edrus e que pode ser contra\u00edda por pessoas de qualquer idade. O v\u00edrus \u00e9 transmitido pela respira\u00e7\u00e3o, fala, tosse e espirro. As micropart\u00edculas virais ficam suspensas no ar, por isso o alto poder de cont\u00e1gio da doen\u00e7a, explicou a secretaria.<\/p>\n\n\n\n<h2 class=\"wp-block-heading\">Munic\u00edpios que registram ocorr\u00eancia da doen\u00e7a<\/h2>\n\n\n\n<ul class=\"wp-block-list\"><li>Campina Grande do Sul, na Regi\u00e3o Metropolitana de Curitiba (RMC): 1 caso;<\/li><li>Campo Largo, na RMC: 1;<\/li><li>Colombo, na RMC: 3;<\/li><li>Curitiba: 45;<\/li><li>Fazenda Rio Grande, RMC: 1;<\/li><li>Jacarezinho, no norte pioneiro: 1;<\/li><li>Pinhais, na RMC: 2;<\/li><li>Ponta Grossa, na regi\u00e3o dos Campos Gerais: 1;<\/li><li>Maring\u00e1, no norte: 2;<\/li><li>Rol\u00e2ndia, no norte: 1;<\/li><li>S\u00e3o Jos\u00e9 dos Pinhais, na RMC: 1.<\/li><\/ul>\n\n\n\n<p>Conforme o boletim, pessoas com idade entre 20 e 29 anos continuam sendo a maioria dos casos registrados de sarampo.<\/p>\n\n\n\n<h2 class=\"wp-block-heading\">Faixa et\u00e1ria de casos confirmados<\/h2>\n\n\n\n<ul class=\"wp-block-list\"><li>0 a 6 meses: 2<\/li><li>10 a 19 anos: 11<\/li><li>20 a 29 anos: 35<\/li><li>30 a 39 anos: 4<\/li><li>40 a 49 anos: 5<\/li><li>50 a 59 anos: 2<\/li><\/ul>\n\n\n\n<figure class=\"wp-block-image\"><img decoding=\"async\" src=\"https:\/\/s2.glbimg.com\/nS4USd28hpz6qzkuxXkEOzn1ccs=\/0x0:1600x2919\/984x0\/smart\/filters:strip_icc()\/i.s3.glbimg.com\/v1\/AUTH_59edd422c0c84a879bd37670ae4f538a\/internal_photos\/bs\/2018\/H\/E\/oB1AFcTYabwiO7Lx9abw\/sarampo.jpg\" alt=\"Entenda o que \u00e9 sarampo, quais os sintomas, como \u00e9 o tratamento e quem deve se vacinar  \u2014 Foto: Infografia: Karina Almeida\/G1\"\/><\/figure>\n\n\n\n<p>Entenda o que \u00e9 sarampo, quais os sintomas, como \u00e9 o tratamento e quem deve se vacinar \u2014 Foto: Infografia: Karina Almeida\/G1<\/p>\n\n\n\n<h2 class=\"wp-block-heading\">Vacina\u00e7\u00e3o contra o sarampo<\/h2>\n\n\n\n<p>A vacina contra o sarampo est\u00e1 dispon\u00edvel de gra\u00e7a nas unidades de sa\u00fade de todo o estado.<\/p>\n\n\n\n<p>A Sesa ressalta que a vacina n\u00e3o deve ser aplicada em crian\u00e7as menores de seis meses, gestantes e pacientes imunodeprimidos ou com rea\u00e7\u00e3o al\u00e9rgica grave ap\u00f3s dose pr\u00e9via ou ap\u00f3s contato com as subst\u00e2ncias que comp\u00f5em a vacina.<\/p>\n\n\n\n<p>\u00c9 recomendado tamb\u00e9m, conforme a secretaria, um intervalo de 30 dias ap\u00f3s a vacina para as mulheres que querem engravidar.<\/p>\n\n\n\n<p>O secret\u00e1rio de Sa\u00fade Beto Preto afirmou que o estado est\u00e1 em alerta extremo por causa da situa\u00e7\u00e3o do sarampo, pois trata-se de uma doen\u00e7a viral de f\u00e1cil transmiss\u00e3o. Al\u00e9m de &#8220;possibilidades s\u00e9rias de comprometimento da sa\u00fade do paciente&#8221;, disse.<\/p>\n\n\n\n<h2 class=\"wp-block-heading\">Campanha Nacional de Vacina\u00e7\u00e3o<\/h2>\n\n\n\n<p>A campanha de todo o Brasil contra o Sarampo come\u00e7a na segunda-feira (7) e est\u00e1 dividida em duas etapas.<\/p>\n\n\n\n<p>Segundo a Sesa, entre os dias 7 e 25 de outubro o objetivo \u00e9 ampliar a vacina\u00e7\u00e3o em crian\u00e7as de seis meses e menores de cinco anos, com o dia D em 19 de outubro.<\/p>\n\n\n\n<p>O grupo de adultos jovens, com idade entre 20 e 29 anos, \u00e9 o p\u00fablico-alvo da segunda etapa da campanha, que acontecer\u00e1 de 18 a 30 de novembro, com o dia D no dia 30.<\/p>\n\n\n\n<p>Beto Preto afirmou que a vacina\u00e7\u00e3o \u00e9 a \u00fanica forma de prevenir o sarampo. &#8220;O Minist\u00e9rio da Sa\u00fade promove esta campanha primeiramente com foco nas crian\u00e7as de seis meses a menores de cinco anos, mas importante salientar que todos que ainda n\u00e3o est\u00e3o vacinados tamb\u00e9m devem tomar as doses da vacina&#8221;, refor\u00e7ou.<br><\/p>\n","protected":false},"excerpt":{"rendered":"<p>Sesa confirmou 20 novos casos da doen\u00e7a no estado, segundo boletim divulgado nesta quinta-feira (3). Vacina est\u00e1 dispon\u00edvel de gra\u00e7a nos postos de sa\u00fade. A Secretaria Estadual de Sa\u00fade (Sesa) confirmou 20 novos casos de sarampo no Paran\u00e1, segundo boletim divulgado nesta quinta-feira (3). O monitoramento registrou as novas ocorr\u00eancias entre 28 de julho a [&hellip;]<\/p>\n","protected":false},"author":2,"featured_media":20542,"comment_status":"open","ping_status":"open","sticky":false,"template":"","format":"standard","meta":{"advanced_seo_description":"","jetpack_seo_html_title":"","jetpack_seo_noindex":false,"_jetpack_memberships_contains_paid_content":false,"footnotes":""},"categories":[50],"tags":[],"class_list":{"0":"post-20540","1":"post","2":"type-post","3":"status-publish","4":"format-standard","5":"has-post-thumbnail","7":"category-saude"},"jetpack_featured_media_url":"https:\/\/www.paranapraia.com.br\/wp-content\/uploads\/2019\/10\/saramppo.jpeg","jetpack_sharing_enabled":true,"_links":{"self":[{"href":"https:\/\/www.paranapraia.com.br\/index.php\/wp-json\/wp\/v2\/posts\/20540"}],"collection":[{"href":"https:\/\/www.paranapraia.com.br\/index.php\/wp-json\/wp\/v2\/posts"}],"about":[{"href":"https:\/\/www.paranapraia.com.br\/index.php\/wp-json\/wp\/v2\/types\/post"}],"author":[{"embeddable":true,"href":"https:\/\/www.paranapraia.com.br\/index.php\/wp-json\/wp\/v2\/users\/2"}],"replies":[{"embeddable":true,"href":"https:\/\/www.paranapraia.com.br\/index.php\/wp-json\/wp\/v2\/comments?post=20540"}],"version-history":[{"count":1,"href":"https:\/\/www.paranapraia.com.br\/index.php\/wp-json\/wp\/v2\/posts\/20540\/revisions"}],"predecessor-version":[{"id":20543,"href":"https:\/\/www.paranapraia.com.br\/index.php\/wp-json\/wp\/v2\/posts\/20540\/revisions\/20543"}],"wp:featuredmedia":[{"embeddable":true,"href":"https:\/\/www.paranapraia.com.br\/index.php\/wp-json\/wp\/v2\/media\/20542"}],"wp:attachment":[{"href":"https:\/\/www.paranapraia.com.br\/index.php\/wp-json\/wp\/v2\/media?parent=20540"}],"wp:term":[{"taxonomy":"category","embeddable":true,"href":"https:\/\/www.paranapraia.com.br\/index.php\/wp-json\/wp\/v2\/categories?post=20540"},{"taxonomy":"post_tag","embeddable":true,"href":"https:\/\/www.paranapraia.com.br\/index.php\/wp-json\/wp\/v2\/tags?post=20540"}],"curies":[{"name":"wp","href":"https:\/\/api.w.org\/{rel}","templated":true}]}}