{"id":20535,"date":"2019-10-04T08:18:29","date_gmt":"2019-10-04T11:18:29","guid":{"rendered":"https:\/\/www.paranapraia.com.br\/?p=20535"},"modified":"2019-10-04T08:18:29","modified_gmt":"2019-10-04T11:18:29","slug":"justica-fixa-fianca-de-r-30-milhoes-para-ex-gerente-da-petrobras-que-teve-sentenca-da-lava-jato-anulada-pelo-stf","status":"publish","type":"post","link":"https:\/\/www.paranapraia.com.br\/index.php\/2019\/10\/04\/justica-fixa-fianca-de-r-30-milhoes-para-ex-gerente-da-petrobras-que-teve-sentenca-da-lava-jato-anulada-pelo-stf\/","title":{"rendered":"Justi\u00e7a fixa fian\u00e7a de R$ 30 milh\u00f5es para ex-gerente da Petrobras que teve senten\u00e7a da Lava Jato anulada pelo STF"},"content":{"rendered":"\n<h4 class=\"wp-block-heading\">Ministro Luiz Edson Fachin mandou soltar Marcio de Almeida Ferreira, que est\u00e1 em regime semiaberto, nesta quarta-feira (a); quantia estava bloqueada para pagamento de repara\u00e7\u00e3o de danos e multa pela condena\u00e7\u00e3o.<\/h4>\n\n\n\n<p>A Justi\u00e7a Federal fixou de R$ 30 milh\u00f5es para o ex-gerente da Petrobras Marcio de Almeida Ferreira deixar o regime semiaberto. O ministro\u00a0Luiz Edson Fachin, do Supremo Tribunal Federal (STF),\u00a0mandou solt\u00e1-lo nesta quarta-feira (2)\u00a0depois da\u00a0anula\u00e7\u00e3o condena\u00e7\u00e3o dele na Opera\u00e7\u00e3o Lava Jato.<\/p>\n\n\n\n<p>A condena\u00e7\u00e3o foi anulada no julgamento que definiu que os\u00a0delatados devem ser os \u00faltimos a se manifestar em processos criminais.\u00a0O\u00a0<strong>G1<\/strong>\u00a0tenta contato com a defesa do ex-gerente da Petrobras.<\/p>\n\n\n\n<p>O valor da fian\u00e7a foi quitado nesta quinta. O ex-gerente tinha a quantia bloqueada judicialmente para garantir o pagamento da repara\u00e7\u00e3o de danos e da multa pela condena\u00e7\u00e3o. Ap\u00f3s a anula\u00e7\u00e3o, o processo volta para a fase das alega\u00e7\u00f5es finais.<\/p>\n\n\n\n<p>A ju\u00edza substituta Gabriela Hardt, da 13\u00aa Vara da Justi\u00e7a Federal, em Curitiba, arbitrou a fian\u00e7a com base em &#8220;graves fatos em tese praticados&#8221;, como corrup\u00e7\u00e3o e lavagem de dinheiro, e por ele manter cerca de US$ 15 milh\u00f5es em contas no exterior.<\/p>\n\n\n\n<p>Outras medidas cautelares foram impostas ao ex-gerente. Ferreira n\u00e3o poder\u00e1 deixar o Brasil, ter\u00e1 que informar o endere\u00e7o onde passar\u00e1 a morar e n\u00e3o poder\u00e1 mudar em informar a Justi\u00e7a, al\u00e9m de ficar proibido de movimentar contas no exterior.<\/p>\n\n\n\n<p>O ex-gerente da Petrobras est\u00e1 preso desde maio de 2017, mas progrediu para o regime semiaberto em abril deste ano. Ele foi condenado em primeira inst\u00e2ncia \u00e0 pena de dez anos e tr\u00eas meses de reclus\u00e3o por corrup\u00e7\u00e3o passiva e lavagem de dinheiro, depois reduzida para nove anos e dois meses.<\/p>\n\n\n\n<h2 class=\"wp-block-heading\">Anula\u00e7\u00e3o da senten\u00e7a e decis\u00e3o de Fachin<\/h2>\n\n\n\n<p>Por 6 a 5, a senten\u00e7a que condenou o ex-gerente na Opera\u00e7\u00e3o Lava Jato foi anulada na quarta-feira (2). O caso espec\u00edfico de Ferreira serviu de base para a decis\u00e3o sobre a tese.<\/p>\n\n\n\n<p>A decis\u00e3o tomada no julgamento vale apenas para Ferreira, mas cria uma jurisprud\u00eancia, uma interpreta\u00e7\u00e3o sobre o assunto pelo STF. O entendimento n\u00e3o ter\u00e1 aplica\u00e7\u00e3o obrigat\u00f3ria pelos demais tribunais, mas deve servir de orienta\u00e7\u00e3o para decis\u00f5es de ju\u00edzes, criando uma jurisprud\u00eancia.<\/p>\n\n\n\n<p>Ao determinar a soltura do ex-gerente da estatal, Fachin afirmou que, considerando o tempo da pris\u00e3o de Ferreira, a necessidade da retomada da fase de alega\u00e7\u00f5es finais e de uma nova senten\u00e7a em seu processo, a pris\u00e3o preventiva se tornou desproporcional.<\/p>\n\n\n\n<p>\u201cDepreendo que as especificidades do caso concreto desvelam a superveniente desproporcionalidade da pris\u00e3o preventiva\u201d, afirmou na decis\u00e3o.<\/p>\n\n\n\n<p>O julgamento do Supremo sobre o alcance da tese aprovada pelos ministros\u00a0ainda n\u00e3o foi terminou. O STF ainda deve estabelecer crit\u00e9rios para a aplica\u00e7\u00e3o da tese, o que ainda n\u00e3o tem data definida para ocorrer.<\/p>\n\n\n\n<p>G1PR<br><\/p>\n","protected":false},"excerpt":{"rendered":"<p>Ministro Luiz Edson Fachin mandou soltar Marcio de Almeida Ferreira, que est\u00e1 em regime semiaberto, nesta quarta-feira (a); quantia estava bloqueada para pagamento de repara\u00e7\u00e3o de danos e multa pela condena\u00e7\u00e3o. A Justi\u00e7a Federal fixou de R$ 30 milh\u00f5es para o ex-gerente da Petrobras Marcio de Almeida Ferreira deixar o regime semiaberto. O ministro\u00a0Luiz Edson [&hellip;]<\/p>\n","protected":false},"author":2,"featured_media":20536,"comment_status":"open","ping_status":"open","sticky":false,"template":"","format":"standard","meta":{"advanced_seo_description":"","jetpack_seo_html_title":"","jetpack_seo_noindex":false,"_jetpack_memberships_contains_paid_content":false,"footnotes":""},"categories":[32],"tags":[],"class_list":{"0":"post-20535","1":"post","2":"type-post","3":"status-publish","4":"format-standard","5":"has-post-thumbnail","7":"category-politica"},"jetpack_featured_media_url":"https:\/\/www.paranapraia.com.br\/wp-content\/uploads\/2019\/10\/fac.jpg","jetpack_sharing_enabled":true,"_links":{"self":[{"href":"https:\/\/www.paranapraia.com.br\/index.php\/wp-json\/wp\/v2\/posts\/20535"}],"collection":[{"href":"https:\/\/www.paranapraia.com.br\/index.php\/wp-json\/wp\/v2\/posts"}],"about":[{"href":"https:\/\/www.paranapraia.com.br\/index.php\/wp-json\/wp\/v2\/types\/post"}],"author":[{"embeddable":true,"href":"https:\/\/www.paranapraia.com.br\/index.php\/wp-json\/wp\/v2\/users\/2"}],"replies":[{"embeddable":true,"href":"https:\/\/www.paranapraia.com.br\/index.php\/wp-json\/wp\/v2\/comments?post=20535"}],"version-history":[{"count":1,"href":"https:\/\/www.paranapraia.com.br\/index.php\/wp-json\/wp\/v2\/posts\/20535\/revisions"}],"predecessor-version":[{"id":20537,"href":"https:\/\/www.paranapraia.com.br\/index.php\/wp-json\/wp\/v2\/posts\/20535\/revisions\/20537"}],"wp:featuredmedia":[{"embeddable":true,"href":"https:\/\/www.paranapraia.com.br\/index.php\/wp-json\/wp\/v2\/media\/20536"}],"wp:attachment":[{"href":"https:\/\/www.paranapraia.com.br\/index.php\/wp-json\/wp\/v2\/media?parent=20535"}],"wp:term":[{"taxonomy":"category","embeddable":true,"href":"https:\/\/www.paranapraia.com.br\/index.php\/wp-json\/wp\/v2\/categories?post=20535"},{"taxonomy":"post_tag","embeddable":true,"href":"https:\/\/www.paranapraia.com.br\/index.php\/wp-json\/wp\/v2\/tags?post=20535"}],"curies":[{"name":"wp","href":"https:\/\/api.w.org\/{rel}","templated":true}]}}