{"id":20511,"date":"2019-10-03T15:33:27","date_gmt":"2019-10-03T18:33:27","guid":{"rendered":"https:\/\/www.paranapraia.com.br\/?p=20511"},"modified":"2019-10-03T15:33:33","modified_gmt":"2019-10-03T18:33:33","slug":"criancas-estupradas-por-grupo-de-pedofilos-eram-levadas-vendadas-para-locais-dos-abusos","status":"publish","type":"post","link":"https:\/\/www.paranapraia.com.br\/index.php\/2019\/10\/03\/criancas-estupradas-por-grupo-de-pedofilos-eram-levadas-vendadas-para-locais-dos-abusos\/","title":{"rendered":"Crian\u00e7as estupradas por grupo de ped\u00f3filos eram levadas vendadas para locais dos abusos"},"content":{"rendered":"\n<p>A duas crian\u00e7as estupradas por um grupo de ped\u00f3filos durante cerca de tr\u00eas anos e \u201cagenciadas\u201d pelo pai e av\u00f4 eram levadas para os locais dos abusos vendadas e com fitas adesivas tapando suas bocas. De acordo com den\u00fancia do Minist\u00e9rio P\u00fablico estadual do Rio, os estupros aconteciam em locais de encontros de apreciadores carros antigos e em duas casas abandonadas na Zona Norte do Rio. O coronel reformado da PM Pedro Chavarry Duarte, j\u00e1 condenado por estuprar uma menina de 2 anos, \u00e9 acusado de envolvimento com o grupo.<\/p>\n\n\n\n<p>Ao todo, 11 pessoas foram denunciadas pelo MP estadual pelo crime de estupro de vulner\u00e1vel e respondem a um processo. Nove deles est\u00e3o presos e dois, foragidos. De acordo com as investiga\u00e7\u00f5es da Delegacia da Crian\u00e7a e Adolescente V\u00edtima (DCAV), o pai e av\u00f4 das crian\u00e7as eram os respons\u00e1veis por lev\u00e1-los para os encontros de carros e para as casas onde ocorriam os abusos.<\/p>\n\n\n\n<p>Em depoimento \u00e0 pol\u00edcia, testemunhas relataram que as v\u00edtimas apanhavam e eram amea\u00e7adas para que n\u00e3o contassem sobre os crimes. O av\u00f4, segundo os depoimentos, ainda filmava os estupros. Exame de corpo de delito no Instituto M\u00e9dico Legal constatou que a crian\u00e7a v\u00edtima dos estupros j\u00e1 n\u00e3o era mais virgem. Tamb\u00e9m foi constatado que ela foi agredida.<\/p>\n\n\n\n<p>As investiga\u00e7\u00f5es da DCAV revelaram que o pai e o av\u00f4 abusavam das crian\u00e7as e passaram a \u201cagenci\u00e1-las\u201d. Os irm\u00e3os eram estuprados pelos dois tamb\u00e9m na pr\u00f3pria casa da fam\u00edlia, na resid\u00eancia do av\u00f4 e no carro do pai. A primeira audi\u00eancia do caso foi marcada para o pr\u00f3ximo dia 7, quando as v\u00edtimas ser\u00e3o ouvidas.<\/p>\n\n\n\n<p>As\u00a0investiga\u00e7\u00f5es come\u00e7aram\u00a0depois que um parente de uma das v\u00edtimas procurou a delegacia. A crian\u00e7a reconheceu Chavarry em uma das reportagens veiculadas na imprensa sobre sua primeira pris\u00e3o e acabou revelando que j\u00e1 havia sido estuprada pelo militar. A partir da\u00ed, a v\u00edtima relatou o envolvimento de seu pai e de seu av\u00f4, acusados n\u00e3o s\u00f3 de estupr\u00e1-la mas tamb\u00e9m de receber pagamento de homens que mantinham rela\u00e7\u00f5es sexuais com ela e seu irm\u00e3o. Os abusos sofridos pelas v\u00edtimas duraram ao menos tr\u00eas anos, de 2016 a 2019.<\/p>\n\n\n\n<p>O coronel Pedro Chavarry \u00e9 acusado de ter estuprado os dois irm\u00e3os dentro de seu pr\u00f3prio ve\u00edculo e tamb\u00e9m nos locais de encontro de carros antigos. Segundo a investiga\u00e7\u00e3o, os abusos aconteceram antes de sua primeira pris\u00e3o. Em 2016, ele foi flagrado em seu carro com uma menina de dois anos. Ela estava nua e com a calcinha revirada. O militar foi autuado em flagrante por estupro de vulner\u00e1vel e j\u00e1 foi condenado pelo crime.<\/p>\n\n\n\n<p>Chavarry ainda integra os quadros da PM e recebe sal\u00e1rio do estado. Em agosto, ele ganhou R$ 34 mil brutos. Apenas em abril deste ano, dois anos e sete meses ap\u00f3s a pris\u00e3o de Chavarry, a PM concluiu o processo disciplinar contra o coronel e pediu a sua demiss\u00e3o. Ele est\u00e1 respondendo a um Conselho de Justifica\u00e7\u00e3o na Justi\u00e7a, que pode resultar em sua demiss\u00e3o. <\/p>\n\n\n\n<p>Extra<\/p>\n\n\n\n<p><br><\/p>\n\n\n\n<p><br><br><\/p>\n","protected":false},"excerpt":{"rendered":"<p>A duas crian\u00e7as estupradas por um grupo de ped\u00f3filos durante cerca de tr\u00eas anos e \u201cagenciadas\u201d pelo pai e av\u00f4 eram levadas para os locais dos abusos vendadas e com fitas adesivas tapando suas bocas. De acordo com den\u00fancia do Minist\u00e9rio P\u00fablico estadual do Rio, os estupros aconteciam em locais de encontros de apreciadores carros [&hellip;]<\/p>\n","protected":false},"author":2,"featured_media":20512,"comment_status":"open","ping_status":"open","sticky":false,"template":"","format":"standard","meta":{"advanced_seo_description":"","jetpack_seo_html_title":"","jetpack_seo_noindex":false,"_jetpack_memberships_contains_paid_content":false,"footnotes":""},"categories":[33],"tags":[],"class_list":{"0":"post-20511","1":"post","2":"type-post","3":"status-publish","4":"format-standard","5":"has-post-thumbnail","7":"category-policia"},"jetpack_featured_media_url":"https:\/\/www.paranapraia.com.br\/wp-content\/uploads\/2019\/10\/pedol.jpg","jetpack_sharing_enabled":true,"_links":{"self":[{"href":"https:\/\/www.paranapraia.com.br\/index.php\/wp-json\/wp\/v2\/posts\/20511"}],"collection":[{"href":"https:\/\/www.paranapraia.com.br\/index.php\/wp-json\/wp\/v2\/posts"}],"about":[{"href":"https:\/\/www.paranapraia.com.br\/index.php\/wp-json\/wp\/v2\/types\/post"}],"author":[{"embeddable":true,"href":"https:\/\/www.paranapraia.com.br\/index.php\/wp-json\/wp\/v2\/users\/2"}],"replies":[{"embeddable":true,"href":"https:\/\/www.paranapraia.com.br\/index.php\/wp-json\/wp\/v2\/comments?post=20511"}],"version-history":[{"count":1,"href":"https:\/\/www.paranapraia.com.br\/index.php\/wp-json\/wp\/v2\/posts\/20511\/revisions"}],"predecessor-version":[{"id":20513,"href":"https:\/\/www.paranapraia.com.br\/index.php\/wp-json\/wp\/v2\/posts\/20511\/revisions\/20513"}],"wp:featuredmedia":[{"embeddable":true,"href":"https:\/\/www.paranapraia.com.br\/index.php\/wp-json\/wp\/v2\/media\/20512"}],"wp:attachment":[{"href":"https:\/\/www.paranapraia.com.br\/index.php\/wp-json\/wp\/v2\/media?parent=20511"}],"wp:term":[{"taxonomy":"category","embeddable":true,"href":"https:\/\/www.paranapraia.com.br\/index.php\/wp-json\/wp\/v2\/categories?post=20511"},{"taxonomy":"post_tag","embeddable":true,"href":"https:\/\/www.paranapraia.com.br\/index.php\/wp-json\/wp\/v2\/tags?post=20511"}],"curies":[{"name":"wp","href":"https:\/\/api.w.org\/{rel}","templated":true}]}}