{"id":20508,"date":"2019-10-03T13:48:37","date_gmt":"2019-10-03T16:48:37","guid":{"rendered":"https:\/\/www.paranapraia.com.br\/?p=20508"},"modified":"2019-10-03T13:48:38","modified_gmt":"2019-10-03T16:48:38","slug":"prf-apreende-246-celulares-importados-irregularmente-em-carro-na-br-116-em-sao-jose-dos-pinhais","status":"publish","type":"post","link":"https:\/\/www.paranapraia.com.br\/index.php\/2019\/10\/03\/prf-apreende-246-celulares-importados-irregularmente-em-carro-na-br-116-em-sao-jose-dos-pinhais\/","title":{"rendered":"PRF apreende 246 celulares importados irregularmente em carro na BR-116, em S\u00e3o Jos\u00e9 dos Pinhais"},"content":{"rendered":"\n<h4 class=\"wp-block-heading\">Al\u00e9m dos aparelhos, pol\u00edcia apreendeu rel\u00f3gios e carretilhas de pesca. Motorista e passageiro do ve\u00edculo foram autuados pelo crime de descaminho.<\/h4>\n\n\n\n<p>A Pol\u00edcia Rodovi\u00e1ria Federal (PRF) apreendeu 246 celulares importados irregularmente que eram transportados em um carro na BR-116, em S\u00e3o Jos\u00e9 dos Pinhais, na Regi\u00e3o Metropolitana de Curitiba, na noite desta quarta-feira (2).<\/p>\n\n\n\n<p>De acordo com a PRF, o carro foi parado para uma abordagem de rotina e os agentes encontraram os aparelhos.<\/p>\n\n\n\n<p>Os celulares foram apreendidos porque os dois homens que estavam no carro n\u00e3o apresentaram as notas fiscais dos produtos. Os agentes encontraram tamb\u00e9m rel\u00f3gios e carretilhas de pesca sem documenta\u00e7\u00e3o.<\/p>\n\n\n\n<p>O carro e os produtos foram encaminhados \u00e0 Receita Federal, e os dois homens foram autuados pelo crime de descaminho.<\/p>\n\n\n\n<p>G1PR<br><\/p>\n","protected":false},"excerpt":{"rendered":"<p>Al\u00e9m dos aparelhos, pol\u00edcia apreendeu rel\u00f3gios e carretilhas de pesca. Motorista e passageiro do ve\u00edculo foram autuados pelo crime de descaminho. A Pol\u00edcia Rodovi\u00e1ria Federal (PRF) apreendeu 246 celulares importados irregularmente que eram transportados em um carro na BR-116, em S\u00e3o Jos\u00e9 dos Pinhais, na Regi\u00e3o Metropolitana de Curitiba, na noite desta quarta-feira (2). De [&hellip;]<\/p>\n","protected":false},"author":2,"featured_media":20509,"comment_status":"open","ping_status":"open","sticky":false,"template":"","format":"standard","meta":{"advanced_seo_description":"","jetpack_seo_html_title":"","jetpack_seo_noindex":false,"_jetpack_memberships_contains_paid_content":false,"footnotes":""},"categories":[33],"tags":[],"class_list":{"0":"post-20508","1":"post","2":"type-post","3":"status-publish","4":"format-standard","5":"has-post-thumbnail","7":"category-policia"},"jetpack_featured_media_url":"https:\/\/www.paranapraia.com.br\/wp-content\/uploads\/2019\/10\/cel.jpeg","jetpack_sharing_enabled":true,"_links":{"self":[{"href":"https:\/\/www.paranapraia.com.br\/index.php\/wp-json\/wp\/v2\/posts\/20508"}],"collection":[{"href":"https:\/\/www.paranapraia.com.br\/index.php\/wp-json\/wp\/v2\/posts"}],"about":[{"href":"https:\/\/www.paranapraia.com.br\/index.php\/wp-json\/wp\/v2\/types\/post"}],"author":[{"embeddable":true,"href":"https:\/\/www.paranapraia.com.br\/index.php\/wp-json\/wp\/v2\/users\/2"}],"replies":[{"embeddable":true,"href":"https:\/\/www.paranapraia.com.br\/index.php\/wp-json\/wp\/v2\/comments?post=20508"}],"version-history":[{"count":1,"href":"https:\/\/www.paranapraia.com.br\/index.php\/wp-json\/wp\/v2\/posts\/20508\/revisions"}],"predecessor-version":[{"id":20510,"href":"https:\/\/www.paranapraia.com.br\/index.php\/wp-json\/wp\/v2\/posts\/20508\/revisions\/20510"}],"wp:featuredmedia":[{"embeddable":true,"href":"https:\/\/www.paranapraia.com.br\/index.php\/wp-json\/wp\/v2\/media\/20509"}],"wp:attachment":[{"href":"https:\/\/www.paranapraia.com.br\/index.php\/wp-json\/wp\/v2\/media?parent=20508"}],"wp:term":[{"taxonomy":"category","embeddable":true,"href":"https:\/\/www.paranapraia.com.br\/index.php\/wp-json\/wp\/v2\/categories?post=20508"},{"taxonomy":"post_tag","embeddable":true,"href":"https:\/\/www.paranapraia.com.br\/index.php\/wp-json\/wp\/v2\/tags?post=20508"}],"curies":[{"name":"wp","href":"https:\/\/api.w.org\/{rel}","templated":true}]}}