{"id":20504,"date":"2019-10-03T13:45:43","date_gmt":"2019-10-03T16:45:43","guid":{"rendered":"https:\/\/www.paranapraia.com.br\/?p=20504"},"modified":"2019-10-03T13:45:45","modified_gmt":"2019-10-03T16:45:45","slug":"alep-promulga-reajuste-de-494-nos-salarios-de-servidores-do-legislativo-e-judiciario","status":"publish","type":"post","link":"https:\/\/www.paranapraia.com.br\/index.php\/2019\/10\/03\/alep-promulga-reajuste-de-494-nos-salarios-de-servidores-do-legislativo-e-judiciario\/","title":{"rendered":"Alep promulga reajuste de 4,94% nos sal\u00e1rios de servidores do Legislativo e Judici\u00e1rio"},"content":{"rendered":"\n<h4 class=\"wp-block-heading\">Aumento foi assinado pelo presidente da Assembleia ap\u00f3s vencer o prazo para san\u00e7\u00e3o ou veto do governador. Valor \u00e9 retroativo a 1\u00ba de maio de 2019.<\/h4>\n\n\n\n<p>O presidente da Assembleia Legislativa do Paran\u00e1 (Alep), Ademar Traiano, promulgou, nesta quarta-feira (2), o reajuste de 4,94% nos sal\u00e1rios dos servidores dos poderes Legislativo e Judici\u00e1rio do estado.<\/p>\n\n\n\n<p>O aumento, v\u00e1lido para os servidores da Alep, do Tribunal de Contas do Estado do Paran\u00e1 (TCE-PR), Defensoria P\u00fablica, Minist\u00e9rio P\u00fablico do Paran\u00e1 (MP-PR) e do Tribunal de Justi\u00e7a do Paran\u00e1 (TJ-PR),\u00a0foi aprovado pelos deputados no in\u00edcio de setembro.<\/p>\n\n\n\n<p>Os projetos de lei que determinam os aumentos foram enviados para san\u00e7\u00e3o ou veto do governador Ratinho Junior, mas o prazo de 15 dias para manifesta\u00e7\u00e3o do poder executivo expirou sem uma decis\u00e3o do governador e o projeto voltou para a Alep para ser promulgado.<\/p>\n\n\n\n<p>Segundo a Assembl\u00e9ia, o valor da recomposi\u00e7\u00e3o corresponde \u00e0 infla\u00e7\u00e3o acumulada em um ano. O reajuste tamb\u00e9m vale para servidores inativos e para cargos em comiss\u00e3o.<\/p>\n\n\n\n<p>Conforme as propostas, o valor reajustado dever\u00e1 ser pago retroativo a 1\u00ba de maio de 2019.<\/p>\n\n\n\n<h2 class=\"wp-block-heading\">Reajuste do executivo<\/h2>\n\n\n\n<p>O projeto de reajuste dos servidores do Poder Executivo foi sancionado pelo governador no dia 30 de agosto.<\/p>\n\n\n\n<p>Diferente dos servidores dos outros poderes,\u00a0a proposta aprovada\u00a0determinou o pagamento de 5,08% de forma parcelada. A primeira, de 2%, ser\u00e1 paga em janeiro de 2020. As outras duas, de 1,5%, ficaram para janeiro de 2021 e janeiro de 2022, condicionadas \u00e0 disponibilidade no or\u00e7amento.<\/p>\n\n\n\n<p>Durante as negocia\u00e7\u00f5es,\u00a0os servidores do Executivo reivindicaram o mesmo reajuste aplicado para os funcion\u00e1rios do Legislativo e Judici\u00e1rio.<\/p>\n\n\n\n<p>G1PR<br><\/p>\n","protected":false},"excerpt":{"rendered":"<p>Aumento foi assinado pelo presidente da Assembleia ap\u00f3s vencer o prazo para san\u00e7\u00e3o ou veto do governador. Valor \u00e9 retroativo a 1\u00ba de maio de 2019. O presidente da Assembleia Legislativa do Paran\u00e1 (Alep), Ademar Traiano, promulgou, nesta quarta-feira (2), o reajuste de 4,94% nos sal\u00e1rios dos servidores dos poderes Legislativo e Judici\u00e1rio do estado. [&hellip;]<\/p>\n","protected":false},"author":2,"featured_media":20505,"comment_status":"open","ping_status":"open","sticky":false,"template":"","format":"standard","meta":{"advanced_seo_description":"","jetpack_seo_html_title":"","jetpack_seo_noindex":false,"_jetpack_memberships_contains_paid_content":false,"footnotes":""},"categories":[32],"tags":[],"class_list":{"0":"post-20504","1":"post","2":"type-post","3":"status-publish","4":"format-standard","5":"has-post-thumbnail","7":"category-politica"},"jetpack_featured_media_url":"https:\/\/www.paranapraia.com.br\/wp-content\/uploads\/2019\/10\/sindi.jpg","jetpack_sharing_enabled":true,"_links":{"self":[{"href":"https:\/\/www.paranapraia.com.br\/index.php\/wp-json\/wp\/v2\/posts\/20504"}],"collection":[{"href":"https:\/\/www.paranapraia.com.br\/index.php\/wp-json\/wp\/v2\/posts"}],"about":[{"href":"https:\/\/www.paranapraia.com.br\/index.php\/wp-json\/wp\/v2\/types\/post"}],"author":[{"embeddable":true,"href":"https:\/\/www.paranapraia.com.br\/index.php\/wp-json\/wp\/v2\/users\/2"}],"replies":[{"embeddable":true,"href":"https:\/\/www.paranapraia.com.br\/index.php\/wp-json\/wp\/v2\/comments?post=20504"}],"version-history":[{"count":1,"href":"https:\/\/www.paranapraia.com.br\/index.php\/wp-json\/wp\/v2\/posts\/20504\/revisions"}],"predecessor-version":[{"id":20506,"href":"https:\/\/www.paranapraia.com.br\/index.php\/wp-json\/wp\/v2\/posts\/20504\/revisions\/20506"}],"wp:featuredmedia":[{"embeddable":true,"href":"https:\/\/www.paranapraia.com.br\/index.php\/wp-json\/wp\/v2\/media\/20505"}],"wp:attachment":[{"href":"https:\/\/www.paranapraia.com.br\/index.php\/wp-json\/wp\/v2\/media?parent=20504"}],"wp:term":[{"taxonomy":"category","embeddable":true,"href":"https:\/\/www.paranapraia.com.br\/index.php\/wp-json\/wp\/v2\/categories?post=20504"},{"taxonomy":"post_tag","embeddable":true,"href":"https:\/\/www.paranapraia.com.br\/index.php\/wp-json\/wp\/v2\/tags?post=20504"}],"curies":[{"name":"wp","href":"https:\/\/api.w.org\/{rel}","templated":true}]}}