{"id":20496,"date":"2019-10-03T13:35:09","date_gmt":"2019-10-03T16:35:09","guid":{"rendered":"https:\/\/www.paranapraia.com.br\/?p=20496"},"modified":"2019-10-03T13:35:14","modified_gmt":"2019-10-03T16:35:14","slug":"suspeito-de-produzir-e-divulgar-pornografia-infantil-na-internet-e-preso-em-curitiba","status":"publish","type":"post","link":"https:\/\/www.paranapraia.com.br\/index.php\/2019\/10\/03\/suspeito-de-produzir-e-divulgar-pornografia-infantil-na-internet-e-preso-em-curitiba\/","title":{"rendered":"Suspeito de produzir e divulgar pornografia infantil na internet \u00e9 preso, em Curitiba"},"content":{"rendered":"\n<h4 class=\"wp-block-heading\">Pris\u00e3o em flagrante foi efetuada pela Pol\u00edcia Federal nesta quinta-feira (3). Homem de 31 anos \u00e9 parente de crian\u00e7a de nove anos que aparece nas imagens, de acordo com a PF.<\/h4>\n\n\n\n<p>Um homem suspeito de produzir e divulgar pornografia infantil foi preso em flagrante nesta quinta-feira (3), em Curitiba, de acordo com a Pol\u00edcia Federal (PF).<\/p>\n\n\n\n<p>A investiga\u00e7\u00e3o que levou \u00e0 pris\u00e3o do suspeito, de 31 anos, come\u00e7ou por meio de uma coopera\u00e7\u00e3o internacional. Foi informado \u00e0 PF que imagens de pornografia infantil estavam sendo enviadas do Brasil.<\/p>\n\n\n\n<p>Ent\u00e3o, descobriu-se que o suspeito morava em Curitiba e era respons\u00e1vel pela produ\u00e7\u00e3o de parte das imagens. Com ele, segundo a PF, foram apreendidos arquivos de pornografia infantil.<\/p>\n\n\n\n<h2 class=\"wp-block-heading\">Parente da v\u00edtima<\/h2>\n\n\n\n<p>A crian\u00e7a de nove anos que aparece nas imagens foi identificada. Conforme a PF, a v\u00edtima \u00e9 parente do suspeito. A PF informou que a fam\u00edlia da crian\u00e7a confiava no suspeito, por isso ele tinha acesso \u00e0 casa da v\u00edtima.<\/p>\n\n\n\n<p>A v\u00edtima foi encaminhada ao N\u00facleo de Prote\u00e7\u00e3o \u00e0 Crian\u00e7a e ao Adolescente (Nucria) para que receba o atendimento especializado, feito por uma equipe multidisciplinar, com psic\u00f3logos e profissionais da sa\u00fade.<\/p>\n\n\n\n<h2 class=\"wp-block-heading\">Material apreendido<\/h2>\n\n\n\n<p>Os dois mandados de busca e apreens\u00e3o, que acabaram resultando na pris\u00e3o em flagrante, foram expedidos pela 1\u00aa Unidade de Apoio de Curitiba da Justi\u00e7a Federal.<\/p>\n\n\n\n<p>Os equipamentos de inform\u00e1tica apreendidos pela PF com o suspeito v\u00e3o passar por per\u00edcia t\u00e9cnica. O homem foi encaminhado para a Superintend\u00eancia da Pol\u00edcia Federal.<\/p>\n\n\n\n<p>Se as suspeitas forem confirmadas, e se o homem for condenado, a pena pode chegar a 18 anos de pris\u00e3o. A PF ressalta ainda que, caso seja identificado e comprovado o crime de estupro de vulner\u00e1vel, o tempo de reclus\u00e3o pode ser de at\u00e9 33 anos.<\/p>\n\n\n\n<figure class=\"wp-block-image\"><img decoding=\"async\" src=\"https:\/\/s2.glbimg.com\/ObgBhL_c3RH-dSHr-EEkkJxLB5s=\/0x0:1280x720\/984x0\/smart\/filters:strip_icc()\/i.s3.glbimg.com\/v1\/AUTH_59edd422c0c84a879bd37670ae4f538a\/internal_photos\/bs\/2019\/K\/M\/TPMBpzSg6gFwHUfy3BUQ\/suspeito-mora-em-curitiba-investigacao-comecou-por-meio-de-cooperacao-internacional.jpg\" alt=\"Suspeito mora em Curitiba; investiga\u00e7\u00e3o come\u00e7ou por meio de coopera\u00e7\u00e3o internacional \u2014 Foto: Pol\u00edcia Federal\/Divulga\u00e7\u00e3o\"\/><\/figure>\n\n\n\n<p>Suspeito mora em Curitiba; investiga\u00e7\u00e3o come\u00e7ou por meio de coopera\u00e7\u00e3o internacional \u2014 Foto: Pol\u00edcia Federal\/Divulga\u00e7\u00e3o<\/p>\n\n\n\n<p>G1PR<br><\/p>\n\n\n\n<p><br><\/p>\n","protected":false},"excerpt":{"rendered":"<p>Pris\u00e3o em flagrante foi efetuada pela Pol\u00edcia Federal nesta quinta-feira (3). Homem de 31 anos \u00e9 parente de crian\u00e7a de nove anos que aparece nas imagens, de acordo com a PF. Um homem suspeito de produzir e divulgar pornografia infantil foi preso em flagrante nesta quinta-feira (3), em Curitiba, de acordo com a Pol\u00edcia Federal [&hellip;]<\/p>\n","protected":false},"author":2,"featured_media":20498,"comment_status":"open","ping_status":"open","sticky":false,"template":"","format":"standard","meta":{"advanced_seo_description":"","jetpack_seo_html_title":"","jetpack_seo_noindex":false,"_jetpack_memberships_contains_paid_content":false,"footnotes":""},"categories":[33],"tags":[],"class_list":{"0":"post-20496","1":"post","2":"type-post","3":"status-publish","4":"format-standard","5":"has-post-thumbnail","7":"category-policia"},"jetpack_featured_media_url":"https:\/\/www.paranapraia.com.br\/wp-content\/uploads\/2019\/10\/susp.jpg","jetpack_sharing_enabled":true,"_links":{"self":[{"href":"https:\/\/www.paranapraia.com.br\/index.php\/wp-json\/wp\/v2\/posts\/20496"}],"collection":[{"href":"https:\/\/www.paranapraia.com.br\/index.php\/wp-json\/wp\/v2\/posts"}],"about":[{"href":"https:\/\/www.paranapraia.com.br\/index.php\/wp-json\/wp\/v2\/types\/post"}],"author":[{"embeddable":true,"href":"https:\/\/www.paranapraia.com.br\/index.php\/wp-json\/wp\/v2\/users\/2"}],"replies":[{"embeddable":true,"href":"https:\/\/www.paranapraia.com.br\/index.php\/wp-json\/wp\/v2\/comments?post=20496"}],"version-history":[{"count":1,"href":"https:\/\/www.paranapraia.com.br\/index.php\/wp-json\/wp\/v2\/posts\/20496\/revisions"}],"predecessor-version":[{"id":20499,"href":"https:\/\/www.paranapraia.com.br\/index.php\/wp-json\/wp\/v2\/posts\/20496\/revisions\/20499"}],"wp:featuredmedia":[{"embeddable":true,"href":"https:\/\/www.paranapraia.com.br\/index.php\/wp-json\/wp\/v2\/media\/20498"}],"wp:attachment":[{"href":"https:\/\/www.paranapraia.com.br\/index.php\/wp-json\/wp\/v2\/media?parent=20496"}],"wp:term":[{"taxonomy":"category","embeddable":true,"href":"https:\/\/www.paranapraia.com.br\/index.php\/wp-json\/wp\/v2\/categories?post=20496"},{"taxonomy":"post_tag","embeddable":true,"href":"https:\/\/www.paranapraia.com.br\/index.php\/wp-json\/wp\/v2\/tags?post=20496"}],"curies":[{"name":"wp","href":"https:\/\/api.w.org\/{rel}","templated":true}]}}