{"id":20457,"date":"2019-10-03T08:47:57","date_gmt":"2019-10-03T11:47:57","guid":{"rendered":"https:\/\/www.paranapraia.com.br\/?p=20457"},"modified":"2019-10-03T08:48:01","modified_gmt":"2019-10-03T11:48:01","slug":"isa-nunes-conquista-primeiro-lugar-no-circuito-catarinense-de-bodyboarding","status":"publish","type":"post","link":"https:\/\/www.paranapraia.com.br\/index.php\/2019\/10\/03\/isa-nunes-conquista-primeiro-lugar-no-circuito-catarinense-de-bodyboarding\/","title":{"rendered":"Isa Nunes conquista primeiro lugar no Circuito Catarinense de Bodyboarding"},"content":{"rendered":"\n<h4 class=\"wp-block-heading\">Jovem atleta subiu ao p\u00f3dio duas vezes em seu \u00faltimo desafio<\/h4>\n\n\n\n<p>\n\nA jovem atleta de apenas 15 anos, Isa Nunes, saiu mais uma vez vitoriosa de uma competi\u00e7\u00e3o. No \u00faltimo s\u00e1bado, 28, aconteceu a terceira etapa do Circuito Catarinense de Bodyboarding, na Praia Mole de Florian\u00f3polis &#8211; Santa Catarina. A competi\u00e7\u00e3o contou com atletas de diversos n\u00edveis dentre eles profissional e amador.<\/p>\n\n\n\n<p>Para o secret\u00e1rio de Esportes, Darlan Janes, \u00e9 muito importante ver os atletas da cidade em competi\u00e7\u00f5es de n\u00edvel estadual. &#8220;N\u00f3s sabemos de todo o trabalho que \u00e9 realizado antes das competi\u00e7\u00f5es e dessa vez n\u00e3o foi diferente. Reconhecemos o esfor\u00e7o da Isa e enxergamos um futuro brilhante para ela em sua modalidade&#8221; destacou o secret\u00e1rio.<\/p>\n\n\n\n<p>Al\u00e9m de representar Paranagu\u00e1 na categoria Open, onde foi campe\u00e3, Isa Nunes tamb\u00e9m disputou na categoria Profissional, onde conquistou a terceira coloca\u00e7\u00e3o, mostrando sua garra e perseveran\u00e7a diante de atletas de alto n\u00edvel.<\/p>\n\n\n\n<p>&#8220;\u00c9 muito bom competir com as profissionais, isso eleva meu n\u00edvel no surf e faz com que eu queira aprimorar e crescer cada vez mais. A conquista do terceiro lugar na categoria profissional mostrou minha evolu\u00e7\u00e3o e por conta disso, seguirei dando sempre o meu melhor. Al\u00e9m disso, vencer na categoria open mais uma vez \u00e9 muito gratificante, agrade\u00e7o \u00e0 Prefeitura de Paranagu\u00e1, \u00e0 Sespor por todo apoio disponibilizado. Tamb\u00e9m agrade\u00e7o aos meus pais e apoiadores por estarem sempre comigo&#8221; destacou a jovem atleta Isa Nunes.<\/p>\n\n\n\n<p>Assessoria<\/p>\n\n\n\n<p><\/p>\n","protected":false},"excerpt":{"rendered":"<p>Jovem atleta subiu ao p\u00f3dio duas vezes em seu \u00faltimo desafio A jovem atleta de apenas 15 anos, Isa Nunes, saiu mais uma vez vitoriosa de uma competi\u00e7\u00e3o. No \u00faltimo s\u00e1bado, 28, aconteceu a terceira etapa do Circuito Catarinense de Bodyboarding, na Praia Mole de Florian\u00f3polis &#8211; Santa Catarina. A competi\u00e7\u00e3o contou com atletas de [&hellip;]<\/p>\n","protected":false},"author":2,"featured_media":20458,"comment_status":"open","ping_status":"open","sticky":false,"template":"","format":"standard","meta":{"advanced_seo_description":"","jetpack_seo_html_title":"","jetpack_seo_noindex":false,"_jetpack_memberships_contains_paid_content":false,"footnotes":""},"categories":[40],"tags":[],"class_list":{"0":"post-20457","1":"post","2":"type-post","3":"status-publish","4":"format-standard","5":"has-post-thumbnail","7":"category-destaques"},"jetpack_featured_media_url":"https:\/\/www.paranapraia.com.br\/wp-content\/uploads\/2019\/10\/sorri.jpg","jetpack_sharing_enabled":true,"_links":{"self":[{"href":"https:\/\/www.paranapraia.com.br\/index.php\/wp-json\/wp\/v2\/posts\/20457"}],"collection":[{"href":"https:\/\/www.paranapraia.com.br\/index.php\/wp-json\/wp\/v2\/posts"}],"about":[{"href":"https:\/\/www.paranapraia.com.br\/index.php\/wp-json\/wp\/v2\/types\/post"}],"author":[{"embeddable":true,"href":"https:\/\/www.paranapraia.com.br\/index.php\/wp-json\/wp\/v2\/users\/2"}],"replies":[{"embeddable":true,"href":"https:\/\/www.paranapraia.com.br\/index.php\/wp-json\/wp\/v2\/comments?post=20457"}],"version-history":[{"count":1,"href":"https:\/\/www.paranapraia.com.br\/index.php\/wp-json\/wp\/v2\/posts\/20457\/revisions"}],"predecessor-version":[{"id":20459,"href":"https:\/\/www.paranapraia.com.br\/index.php\/wp-json\/wp\/v2\/posts\/20457\/revisions\/20459"}],"wp:featuredmedia":[{"embeddable":true,"href":"https:\/\/www.paranapraia.com.br\/index.php\/wp-json\/wp\/v2\/media\/20458"}],"wp:attachment":[{"href":"https:\/\/www.paranapraia.com.br\/index.php\/wp-json\/wp\/v2\/media?parent=20457"}],"wp:term":[{"taxonomy":"category","embeddable":true,"href":"https:\/\/www.paranapraia.com.br\/index.php\/wp-json\/wp\/v2\/categories?post=20457"},{"taxonomy":"post_tag","embeddable":true,"href":"https:\/\/www.paranapraia.com.br\/index.php\/wp-json\/wp\/v2\/tags?post=20457"}],"curies":[{"name":"wp","href":"https:\/\/api.w.org\/{rel}","templated":true}]}}