{"id":20454,"date":"2019-10-03T08:45:47","date_gmt":"2019-10-03T11:45:47","guid":{"rendered":"https:\/\/www.paranapraia.com.br\/?p=20454"},"modified":"2019-10-03T08:45:49","modified_gmt":"2019-10-03T11:45:49","slug":"projeto-em-parceria-com-o-poder-judiciario-aborda-a-violencia-contra-a-mulher-nas-escolas","status":"publish","type":"post","link":"https:\/\/www.paranapraia.com.br\/index.php\/2019\/10\/03\/projeto-em-parceria-com-o-poder-judiciario-aborda-a-violencia-contra-a-mulher-nas-escolas\/","title":{"rendered":"Projeto em parceria com o Poder Judici\u00e1rio aborda a viol\u00eancia contra a mulher nas escolas"},"content":{"rendered":"\n<h4 class=\"wp-block-heading\">Cada escola produzir\u00e1 um conte\u00fado audiovisual de at\u00e9 1min30seg com o apoio da Secom, por meio da pr\u00e1tica da educomunica\u00e7\u00e3o<\/h4>\n\n\n\n<p>\n\nVoc\u00ea sabia que 13 mulheres s\u00e3o mortas por dia no Brasil? \u00c9 o que aponta o estudo realizado pelo Atlas da Viol\u00eancia. Al\u00e9m disso, o pa\u00eds ocupa o 5.\u00ba lugar no ranking mundial de viol\u00eancia contra a mulher.<\/p>\n\n\n\n<p>Na busca de conscientizar os cidad\u00e3os para mudar esta realidade, o Poder Judici\u00e1rio do Paran\u00e1, por meio da Comarca de Paranagu\u00e1, em conjunto com a Secretaria Municipal de Educa\u00e7\u00e3o e Ensino Integral (Semedi) e Secretaria Municipal de Comunica\u00e7\u00e3o Social (Secom) desenvolveram o projeto \u201cEduca\u00e7\u00e3o pela paz: construindo lares sem viol\u00eancia\u201d.<\/p>\n\n\n\n<p>\u201cQueremos a preserva\u00e7\u00e3o pela educa\u00e7\u00e3o, pois, a viol\u00eancia contra a mulher deve ser combatida por todos os setores. Nossa miss\u00e3o \u00e9 educar as crian\u00e7as para que tenhamos um futuro melhor e lares sem viol\u00eancia\u201d, disse a ju\u00edza de direito, Dr.\u00aa C\u00edntia Graeff.<\/p>\n\n\n\n<p>A proposta \u00e9 a de levar informa\u00e7\u00f5es sobre o assunto e as suas causas, al\u00e9m de conscientizar as crian\u00e7as e adolescentes a igualdade de g\u00eaneros e incluir a cultura da n\u00e3o-viol\u00eancia. De acordo com o projeto, nesta primeira edi\u00e7\u00e3o, as escolas municipais Graciela Almada Dias, Nay\u00e1 Castilho, Berta Elias e Nascimento J\u00fanior participar\u00e3o da iniciativa.<\/p>\n\n\n\n<p>\u201cEstamos cumprindo a nossa responsabilidade social, pois, \u00e9 um assunto que deve ser debatido. Abra\u00e7amos a causa, pois, temos certeza que os benef\u00edcios que o projeto trar\u00e1 ser\u00e3o surpreendentes\u201d, comentou a secret\u00e1ria de Educa\u00e7\u00e3o, Vandecy Dutra.<\/p>\n\n\n\n<p>Cada escola produzir\u00e1 um conte\u00fado audiovisual de at\u00e9 1min30seg com o apoio da Secom, por meio da pr\u00e1tica da educomunica\u00e7\u00e3o, que ser\u00e1 reproduzido nas redes sociais oficiais das escolas.<\/p>\n\n\n\n<p>\u201cSer\u00e1 um concurso de v\u00eddeos, sendo a 2.\u00aa edi\u00e7\u00e3o do Curta Paranagu\u00e1, j\u00e1 promovido pela Secom. O v\u00eddeo com mais curtidas ganhar\u00e1 um pr\u00eamio simb\u00f3lico de participa\u00e7\u00e3o. No entanto, o mais importante \u00e9 disseminar a mensagem aos alunos\u201d, explicou a secret\u00e1ria de Comunica\u00e7\u00e3o, Camila Roque.<\/p>\n\n\n\n<p>Assessoria<br><\/p>\n","protected":false},"excerpt":{"rendered":"<p>Cada escola produzir\u00e1 um conte\u00fado audiovisual de at\u00e9 1min30seg com o apoio da Secom, por meio da pr\u00e1tica da educomunica\u00e7\u00e3o Voc\u00ea sabia que 13 mulheres s\u00e3o mortas por dia no Brasil? \u00c9 o que aponta o estudo realizado pelo Atlas da Viol\u00eancia. Al\u00e9m disso, o pa\u00eds ocupa o 5.\u00ba lugar no ranking mundial de viol\u00eancia [&hellip;]<\/p>\n","protected":false},"author":2,"featured_media":20455,"comment_status":"open","ping_status":"open","sticky":false,"template":"","format":"standard","meta":{"advanced_seo_description":"","jetpack_seo_html_title":"","jetpack_seo_noindex":false,"_jetpack_memberships_contains_paid_content":false,"footnotes":""},"categories":[42],"tags":[],"class_list":{"0":"post-20454","1":"post","2":"type-post","3":"status-publish","4":"format-standard","5":"has-post-thumbnail","7":"category-cidades"},"jetpack_featured_media_url":"https:\/\/www.paranapraia.com.br\/wp-content\/uploads\/2019\/10\/thumb.jpg","jetpack_sharing_enabled":true,"_links":{"self":[{"href":"https:\/\/www.paranapraia.com.br\/index.php\/wp-json\/wp\/v2\/posts\/20454"}],"collection":[{"href":"https:\/\/www.paranapraia.com.br\/index.php\/wp-json\/wp\/v2\/posts"}],"about":[{"href":"https:\/\/www.paranapraia.com.br\/index.php\/wp-json\/wp\/v2\/types\/post"}],"author":[{"embeddable":true,"href":"https:\/\/www.paranapraia.com.br\/index.php\/wp-json\/wp\/v2\/users\/2"}],"replies":[{"embeddable":true,"href":"https:\/\/www.paranapraia.com.br\/index.php\/wp-json\/wp\/v2\/comments?post=20454"}],"version-history":[{"count":1,"href":"https:\/\/www.paranapraia.com.br\/index.php\/wp-json\/wp\/v2\/posts\/20454\/revisions"}],"predecessor-version":[{"id":20456,"href":"https:\/\/www.paranapraia.com.br\/index.php\/wp-json\/wp\/v2\/posts\/20454\/revisions\/20456"}],"wp:featuredmedia":[{"embeddable":true,"href":"https:\/\/www.paranapraia.com.br\/index.php\/wp-json\/wp\/v2\/media\/20455"}],"wp:attachment":[{"href":"https:\/\/www.paranapraia.com.br\/index.php\/wp-json\/wp\/v2\/media?parent=20454"}],"wp:term":[{"taxonomy":"category","embeddable":true,"href":"https:\/\/www.paranapraia.com.br\/index.php\/wp-json\/wp\/v2\/categories?post=20454"},{"taxonomy":"post_tag","embeddable":true,"href":"https:\/\/www.paranapraia.com.br\/index.php\/wp-json\/wp\/v2\/tags?post=20454"}],"curies":[{"name":"wp","href":"https:\/\/api.w.org\/{rel}","templated":true}]}}