{"id":20448,"date":"2019-10-03T08:41:08","date_gmt":"2019-10-03T11:41:08","guid":{"rendered":"https:\/\/www.paranapraia.com.br\/?p=20448"},"modified":"2019-10-03T08:41:10","modified_gmt":"2019-10-03T11:41:10","slug":"volkswagen-tera-de-indenizar-17-mil-consumidores-brasileiros-donos-da-amarok","status":"publish","type":"post","link":"https:\/\/www.paranapraia.com.br\/index.php\/2019\/10\/03\/volkswagen-tera-de-indenizar-17-mil-consumidores-brasileiros-donos-da-amarok\/","title":{"rendered":"Volkswagen ter\u00e1 de indenizar 17 mil consumidores brasileiros, donos da Amarok"},"content":{"rendered":"\n<p>A Associa\u00e7\u00e3o Brasileira de Defesa do Consumidor e Trabalhador (Abradecont) ingressou com uma a\u00e7\u00e3o que pode resultar em pagamento&nbsp;milion\u00e1rio aos&nbsp;consumidores&nbsp;brasileiros propriet\u00e1rios do modelo Amarok. A associa\u00e7\u00e3o protocolou a fase de \u201cExecu\u00e7\u00e3o Provis\u00f3ria\u201d na A\u00e7\u00e3o Civil P\u00fablica movida contra a Volkswagen, no caso que ficou mundialmente conhecido como \u201cDieselgate\u201d. A montadora alem\u00e3 foi obrigada a pagar cerca de&nbsp;R$ 10.000,00&nbsp;de danos morais a cada um dos 17 mil propriet\u00e1rios do modelo Amarok, por conta da adultera\u00e7\u00e3o nos testes de emiss\u00f5es de CO2.<\/p>\n\n\n\n<p>Agora, a entidade convoca os donos desses ve\u00edculos a se habilitarem para receberem indeniza\u00e7\u00f5es devidas. Para tanto, basta preencher um formul\u00e1rio dispon\u00edvel no site da organiza\u00e7\u00e3o colocando inclusive o n\u00famero do chassi do ve\u00edculo. Os modelos contemplados s\u00e3o movidos a diesel, com motor&nbsp;TDI EZ 189, comercializados em todo o pa\u00eds entre&nbsp;2011&nbsp;e parte de&nbsp;2012.<\/p>\n\n\n\n<p>O advogado que representa a Associa\u00e7\u00e3o,&nbsp; Leonardo Amarante, alerta que n\u00e3o h\u00e1 intermedi\u00e1rios ou representantes nesse processo. \u201cA habilita\u00e7\u00e3o do consumidor pode e deve ser feita diretamente no site da entidade e contemplar\u00e1 o recebimento de danos morais e materiais\u201d, afirma Amarante, lembrando que essa decis\u00e3o \u00e9 a primeira proferida em um Tribunal no mundo, e abre precedente importante para o mesmo lit\u00edgio em outros pa\u00edses, caso da Inglaterra, onde ainda correm in\u00fameras a\u00e7\u00f5es sobre o esc\u00e2ndalo de fraudes contra a montadora.<\/p>\n\n\n\n<p>N\u00fameros de chassis contemplados pela a\u00e7\u00e3o da&nbsp;Abradecont:<\/p>\n\n\n\n<p>Amarok 2011 \u2013 BA000257 at\u00e9 BA000338<\/p>\n\n\n\n<p>Amarok 2011 \u2013 B8000200 at\u00e9 BA082605<\/p>\n\n\n\n<p>Amarok 2012 \u2013 CA001950 a CA026145<\/p>\n\n\n\n<p><strong>RELEMBRE O CASO<\/strong><\/p>\n\n\n\n<p>Em setembro de 2015, descobriu-se a fraude nos Estados Unidos e posteriormente na Europa. Apurou-se ent\u00e3o que o mesmo problema de emiss\u00e3o de poluentes do modelo Amarok comercializadas no Brasil e fabricadas na Argentina, entre 2011 e 2012, tinham o mesmo problema de software.<\/p>\n\n\n\n<p>Segundo o advogado&nbsp;<em>Leonardo Amarante<\/em>, representante da&nbsp;Abradecont&nbsp;nesta A\u00e7\u00e3o Civil P\u00fablica, \u201co ganho desta causa \u00e9 extremamente positivo e vai muito al\u00e9m das indeniza\u00e7\u00f5es, pois o precedente est\u00e1 aberto. Ele ressalta ainda que esta senten\u00e7a tamb\u00e9m tem um car\u00e1ter pedag\u00f3gico e punitivo, o que evita que outras montadoras se utilizem do mesmo recurso ou que grandes empresas tenham as mesmas atitudes\u201d.<\/p>\n\n\n\n<p>Os ve\u00edculos em quest\u00e3o possuem um&nbsp;<em>software&nbsp;<\/em>com o prop\u00f3sito e potencialidade de fraudar a aferi\u00e7\u00e3o quanto \u00e0 emiss\u00e3o de NOx, \u00f3xido de nitrog\u00eanio, g\u00e1s nocivo \u00e0 sa\u00fade e contaminante atmosf\u00e9rico.<\/p>\n\n\n\n<p>Para mais informa\u00e7\u00f5es e habilita\u00e7\u00e3o para ingressar na A\u00e7\u00e3o de Execu\u00e7\u00e3o Provis\u00f3ria basta\u00a0acessar o\u00a0<a href=\"https:\/\/www.abradecont.org.br\/dieselgate\/\">https:\/\/www.abradecont.org.br\/dieselgate\/<\/a><\/p>\n\n\n\n<p>Bem Paran\u00e1<br><\/p>\n","protected":false},"excerpt":{"rendered":"<p>A Associa\u00e7\u00e3o Brasileira de Defesa do Consumidor e Trabalhador (Abradecont) ingressou com uma a\u00e7\u00e3o que pode resultar em pagamento&nbsp;milion\u00e1rio aos&nbsp;consumidores&nbsp;brasileiros propriet\u00e1rios do modelo Amarok. A associa\u00e7\u00e3o protocolou a fase de \u201cExecu\u00e7\u00e3o Provis\u00f3ria\u201d na A\u00e7\u00e3o Civil P\u00fablica movida contra a Volkswagen, no caso que ficou mundialmente conhecido como \u201cDieselgate\u201d. A montadora alem\u00e3 foi obrigada a pagar [&hellip;]<\/p>\n","protected":false},"author":2,"featured_media":20449,"comment_status":"open","ping_status":"open","sticky":false,"template":"","format":"standard","meta":{"advanced_seo_description":"","jetpack_seo_html_title":"","jetpack_seo_noindex":false,"_jetpack_memberships_contains_paid_content":false,"footnotes":""},"categories":[43],"tags":[],"class_list":{"0":"post-20448","1":"post","2":"type-post","3":"status-publish","4":"format-standard","5":"has-post-thumbnail","7":"category-cotidiano"},"jetpack_featured_media_url":"https:\/\/www.paranapraia.com.br\/wp-content\/uploads\/2019\/10\/amarok.jpg","jetpack_sharing_enabled":true,"_links":{"self":[{"href":"https:\/\/www.paranapraia.com.br\/index.php\/wp-json\/wp\/v2\/posts\/20448"}],"collection":[{"href":"https:\/\/www.paranapraia.com.br\/index.php\/wp-json\/wp\/v2\/posts"}],"about":[{"href":"https:\/\/www.paranapraia.com.br\/index.php\/wp-json\/wp\/v2\/types\/post"}],"author":[{"embeddable":true,"href":"https:\/\/www.paranapraia.com.br\/index.php\/wp-json\/wp\/v2\/users\/2"}],"replies":[{"embeddable":true,"href":"https:\/\/www.paranapraia.com.br\/index.php\/wp-json\/wp\/v2\/comments?post=20448"}],"version-history":[{"count":1,"href":"https:\/\/www.paranapraia.com.br\/index.php\/wp-json\/wp\/v2\/posts\/20448\/revisions"}],"predecessor-version":[{"id":20450,"href":"https:\/\/www.paranapraia.com.br\/index.php\/wp-json\/wp\/v2\/posts\/20448\/revisions\/20450"}],"wp:featuredmedia":[{"embeddable":true,"href":"https:\/\/www.paranapraia.com.br\/index.php\/wp-json\/wp\/v2\/media\/20449"}],"wp:attachment":[{"href":"https:\/\/www.paranapraia.com.br\/index.php\/wp-json\/wp\/v2\/media?parent=20448"}],"wp:term":[{"taxonomy":"category","embeddable":true,"href":"https:\/\/www.paranapraia.com.br\/index.php\/wp-json\/wp\/v2\/categories?post=20448"},{"taxonomy":"post_tag","embeddable":true,"href":"https:\/\/www.paranapraia.com.br\/index.php\/wp-json\/wp\/v2\/tags?post=20448"}],"curies":[{"name":"wp","href":"https:\/\/api.w.org\/{rel}","templated":true}]}}