{"id":20445,"date":"2019-10-03T08:39:34","date_gmt":"2019-10-03T11:39:34","guid":{"rendered":"https:\/\/www.paranapraia.com.br\/?p=20445"},"modified":"2019-10-03T08:39:36","modified_gmt":"2019-10-03T11:39:36","slug":"bairros-de-curitiba-e-sao-jose-dos-pinhais-podem-ficar-sem-agua-no-domingo-veja-quais","status":"publish","type":"post","link":"https:\/\/www.paranapraia.com.br\/index.php\/2019\/10\/03\/bairros-de-curitiba-e-sao-jose-dos-pinhais-podem-ficar-sem-agua-no-domingo-veja-quais\/","title":{"rendered":"Bairros de Curitiba e S\u00e3o Jos\u00e9 dos Pinhais podem ficar sem \u00e1gua no domingo; veja quais"},"content":{"rendered":"\n<p>A Sanepar informa que em virtude de uma obra programada da Copel ser\u00e1 necess\u00e1rio interromper o fornecimento de \u00e1gua no domingo (06), a partir das 9 horas em diversos bairros de Curitiba e S\u00e3o Jos\u00e9 dos Pinhais.<\/p>\n\n\n\n<p>CURITIBA &#8211; Cajuru, Uberaba, Guabirotuba, Jardim das Am\u00e9ricas, Fazendinha, Port\u00e3o, Santa Quit\u00e9ria, Vila Izabel, Semin\u00e1rio, \u00c1gua Verde, Novo Mundo, Cap\u00e3o Raso, Boqueir\u00e3o, CIC, Fanny, Gua\u00edra, Hauer, Lindoia, Pinheirinho, Xaxim, Alto Boqueir\u00e3o e Ganchinho.<\/p>\n\n\n\n<p>S\u00c3O JOS\u00c9 DOS PINHAIS &#8211; Guatup\u00ea, Academia, Cristal, Ip\u00ea e Cidade Jardim.<\/p>\n\n\n\n<p>A normaliza\u00e7\u00e3o do sistema est\u00e1 prevista para o in\u00edcio da manh\u00e3 de segunda-feira (07) e ocorrer\u00e1 de forma gradativa. S\u00f3 ficar\u00e3o sem \u00e1gua durante este per\u00edodo os clientes que n\u00e3o t\u00eam caixa-d\u2019\u00e1gua no im\u00f3vel, conforme recomenda\u00e7\u00e3o da Associa\u00e7\u00e3o Brasileira de Normas T\u00e9cnicas (ABNT). A Sanepar sugere que cada im\u00f3vel tenha uma caixa-d\u2019\u00e1gua de pelo menos 500 litros. Assim, \u00e9 poss\u00edvel ter \u00e1gua por 24 horas, no m\u00ednimo, em caso de interrup\u00e7\u00e3o do fornecimento.<\/p>\n\n\n\n<p>O Servi\u00e7o de Atendimento ao Cliente Sanepar \u00e9 feito pelo telefone 0800 200 0115, que funciona 24 horas. Ao ligar, tenha em m\u00e3os a conta de \u00e1gua ou o n\u00famero da matr\u00edcula. Para esta e outras informa\u00e7\u00f5es utilize o aplicativo para celular Sanepar Mobile ou acesse sempre o site http:\/\/www.sanepar.com.br.<\/p>\n\n\n\n<p>Sanepar<br><\/p>\n","protected":false},"excerpt":{"rendered":"<p>A Sanepar informa que em virtude de uma obra programada da Copel ser\u00e1 necess\u00e1rio interromper o fornecimento de \u00e1gua no domingo (06), a partir das 9 horas em diversos bairros de Curitiba e S\u00e3o Jos\u00e9 dos Pinhais. CURITIBA &#8211; Cajuru, Uberaba, Guabirotuba, Jardim das Am\u00e9ricas, Fazendinha, Port\u00e3o, Santa Quit\u00e9ria, Vila Izabel, Semin\u00e1rio, \u00c1gua Verde, Novo [&hellip;]<\/p>\n","protected":false},"author":2,"featured_media":20446,"comment_status":"open","ping_status":"open","sticky":false,"template":"","format":"standard","meta":{"advanced_seo_description":"","jetpack_seo_html_title":"","jetpack_seo_noindex":false,"_jetpack_memberships_contains_paid_content":false,"footnotes":""},"categories":[40],"tags":[],"class_list":{"0":"post-20445","1":"post","2":"type-post","3":"status-publish","4":"format-standard","5":"has-post-thumbnail","7":"category-destaques"},"jetpack_featured_media_url":"https:\/\/www.paranapraia.com.br\/wp-content\/uploads\/2019\/10\/agu.jpg","jetpack_sharing_enabled":true,"_links":{"self":[{"href":"https:\/\/www.paranapraia.com.br\/index.php\/wp-json\/wp\/v2\/posts\/20445"}],"collection":[{"href":"https:\/\/www.paranapraia.com.br\/index.php\/wp-json\/wp\/v2\/posts"}],"about":[{"href":"https:\/\/www.paranapraia.com.br\/index.php\/wp-json\/wp\/v2\/types\/post"}],"author":[{"embeddable":true,"href":"https:\/\/www.paranapraia.com.br\/index.php\/wp-json\/wp\/v2\/users\/2"}],"replies":[{"embeddable":true,"href":"https:\/\/www.paranapraia.com.br\/index.php\/wp-json\/wp\/v2\/comments?post=20445"}],"version-history":[{"count":1,"href":"https:\/\/www.paranapraia.com.br\/index.php\/wp-json\/wp\/v2\/posts\/20445\/revisions"}],"predecessor-version":[{"id":20447,"href":"https:\/\/www.paranapraia.com.br\/index.php\/wp-json\/wp\/v2\/posts\/20445\/revisions\/20447"}],"wp:featuredmedia":[{"embeddable":true,"href":"https:\/\/www.paranapraia.com.br\/index.php\/wp-json\/wp\/v2\/media\/20446"}],"wp:attachment":[{"href":"https:\/\/www.paranapraia.com.br\/index.php\/wp-json\/wp\/v2\/media?parent=20445"}],"wp:term":[{"taxonomy":"category","embeddable":true,"href":"https:\/\/www.paranapraia.com.br\/index.php\/wp-json\/wp\/v2\/categories?post=20445"},{"taxonomy":"post_tag","embeddable":true,"href":"https:\/\/www.paranapraia.com.br\/index.php\/wp-json\/wp\/v2\/tags?post=20445"}],"curies":[{"name":"wp","href":"https:\/\/api.w.org\/{rel}","templated":true}]}}