{"id":20442,"date":"2019-10-03T08:38:19","date_gmt":"2019-10-03T11:38:19","guid":{"rendered":"https:\/\/www.paranapraia.com.br\/?p=20442"},"modified":"2019-10-03T08:38:21","modified_gmt":"2019-10-03T11:38:21","slug":"rede-publica-de-ensino-encolhe-no-parana-enquanto-a-particular-cresce","status":"publish","type":"post","link":"https:\/\/www.paranapraia.com.br\/index.php\/2019\/10\/03\/rede-publica-de-ensino-encolhe-no-parana-enquanto-a-particular-cresce\/","title":{"rendered":"Rede p\u00fablica de ensino encolhe no Paran\u00e1, enquanto a particular cresce"},"content":{"rendered":"\n<p>A rede p\u00fablica de ensino est\u00e1 encolhendo no Paran\u00e1. Segundo dados preliminares do Censo Escolar da Educa\u00e7\u00e3o B\u00e1sica 2019, divulgados ontem pelo Instituto Nacional de Estudos e Pesquisas Educacionais An\u00edsio Teixeira (Inep), na compara\u00e7\u00e3o com 2018, o estado registrou 11.451 matr\u00edculas a menos.<\/p>\n\n\n\n<p>Em 2019, os dados do Inep mostram um total de 2.064.602 alunos matriculados em escolas estaduais e municipais do Paran\u00e1. Um ano antes, eram 2.076.053, o que aponta para uma redu\u00e7\u00e3o de 0,55%. J\u00e1 comparando aos dados de 2014, verifica-se uma redu\u00e7\u00e3o ainda maior, de 2,51%. Naquele ano, foram 2.116.509 matr\u00edculas nas rede p\u00fablica de ensino.<\/p>\n\n\n\n<p>No comparativo entre 2019 e 2014, as redu\u00e7\u00f5es mais significativas ocorreram no ensino fundamental e no ensino m\u00e9dio. Para o primeiro, a redu\u00e7\u00e3o no n\u00famero de matr\u00edculas foi de 8,5%, passando de 1.255.067 para 1.148.213. J\u00e1 no segundo, a queda verificada foi de 20,16% &#8211; de 403.307 para 335.621.<\/p>\n\n\n\n<p>\u00c9 certo que fatores demogr\u00e1ficos interferem nesses dados. Segundo proje\u00e7\u00e3o do IBGE, entre 2014 e 2019 a popula\u00e7\u00e3o do Paran\u00e1 com idade entre 5 e 19 anos caiu 5,97%, passando de 2,52 milh\u00f5es para 2,37 milh\u00f5es. Com isso, acaba sendo at\u00e9 natural que entre menos gente na escola. Al\u00e9m disso, nos \u00faltimos anos pode ter havido tamb\u00e9m uma melhora do fluxo escolar, o que permite a mais pessoas terminarem as diversas etapas de ensino.<\/p>\n\n\n\n<p>Por outro lado, tamb\u00e9m n\u00e3o deixa de ser sintom\u00e1tico o fato de que as escolas particulares, mesmo com a crise econ\u00f4mica e todas as quest\u00f5es j\u00e1 citadas, tenham aumentado o n\u00famero de matr\u00edculas em per\u00edodo parecido. Importante destacar que aqui os dados analisados compreendem os anos 2014 a 2018.<\/p>\n\n\n\n<p>Em 2014, as escolas particulares (considerando-se a educa\u00e7\u00e3o infantil, o ensino fundamental, m\u00e9dio e EJA) possu\u00edam um total de 398.763 matr\u00edculas. Em 2018, j\u00e1 eram 409.246 \u2013 um crescimento de 2,63%. O recorde no per\u00edodo analisado, por\u00e9m, foi registrado em 2015, quando se atingiu o n\u00famero de 409.373 matr\u00edculas. O destaque fica para o crescimento entre 2017 e 2018 \u2014 0,6%, depois de dois anos de leve queda.<\/p>\n\n\n\n<p><strong>Alunos<\/strong><\/p>\n\n\n\n<p>Matr\u00edculas em Escolas Municipais e Estaduais<br>(Educa\u00e7\u00e3o infantil, ensino fundamental, ensino m\u00e9dio e EJA)<br><br>2019<br>Creche 170.401<br>Pr\u00e9-escola 215.280<br>Ensino fundamental 1.148.213<br>Ensino M\u00e9dio 335.621<br>EJA (Fundamental e M\u00e9dio) 133.828<br>Educa\u00e7\u00e3o especial 61.259<br>TOTAL 2.064.602<br><br>2018<br>Creche 157.674<br>Pr\u00e9-escola 220.996<br>Ensino fundamental 1.169.822<br>Ensino M\u00e9dio 326.683<br>EJA (Fundamental e M\u00e9dio) 136.151<br>Educa\u00e7\u00e3o especial 64.727<br>TOTAL 2.076.053<br><br>2014<br>Creche 127.488<br>Pr\u00e9-escola 160.286<br>Ensino fundamental 1.255.067<br>Ensino M\u00e9dio 403.307<br>EJA (Fundamental e M\u00e9dio) 125.496<br>Educa\u00e7\u00e3o especial 44.865<br>TOTAL 2.116.509<\/p>\n\n\n\n<p>Evolu\u00e7\u00e3o das matr\u00edculas na rede particular de ensino<br>(Educa\u00e7\u00e3o infantil, ensino fundamental, ensino m\u00e9dio e EJA)<br>2018 409.246<br>2017 406.710<br>2016 407.837<br>2015 409.373<br>2014 398.763<\/p>\n\n\n\n<p>Fonte: Censo Escolar da Educa\u00e7\u00e3o B\u00e1sica, do Instituto Nacional de Estudos e Pesquisas Educacionais An\u00edsio Teixeira (Inep)<br><\/p>\n\n\n\n<p>Bem Paran\u00e1<\/p>\n","protected":false},"excerpt":{"rendered":"<p>A rede p\u00fablica de ensino est\u00e1 encolhendo no Paran\u00e1. Segundo dados preliminares do Censo Escolar da Educa\u00e7\u00e3o B\u00e1sica 2019, divulgados ontem pelo Instituto Nacional de Estudos e Pesquisas Educacionais An\u00edsio Teixeira (Inep), na compara\u00e7\u00e3o com 2018, o estado registrou 11.451 matr\u00edculas a menos. Em 2019, os dados do Inep mostram um total de 2.064.602 alunos [&hellip;]<\/p>\n","protected":false},"author":2,"featured_media":20443,"comment_status":"open","ping_status":"open","sticky":false,"template":"","format":"standard","meta":{"advanced_seo_description":"","jetpack_seo_html_title":"","jetpack_seo_noindex":false,"_jetpack_memberships_contains_paid_content":false,"footnotes":""},"categories":[40],"tags":[],"class_list":{"0":"post-20442","1":"post","2":"type-post","3":"status-publish","4":"format-standard","5":"has-post-thumbnail","7":"category-destaques"},"jetpack_featured_media_url":"https:\/\/www.paranapraia.com.br\/wp-content\/uploads\/2019\/10\/rede.jpg","jetpack_sharing_enabled":true,"_links":{"self":[{"href":"https:\/\/www.paranapraia.com.br\/index.php\/wp-json\/wp\/v2\/posts\/20442"}],"collection":[{"href":"https:\/\/www.paranapraia.com.br\/index.php\/wp-json\/wp\/v2\/posts"}],"about":[{"href":"https:\/\/www.paranapraia.com.br\/index.php\/wp-json\/wp\/v2\/types\/post"}],"author":[{"embeddable":true,"href":"https:\/\/www.paranapraia.com.br\/index.php\/wp-json\/wp\/v2\/users\/2"}],"replies":[{"embeddable":true,"href":"https:\/\/www.paranapraia.com.br\/index.php\/wp-json\/wp\/v2\/comments?post=20442"}],"version-history":[{"count":1,"href":"https:\/\/www.paranapraia.com.br\/index.php\/wp-json\/wp\/v2\/posts\/20442\/revisions"}],"predecessor-version":[{"id":20444,"href":"https:\/\/www.paranapraia.com.br\/index.php\/wp-json\/wp\/v2\/posts\/20442\/revisions\/20444"}],"wp:featuredmedia":[{"embeddable":true,"href":"https:\/\/www.paranapraia.com.br\/index.php\/wp-json\/wp\/v2\/media\/20443"}],"wp:attachment":[{"href":"https:\/\/www.paranapraia.com.br\/index.php\/wp-json\/wp\/v2\/media?parent=20442"}],"wp:term":[{"taxonomy":"category","embeddable":true,"href":"https:\/\/www.paranapraia.com.br\/index.php\/wp-json\/wp\/v2\/categories?post=20442"},{"taxonomy":"post_tag","embeddable":true,"href":"https:\/\/www.paranapraia.com.br\/index.php\/wp-json\/wp\/v2\/tags?post=20442"}],"curies":[{"name":"wp","href":"https:\/\/api.w.org\/{rel}","templated":true}]}}