{"id":20436,"date":"2019-10-03T08:29:50","date_gmt":"2019-10-03T11:29:50","guid":{"rendered":"https:\/\/www.paranapraia.com.br\/?p=20436"},"modified":"2019-10-03T08:29:52","modified_gmt":"2019-10-03T11:29:52","slug":"o-julgamento-de-adelio-acabou-diz-advogado-do-autor-da-facada-em-bolsonaro","status":"publish","type":"post","link":"https:\/\/www.paranapraia.com.br\/index.php\/2019\/10\/03\/o-julgamento-de-adelio-acabou-diz-advogado-do-autor-da-facada-em-bolsonaro\/","title":{"rendered":"\u2018O julgamento de Ad\u00e9lio acabou\u2019, diz advogado do autor da facada em Bolsonaro"},"content":{"rendered":"\n<h4 class=\"wp-block-heading\">Segundo o advogado, existe interesse pol\u00edtico do presidente em manter o caso Ad\u00e9lio em evid\u00eancia<\/h4>\n\n\n\n<p> O advogado Zanone Manuel de Oliveira J\u00fanior, respons\u00e1vel pela defesa de Ad\u00e9lio Bispo de Oliveira, autor da facada contra o presidente Jair Bolsonaro, disse nesta quarta-feira, 2, que a tentativa de ressuscitar o caso de seu cliente \u00e9 algo tardio pois o julgamento de Ad\u00e9lio j\u00e1 transitou em julgado, ou seja, esgotou todas as possibilidades de recurso.<\/p>\n\n\n\n<p>\n\nNa semana passada Bolsonaro designou o advogado Frederik Wassef, que tamb\u00e9m defende o senador Fl\u00e1vio Bolsonaro (PSL-RJ) no caso das movimenta\u00e7\u00f5es financeiras at\u00edpicas de seu ex-assessor Fabr\u00edcio Queiroz, para ser assistente de acusa\u00e7\u00e3o no caso.<\/p>\n\n\n\n<p>Em entrevista ao jornal O Estado de S. Paulo o procurador-geral da Rep\u00fablica, Augusto Aras, disse que pretende buscar a \u201cverdade real\u201d sobre a facada e que \u201cn\u00e3o parece cr\u00edvel\u201d a conclus\u00e3o da Pol\u00edcia Federal de que Ad\u00e9lio agiu durante um surto.<\/p>\n\n\n\n<p>\u201cPena que ele (Wassef) chegou tarde. J\u00e1 transitou em julgado. O julgamento do Ad\u00e9lio acabou. Aquilo ali nunca mais. Talvez na pr\u00f3xima encarna\u00e7\u00e3o\u201d, disse Zanone.<\/p>\n\n\n\n<p>Segundo o advogado, existe interesse pol\u00edtico do presidente em manter o caso Ad\u00e9lio em evid\u00eancia. \u201cA participa\u00e7\u00e3o do novo advogado \u00e9 absolutamente leg\u00edtima. A gente j\u00e1 percebeu que \u00e9 politicamente conveniente que este assunto n\u00e3o morra\u201d, afirmou.<\/p>\n\n\n\n<p>Para Wassef, Ad\u00e9lio \u00e9 um \u201cassassino profissional\u201d que foi contratado para matar o ent\u00e3o candidato a presidente. Nem ele nem Aras apresentaram ind\u00edcios que justifiquem discordar das conclus\u00f5es da Pol\u00edcia Federal.<\/p>\n\n\n\n<p>Em entrevista ao Estado, Wassef politizou o caso ao cobrar o mesmo destaque dado ao assassinato da vereadora Marielle Franco (PSOL), morta a tiros em 2018 no Rio de Janeiro.<\/p>\n\n\n\n<p>Em 2018, a PF concluiu que o autor da facada agiu sozinho. Segundo a Justi\u00e7a Federal em Juiz de fora (MG), Ad\u00e9lio \u00e9 inimput\u00e1vel por sofrer de dist\u00farbios mentais. Bolsonaro e o Minist\u00e9rio P\u00fablico Federal optaram por n\u00e3o recorrer da decis\u00e3o. Dentro de tr\u00eas anos o autor da facada ser\u00e1 submetido a nova per\u00edcia. Segundo o advogado, se for constatado que ele est\u00e1 s\u00e3o, Ad\u00e9lio pode ser libertado.<\/p>\n\n\n\n<p><strong>TRF-1<\/strong><br>Nesta quarta-feira, 2, o Tribunal Regional Federal da 1.\u00aa Regi\u00e3o (TRF-1) formou maioria a favor do entendimento de que \u00e9 compet\u00eancia do Supremo Tribunal Federal (STF) analisar a legalidade da opera\u00e7\u00e3o contra o advogado Zanone J\u00fanior, defensor de Ad\u00e9lio Bispo.<\/p>\n\n\n\n<p>Zanone foi alvo de uma busca e apreens\u00e3o da Pol\u00edcia Federal, mas o material apreendido na opera\u00e7\u00e3o n\u00e3o foi analisado por for\u00e7a de uma decis\u00e3o liminar.<\/p>\n\n\n\n<p>A Ordem dos Advogados do Brasil (OAB) argumenta que a apreens\u00e3o fere a prerrogativa profissional que garante sigilo entre advogado e cliente.<\/p>\n\n\n\n<p>O caso levou Bolsonaro a fazer ataques contra o presidente da OAB, Felipe Santa Cruz, alvo de insinua\u00e7\u00f5es do presidente sobre a morte de seu pai, Fernando Santa Cruz, desaparecido durante a ditadura militar depois de ser preso por agentes do DOI-CODI no Rio de Janeiro, em 1972.<\/p>\n\n\n\n<p>Zanone acredita que seu celular j\u00e1 foi periciado \u2013 at\u00e9 porque a liminar em favor da OAB saiu semanas depois da apreens\u00e3o do aparelho \u2013 e que ele pr\u00f3prio e sua fam\u00edlia s\u00e3o alvo de investiga\u00e7\u00f5es dos \u00f3rg\u00e3os de seguran\u00e7a do governo. \u201cEles est\u00e3o tentando ver se tem um mandante e \u00e9 leg\u00edtimo. Mas voc\u00ea acha que a PF, a Abin (Ag\u00eancia Brasileira de Intelig\u00eancia), a intelig\u00eancia do Ex\u00e9rcito n\u00e3o est\u00e3o todo mundo me monitorando desde o primeiro dia, monitorando meus parentes, meu sigilo fiscal, meu sigilo sexual, tudo, at\u00e9 o \u00fatero da minha m\u00e3e?\u201d, disse o advogado.<\/p>\n\n\n\n<p>Zanone disse que foi contratado por uma pessoa que ele n\u00e3o quer identificar para fazer a defesa de Ad\u00e9lio. Pessoas pr\u00f3ximas desconfiam que o advogado, na verdade, decidiu entrar no caso por conta pr\u00f3pria para aproveitar a visibilidade que o julgamento poderia lhe dar.<\/p>\n\n\n\n<p>Segundo ele, o suposto contratante n\u00e3o entrou mais em contato. \u201cN\u00e3o tive mais acesso \u00e0 pessoa que me contratou\u201d, afirmou.<\/p>\n\n\n\n<p>Banda B<br><br><\/p>\n\n\n\n<p><br><\/p>\n\n\n\n<p><br><\/p>\n","protected":false},"excerpt":{"rendered":"<p>Segundo o advogado, existe interesse pol\u00edtico do presidente em manter o caso Ad\u00e9lio em evid\u00eancia O advogado Zanone Manuel de Oliveira J\u00fanior, respons\u00e1vel pela defesa de Ad\u00e9lio Bispo de Oliveira, autor da facada contra o presidente Jair Bolsonaro, disse nesta quarta-feira, 2, que a tentativa de ressuscitar o caso de seu cliente \u00e9 algo tardio [&hellip;]<\/p>\n","protected":false},"author":2,"featured_media":20437,"comment_status":"open","ping_status":"open","sticky":false,"template":"","format":"standard","meta":{"advanced_seo_description":"","jetpack_seo_html_title":"","jetpack_seo_noindex":false,"_jetpack_memberships_contains_paid_content":false,"footnotes":""},"categories":[33],"tags":[],"class_list":{"0":"post-20436","1":"post","2":"type-post","3":"status-publish","4":"format-standard","5":"has-post-thumbnail","7":"category-policia"},"jetpack_featured_media_url":"https:\/\/www.paranapraia.com.br\/wp-content\/uploads\/2019\/10\/adelio.jpg","jetpack_sharing_enabled":true,"_links":{"self":[{"href":"https:\/\/www.paranapraia.com.br\/index.php\/wp-json\/wp\/v2\/posts\/20436"}],"collection":[{"href":"https:\/\/www.paranapraia.com.br\/index.php\/wp-json\/wp\/v2\/posts"}],"about":[{"href":"https:\/\/www.paranapraia.com.br\/index.php\/wp-json\/wp\/v2\/types\/post"}],"author":[{"embeddable":true,"href":"https:\/\/www.paranapraia.com.br\/index.php\/wp-json\/wp\/v2\/users\/2"}],"replies":[{"embeddable":true,"href":"https:\/\/www.paranapraia.com.br\/index.php\/wp-json\/wp\/v2\/comments?post=20436"}],"version-history":[{"count":1,"href":"https:\/\/www.paranapraia.com.br\/index.php\/wp-json\/wp\/v2\/posts\/20436\/revisions"}],"predecessor-version":[{"id":20438,"href":"https:\/\/www.paranapraia.com.br\/index.php\/wp-json\/wp\/v2\/posts\/20436\/revisions\/20438"}],"wp:featuredmedia":[{"embeddable":true,"href":"https:\/\/www.paranapraia.com.br\/index.php\/wp-json\/wp\/v2\/media\/20437"}],"wp:attachment":[{"href":"https:\/\/www.paranapraia.com.br\/index.php\/wp-json\/wp\/v2\/media?parent=20436"}],"wp:term":[{"taxonomy":"category","embeddable":true,"href":"https:\/\/www.paranapraia.com.br\/index.php\/wp-json\/wp\/v2\/categories?post=20436"},{"taxonomy":"post_tag","embeddable":true,"href":"https:\/\/www.paranapraia.com.br\/index.php\/wp-json\/wp\/v2\/tags?post=20436"}],"curies":[{"name":"wp","href":"https:\/\/api.w.org\/{rel}","templated":true}]}}