{"id":20429,"date":"2019-10-03T08:25:06","date_gmt":"2019-10-03T11:25:06","guid":{"rendered":"https:\/\/www.paranapraia.com.br\/?p=20429"},"modified":"2019-10-03T08:25:07","modified_gmt":"2019-10-03T11:25:07","slug":"motorista-sem-uma-das-pernas-e-preso-suspeito-de-dirigir-bebado-e-sem-cnh-homem-usava-um-cano-para-acelerar","status":"publish","type":"post","link":"https:\/\/www.paranapraia.com.br\/index.php\/2019\/10\/03\/motorista-sem-uma-das-pernas-e-preso-suspeito-de-dirigir-bebado-e-sem-cnh-homem-usava-um-cano-para-acelerar\/","title":{"rendered":"Motorista sem uma das pernas \u00e9 preso suspeito de dirigir b\u00eabado e sem CNH; homem usava um cano para acelerar"},"content":{"rendered":"\n<p>Um motorista foi preso, nesta quarta-feira (2), ap\u00f3s ser flagrado pela Pol\u00edcia Rodovi\u00e1ria Federal (PRF) ao dirigir um caminh\u00e3o sob efeito de bebida alco\u00f3lica e sem Carteira Nacional de Habilita\u00e7\u00e3o (CNH), segundo a Pol\u00edcia.<\/p>\n\n\n\n<p>O homem n\u00e3o possui a perna esquerda e, conforme a PRF, usava um cano para alcan\u00e7ar o acelerador do ve\u00edculo. Ele foi abordado em frente ao posto policial da BR-277, em Santa Terezinha de Itaipu, no oeste do Paran\u00e1.<\/p>\n\n\n\n<p>Conforme a PRF, os agentes encontraram o cano, amarrado com arame, ao lado dos pedais do caminh\u00e3o, que n\u00e3o levava nenhuma carga.<\/p>\n\n\n\n<p>O suspeito foi encaminhado \u00e0 Pol\u00edcia Civil de Santa Terezinha de Itaipu.<\/p>\n\n\n\n<figure class=\"wp-block-image\"><img decoding=\"async\" src=\"https:\/\/s2.glbimg.com\/-NDu-QJ4-bwjGRx6op37N6iw1DI=\/0x0:1059x714\/984x0\/smart\/filters:strip_icc()\/i.s3.glbimg.com\/v1\/AUTH_59edd422c0c84a879bd37670ae4f538a\/internal_photos\/bs\/2019\/F\/i\/iKLQ54Rsm9XQduRm4XRg\/motorista-preso-em-santa-terezinha-1.jpg\" alt=\"Homem foi preso suspeito de dirigir caminh\u00e3o sob efeito de bebida alco\u00f3lica e sem CNH, em Santa Terezinha de Itaipu \u2014 Foto: Divulga\u00e7\u00e3o\/PRF\"\/><\/figure>\n\n\n\n<p>Homem foi preso suspeito de dirigir caminh\u00e3o sob efeito de bebida alco\u00f3lica e sem CNH, em Santa Terezinha de Itaipu \u2014 Foto: Divulga\u00e7\u00e3o\/PRF<br><\/p>\n\n\n\n<p>G1PR<br><\/p>\n","protected":false},"excerpt":{"rendered":"<p>Um motorista foi preso, nesta quarta-feira (2), ap\u00f3s ser flagrado pela Pol\u00edcia Rodovi\u00e1ria Federal (PRF) ao dirigir um caminh\u00e3o sob efeito de bebida alco\u00f3lica e sem Carteira Nacional de Habilita\u00e7\u00e3o (CNH), segundo a Pol\u00edcia. O homem n\u00e3o possui a perna esquerda e, conforme a PRF, usava um cano para alcan\u00e7ar o acelerador do ve\u00edculo. Ele [&hellip;]<\/p>\n","protected":false},"author":2,"featured_media":20431,"comment_status":"open","ping_status":"open","sticky":false,"template":"","format":"standard","meta":{"advanced_seo_description":"","jetpack_seo_html_title":"","jetpack_seo_noindex":false,"_jetpack_memberships_contains_paid_content":false,"footnotes":""},"categories":[33],"tags":[],"class_list":{"0":"post-20429","1":"post","2":"type-post","3":"status-publish","4":"format-standard","5":"has-post-thumbnail","7":"category-policia"},"jetpack_featured_media_url":"https:\/\/www.paranapraia.com.br\/wp-content\/uploads\/2019\/10\/barra.jpg","jetpack_sharing_enabled":true,"_links":{"self":[{"href":"https:\/\/www.paranapraia.com.br\/index.php\/wp-json\/wp\/v2\/posts\/20429"}],"collection":[{"href":"https:\/\/www.paranapraia.com.br\/index.php\/wp-json\/wp\/v2\/posts"}],"about":[{"href":"https:\/\/www.paranapraia.com.br\/index.php\/wp-json\/wp\/v2\/types\/post"}],"author":[{"embeddable":true,"href":"https:\/\/www.paranapraia.com.br\/index.php\/wp-json\/wp\/v2\/users\/2"}],"replies":[{"embeddable":true,"href":"https:\/\/www.paranapraia.com.br\/index.php\/wp-json\/wp\/v2\/comments?post=20429"}],"version-history":[{"count":1,"href":"https:\/\/www.paranapraia.com.br\/index.php\/wp-json\/wp\/v2\/posts\/20429\/revisions"}],"predecessor-version":[{"id":20432,"href":"https:\/\/www.paranapraia.com.br\/index.php\/wp-json\/wp\/v2\/posts\/20429\/revisions\/20432"}],"wp:featuredmedia":[{"embeddable":true,"href":"https:\/\/www.paranapraia.com.br\/index.php\/wp-json\/wp\/v2\/media\/20431"}],"wp:attachment":[{"href":"https:\/\/www.paranapraia.com.br\/index.php\/wp-json\/wp\/v2\/media?parent=20429"}],"wp:term":[{"taxonomy":"category","embeddable":true,"href":"https:\/\/www.paranapraia.com.br\/index.php\/wp-json\/wp\/v2\/categories?post=20429"},{"taxonomy":"post_tag","embeddable":true,"href":"https:\/\/www.paranapraia.com.br\/index.php\/wp-json\/wp\/v2\/tags?post=20429"}],"curies":[{"name":"wp","href":"https:\/\/api.w.org\/{rel}","templated":true}]}}