{"id":20336,"date":"2019-10-01T09:55:49","date_gmt":"2019-10-01T12:55:49","guid":{"rendered":"https:\/\/www.paranapraia.com.br\/?p=20336"},"modified":"2019-10-01T09:55:52","modified_gmt":"2019-10-01T12:55:52","slug":"populacao-mais-velha-do-parana-cresceu-44-em-uma-decada","status":"publish","type":"post","link":"https:\/\/www.paranapraia.com.br\/index.php\/2019\/10\/01\/populacao-mais-velha-do-parana-cresceu-44-em-uma-decada\/","title":{"rendered":"Popula\u00e7\u00e3o mais velha do Paran\u00e1 cresceu 44% em uma d\u00e9cada"},"content":{"rendered":"\n<p> Hoje, data em que o Estatuto do Idoso completa 13 anos, celebra-se tamb\u00e9m o Dia do Idoso em todo o territ\u00f3rio nacional. E no Paran\u00e1, o n\u00famero de pessoas homenageadas pela data (que tem como objetivo a valoriza\u00e7\u00e3o do idoso) vem crescendo exponencialmente. No comparativo entre 2010 e 2019, por exemplo, a popula\u00e7\u00e3o acima de 60 anos no Estado registrou crescimento de 44,3%.<\/p>\n\n\n\n<p><br>Segundo as Proje\u00e7\u00f5es da Popula\u00e7\u00e3o, divulgadas neste ano pelo Instituto Brasileiro de Geografia e Estat\u00edstica (IBGE), em 2010 os idosos do Paran\u00e1 somavam um contingente de 1.186.747 pessoas, o equivalente a 11,14% de toda a popula\u00e7\u00e3o. Nove anos depois, j\u00e1 s\u00e3o 1.712.479, ou 14,98% de toda a popula\u00e7\u00e3o paranaense.<\/p>\n\n\n\n<p><br>Por outro lado, a popula\u00e7\u00e3o jovem est\u00e1 em queda. Em 2010, eram 3.432.787 paranaenses com idade entre 0 e 19 anos, o equivalente a 32,22% do total. Hoje, j\u00e1 s\u00e3o 3.138.955, ou 27,45%.<\/p>\n\n\n\n<p><br>A seguir nesse desempenho, o IBGE projeta que em 2036, pela primeira vez na hist\u00f3ria, a popula\u00e7\u00e3o idosa (com mais de 60 anos) ir\u00e1 superar a popula\u00e7\u00e3o jovem (com at\u00e9 19 anos) no Paran\u00e1: ser\u00e3o 2.948.746 de idosos (23,7% do total) contra 2.947.018 de \u2018pi\u00e1s e gurias\u2019 (23,68%).<\/p>\n\n\n\n<p><br>Comemora\u00e7\u00e3o<\/p>\n\n\n\n<p><br>O Hospital Municipal do Idoso vai promover uma s\u00e9rie de atividades durante o m\u00eas de outubro.<\/p>\n\n\n\n<p>Bem Paran\u00e1<br><\/p>\n","protected":false},"excerpt":{"rendered":"<p>Hoje, data em que o Estatuto do Idoso completa 13 anos, celebra-se tamb\u00e9m o Dia do Idoso em todo o territ\u00f3rio nacional. E no Paran\u00e1, o n\u00famero de pessoas homenageadas pela data (que tem como objetivo a valoriza\u00e7\u00e3o do idoso) vem crescendo exponencialmente. No comparativo entre 2010 e 2019, por exemplo, a popula\u00e7\u00e3o acima de [&hellip;]<\/p>\n","protected":false},"author":2,"featured_media":20337,"comment_status":"open","ping_status":"open","sticky":false,"template":"","format":"standard","meta":{"advanced_seo_description":"","jetpack_seo_html_title":"","jetpack_seo_noindex":false,"_jetpack_memberships_contains_paid_content":false,"footnotes":""},"categories":[40],"tags":[],"class_list":{"0":"post-20336","1":"post","2":"type-post","3":"status-publish","4":"format-standard","5":"has-post-thumbnail","7":"category-destaques"},"jetpack_featured_media_url":"https:\/\/www.paranapraia.com.br\/wp-content\/uploads\/2019\/10\/velho.jpg","jetpack_sharing_enabled":true,"_links":{"self":[{"href":"https:\/\/www.paranapraia.com.br\/index.php\/wp-json\/wp\/v2\/posts\/20336"}],"collection":[{"href":"https:\/\/www.paranapraia.com.br\/index.php\/wp-json\/wp\/v2\/posts"}],"about":[{"href":"https:\/\/www.paranapraia.com.br\/index.php\/wp-json\/wp\/v2\/types\/post"}],"author":[{"embeddable":true,"href":"https:\/\/www.paranapraia.com.br\/index.php\/wp-json\/wp\/v2\/users\/2"}],"replies":[{"embeddable":true,"href":"https:\/\/www.paranapraia.com.br\/index.php\/wp-json\/wp\/v2\/comments?post=20336"}],"version-history":[{"count":1,"href":"https:\/\/www.paranapraia.com.br\/index.php\/wp-json\/wp\/v2\/posts\/20336\/revisions"}],"predecessor-version":[{"id":20338,"href":"https:\/\/www.paranapraia.com.br\/index.php\/wp-json\/wp\/v2\/posts\/20336\/revisions\/20338"}],"wp:featuredmedia":[{"embeddable":true,"href":"https:\/\/www.paranapraia.com.br\/index.php\/wp-json\/wp\/v2\/media\/20337"}],"wp:attachment":[{"href":"https:\/\/www.paranapraia.com.br\/index.php\/wp-json\/wp\/v2\/media?parent=20336"}],"wp:term":[{"taxonomy":"category","embeddable":true,"href":"https:\/\/www.paranapraia.com.br\/index.php\/wp-json\/wp\/v2\/categories?post=20336"},{"taxonomy":"post_tag","embeddable":true,"href":"https:\/\/www.paranapraia.com.br\/index.php\/wp-json\/wp\/v2\/tags?post=20336"}],"curies":[{"name":"wp","href":"https:\/\/api.w.org\/{rel}","templated":true}]}}