{"id":20330,"date":"2019-10-01T09:41:15","date_gmt":"2019-10-01T12:41:15","guid":{"rendered":"https:\/\/www.paranapraia.com.br\/?p=20330"},"modified":"2019-10-01T09:54:35","modified_gmt":"2019-10-01T12:54:35","slug":"matinhos-programa-de-recuperacao-fiscal-prefim-2019-2020","status":"publish","type":"post","link":"https:\/\/www.paranapraia.com.br\/index.php\/2019\/10\/01\/matinhos-programa-de-recuperacao-fiscal-prefim-2019-2020\/","title":{"rendered":"Matinhos: Programa de recupera\u00e7\u00e3o fiscal PREFIM 2019\/2020"},"content":{"rendered":"\n<h4 class=\"wp-block-heading\">Lei concede desconto de multas e juros sobre d\u00edvidas de IPTU, ISS, Contribui\u00e7\u00e3o de Melhoria e Taxas de Servi\u00e7os P\u00fablicos em Matinhos<\/h4>\n\n\n\n<p>J\u00e1 est\u00e1 em vigor a LEI N\u00ba 2.081\/2019 programa de recupera\u00e7\u00e3o fiscal PREFIM 2019\/2020, que concede anistia de juros e multas incidentes sobre d\u00edvidas de IPTU, ISS, Contribui\u00e7\u00e3o de Melhoria e Taxas de Servi\u00e7os P\u00fablicos de anos anteriores junto \u00e0 Prefeitura de Matinhos.<\/p>\n\n\n\n<p>O parcelamento previsto \u00e9 de at\u00e9 60 meses desde que a parcela m\u00ednima n\u00e3o seja menor que 100 reais.<\/p>\n\n\n\n<p>Oportunidade para as pessoas que querem regularizar sua situa\u00e7\u00e3o fiscal junto a Prefeitura de Matinhos tanto parcelado quanto com desconto segundo tabela:<\/p>\n\n\n\n<p>Desconto de 90% para pagamento a vista;<br>\nDesconto de 75% para duas a 10 parcelas;<br>\nDesconto de 55% para 11 a 20 parcelas;<br>\nDesconto de 40% para 21 a 40 parcelas;<br>\nDesconto de 30% para 41 a 60 parcelas; <\/p>\n\n\n\n<p>A ades\u00e3o poder\u00e1 ser realizada a partir da data da publica\u00e7\u00e3o da lei at\u00e9 o dia 31 de mar\u00e7o de 2020.<\/p>\n\n\n\n<p>Assessoria<\/p>\n","protected":false},"excerpt":{"rendered":"<p>Lei concede desconto de multas e juros sobre d\u00edvidas de IPTU, ISS, Contribui\u00e7\u00e3o de Melhoria e Taxas de Servi\u00e7os P\u00fablicos em Matinhos J\u00e1 est\u00e1 em vigor a LEI N\u00ba 2.081\/2019 programa de recupera\u00e7\u00e3o fiscal PREFIM 2019\/2020, que concede anistia de juros e multas incidentes sobre d\u00edvidas de IPTU, ISS, Contribui\u00e7\u00e3o de Melhoria e Taxas de [&hellip;]<\/p>\n","protected":false},"author":2,"featured_media":20331,"comment_status":"open","ping_status":"open","sticky":false,"template":"","format":"standard","meta":{"advanced_seo_description":"","jetpack_seo_html_title":"","jetpack_seo_noindex":false,"_jetpack_memberships_contains_paid_content":false,"footnotes":""},"categories":[42],"tags":[],"class_list":{"0":"post-20330","1":"post","2":"type-post","3":"status-publish","4":"format-standard","5":"has-post-thumbnail","7":"category-cidades"},"jetpack_featured_media_url":"https:\/\/www.paranapraia.com.br\/wp-content\/uploads\/2019\/10\/WhatsApp-Image-2019-09-30-at-16.57.14.jpeg","jetpack_sharing_enabled":true,"_links":{"self":[{"href":"https:\/\/www.paranapraia.com.br\/index.php\/wp-json\/wp\/v2\/posts\/20330"}],"collection":[{"href":"https:\/\/www.paranapraia.com.br\/index.php\/wp-json\/wp\/v2\/posts"}],"about":[{"href":"https:\/\/www.paranapraia.com.br\/index.php\/wp-json\/wp\/v2\/types\/post"}],"author":[{"embeddable":true,"href":"https:\/\/www.paranapraia.com.br\/index.php\/wp-json\/wp\/v2\/users\/2"}],"replies":[{"embeddable":true,"href":"https:\/\/www.paranapraia.com.br\/index.php\/wp-json\/wp\/v2\/comments?post=20330"}],"version-history":[{"count":1,"href":"https:\/\/www.paranapraia.com.br\/index.php\/wp-json\/wp\/v2\/posts\/20330\/revisions"}],"predecessor-version":[{"id":20332,"href":"https:\/\/www.paranapraia.com.br\/index.php\/wp-json\/wp\/v2\/posts\/20330\/revisions\/20332"}],"wp:featuredmedia":[{"embeddable":true,"href":"https:\/\/www.paranapraia.com.br\/index.php\/wp-json\/wp\/v2\/media\/20331"}],"wp:attachment":[{"href":"https:\/\/www.paranapraia.com.br\/index.php\/wp-json\/wp\/v2\/media?parent=20330"}],"wp:term":[{"taxonomy":"category","embeddable":true,"href":"https:\/\/www.paranapraia.com.br\/index.php\/wp-json\/wp\/v2\/categories?post=20330"},{"taxonomy":"post_tag","embeddable":true,"href":"https:\/\/www.paranapraia.com.br\/index.php\/wp-json\/wp\/v2\/tags?post=20330"}],"curies":[{"name":"wp","href":"https:\/\/api.w.org\/{rel}","templated":true}]}}