{"id":20326,"date":"2019-10-01T09:35:04","date_gmt":"2019-10-01T12:35:04","guid":{"rendered":"https:\/\/www.paranapraia.com.br\/?p=20326"},"modified":"2019-10-01T09:35:08","modified_gmt":"2019-10-01T12:35:08","slug":"prefeitura-de-curitiba-lanca-servico-de-resgate-de-caes-e-gatos-em-risco-nas-ruas","status":"publish","type":"post","link":"https:\/\/www.paranapraia.com.br\/index.php\/2019\/10\/01\/prefeitura-de-curitiba-lanca-servico-de-resgate-de-caes-e-gatos-em-risco-nas-ruas\/","title":{"rendered":"Prefeitura de Curitiba lan\u00e7a servi\u00e7o de resgate de c\u00e3es e gatos em risco nas ruas"},"content":{"rendered":"\n<p>A Unidade de Resgate Animal, parte dos servi\u00e7os de apoio do Centro de Refer\u00eancia para Animais em Situa\u00e7\u00e3o de Risco (Crar), na CIC, j\u00e1 est\u00e1 em funcionamento. A ambul\u00e2ncia foi entregue oficialmente \u00e0 comunidade na tarde de ontem (30), na abertura da Semana de Prote\u00e7\u00e3o Animal da Prefeitura de Curitiba.<\/p>\n\n\n\n<p>O evento, que contou com a participa\u00e7\u00e3o de mascotes resgatados e do c\u00e3o Duke, da Guarda Municipal, tamb\u00e9m marcou a segunda etapa da campanha publicit\u00e1ria de ado\u00e7\u00e3o e guarda-respons\u00e1vel e a entrega do primeiro lote de ra\u00e7\u00f5es do Banco de Ra\u00e7\u00e3o da Prefeitura a ONGs da causa animal.<\/p>\n\n\n\n<p>\u201cAcredito que sejamos a primeira cidade do Brasil a ter esse n\u00edvel de aten\u00e7\u00e3o aos animais\u201d, disse o prefeito Rafael Greca, lembrando, ainda, das 37 mil cirurgias j\u00e1 realizadas pelo Programa Municipal de Castra\u00e7\u00e3o Gratuita desde a metade de 2017. O vice-prefeito Eduardo Pimentel tamb\u00e9m participou da solenidade.<\/p>\n\n\n\n<p><strong>Unidade m\u00f3vel &#8211;&nbsp;<\/strong>O ve\u00edculo entregue&nbsp;hoje (30) vai funcionar no atendimento de emerg\u00eancia a c\u00e3es e gatos em situa\u00e7\u00e3o de rua acidentados e em situa\u00e7\u00e3o de risco nas vias e logradouros p\u00fablicos. Todos os animais atendidos pelo novo servi\u00e7o ser\u00e3o tamb\u00e9m identificados e castrados. O atendimento acontece no Crar e nos hospitais universit\u00e1rios veterin\u00e1rios que t\u00eam parceria com o munic\u00edpio.<\/p>\n\n\n\n<p>No Centro de Refer\u00eancia, pelo contrato dos servi\u00e7os de apoio, ser\u00e3o feitas a limpeza de instala\u00e7\u00f5es, manejo de rotina e intensifica\u00e7\u00e3o na promo\u00e7\u00e3o da ado\u00e7\u00e3o dos animais alojados. O servi\u00e7o prev\u00ea, ainda, o recolhimento de animais agressivos em vias p\u00fablicas.<\/p>\n\n\n\n<p><strong>Avan\u00e7o<\/strong>&nbsp;&#8211;&nbsp;Para a secret\u00e1ria municipal do Meio Ambiente, Marilza Oliveira Dias, os resultados que a Prefeitura v\u00eam conseguindo s\u00e3o fruto de um trabalho s\u00e9rio e comprometido com a causa animal.<\/p>\n\n\n\n<p>\u201cNada seria poss\u00edvel sem a determina\u00e7\u00e3o do nosso prefeito e o apoio das vereadoras, dos protetores, ONGs, da Delegacia de Prote\u00e7\u00e3o ao Meio Ambiente\u201d, lembrou, ao destacar todo o avan\u00e7o em prol da causa animal na cidade.<\/p>\n\n\n\n<p>Al\u00e9m das 37 mil castra\u00e7\u00f5es, j\u00e1 foram feitos mais de 7 mil atendimentos nas avalia\u00e7\u00f5es cl\u00ednicas gratuitas, 4 mil den\u00fancias de maus-tratos fiscalizadas com apoio da DPMA com 600 animais apreendidos.<\/p>\n\n\n\n<p>Ado\u00e7\u00e3o &#8211;&nbsp;A tarde de&nbsp;hoje (30) teve ainda o lan\u00e7amento da segunda etapa da campanha de ado\u00e7\u00e3o de animais do munic\u00edpio, apresentada pela superintendente da Secretaria da Comunica\u00e7\u00e3o, Juliana Midori. Animais resgatados pelo munic\u00edpio ter\u00e3o suas fotos estampadas no mobili\u00e1rio urbano.<\/p>\n\n\n\n<p>\u201cPrecisamos refor\u00e7ar que um amigo se encontra, n\u00e3o se compra. Seja no Crar ou nas ONGs e protetores parceiros\u201d, refor\u00e7ou Juliana. Estiveram presentes as vereadoras Fabiane Rosa e Katia Dittrich; o delegado da DPMA, Matheus Laiola.<\/p>\n\n\n\n<p>E representantes das ONGs Sociedade Protetora dos Animais de Curitiba, Associa\u00e7\u00e3o Beneficente Salva Bicho Curitiba, Instituto Fica Comigo, Associa\u00e7\u00e3o do Amigo Animal, Associa\u00e7\u00e3o Projeto Ajudei, Associa\u00e7\u00e3o Somos Amigos dos Animais, Associa\u00e7\u00e3o Amigo Guaipeca e Associa\u00e7\u00e3o Adote com Consci\u00eancia.<\/p>\n\n\n\n<p>Programa\u00e7\u00e3o intensa<br>O evento, realizado no Sal\u00e3o Brasil, na sede da Prefeitura, marcou ainda o in\u00edcio de uma s\u00e9rie de atividades de sensibiliza\u00e7\u00e3o para a guarda respons\u00e1vel de animais em comemora\u00e7\u00e3o \u00e0 Semana da Prote\u00e7\u00e3o Animal, institu\u00edda pela Lei 15.204\/2018.<\/p>\n\n\n\n<p>Entre as atra\u00e7\u00f5es, est\u00e3o atividades com alunos da rede municipal de ensino no Crar e no Zool\u00f3gico de Curitiba. O p\u00fablico em geral pode participar de outras atividades de sensibiliza\u00e7\u00e3o e feiras de ado\u00e7\u00e3o \u2013 uma em parceria com o Governo do Estado, no Parque Barigui; e a da Festa de S\u00e3o Chiquinho, na Pra\u00e7a Santa Filomena, na Rua Augusto Stresser, no bairro Hugo Lange.<\/p>\n\n\n\n<p><strong>Confira a programa\u00e7\u00e3o completa<\/strong><br>2\/10 (quarta-feira)<br>\u201cO Zoo que voc\u00ea n\u00e3o v\u00ea\u201d \u2013 visita\u00e7\u00e3o especial ao Zoo com abordagem sobre guarda respons\u00e1vel de animais silvestres e combate ao tr\u00e1fico de animais, com alunos do 3\u00b0ano da Escola Municipal Nossa Senhora do Carmo \u2013 Manh\u00e3.<\/p>\n\n\n\n<p>4\/10 (sexta-feira)<br>Atividade Educativa \u201cDias dos Animais\u201d \u2013 abordagem sobre Conserva\u00e7\u00e3o da Fauna e Prote\u00e7\u00e3o Animal aos visitantes do Zoo de Curitiba. Das 9h \u00e0s 16h30.<\/p>\n\n\n\n<p>5\/10 (s\u00e1bado)<br>Paran\u00e1 Pet Amigo \u2013 atividades educativas para a guarda respons\u00e1vel de animais, microchipagem gratuita e promo\u00e7\u00e3o da ado\u00e7\u00e3o de c\u00e3es. Parceria com o Governo do Estado do Paran\u00e1 \/ SEDEST. No Parque Barigui, das 10h \u00e0s 16h.<\/p>\n\n\n\n<p>5\/10 (s\u00e1bado)<br>Atividades educativas para a guarda respons\u00e1vel de animais e microchipagem gratuita no evento de ado\u00e7\u00e3o &#8220;Festa de S\u00e3o Chiquinho&#8221;. Na Pra\u00e7a Santa Filomena (Rua Augusto Stresser, 1811-1841 \u2013 Hugo Lange), das 10h \u00e0s 16h.<\/p>\n\n\n\n<p>5\/10 (s\u00e1bado)<br>Dia das Aves \u2013 atividades no Centro de Educa\u00e7\u00e3o Ambiental do Zoo de Curitiba, incentivando a guarda respons\u00e1vel de aves e o combate ao tr\u00e1fico de animais silvestres.<\/p>\n\n\n\n<p>5 e 6\/10 (s\u00e1bado e domingo)<br>Acantonamento Ecol\u00f3gico \u2013 alunos da Escola Municipal Doutor Guilherme Lacerda Braga Sobrinho, com programa\u00e7\u00e3o especial com \u00eanfase na guarda respons\u00e1vel de animais.<\/p>\n\n\n\n<p>Bem Paran\u00e1<br><\/p>\n","protected":false},"excerpt":{"rendered":"<p>A Unidade de Resgate Animal, parte dos servi\u00e7os de apoio do Centro de Refer\u00eancia para Animais em Situa\u00e7\u00e3o de Risco (Crar), na CIC, j\u00e1 est\u00e1 em funcionamento. A ambul\u00e2ncia foi entregue oficialmente \u00e0 comunidade na tarde de ontem (30), na abertura da Semana de Prote\u00e7\u00e3o Animal da Prefeitura de Curitiba. O evento, que contou com [&hellip;]<\/p>\n","protected":false},"author":2,"featured_media":20327,"comment_status":"open","ping_status":"open","sticky":false,"template":"","format":"standard","meta":{"advanced_seo_description":"","jetpack_seo_html_title":"","jetpack_seo_noindex":false,"_jetpack_memberships_contains_paid_content":false,"footnotes":""},"categories":[40],"tags":[],"class_list":{"0":"post-20326","1":"post","2":"type-post","3":"status-publish","4":"format-standard","5":"has-post-thumbnail","7":"category-destaques"},"jetpack_featured_media_url":"https:\/\/www.paranapraia.com.br\/wp-content\/uploads\/2019\/10\/dogf.jpg","jetpack_sharing_enabled":true,"_links":{"self":[{"href":"https:\/\/www.paranapraia.com.br\/index.php\/wp-json\/wp\/v2\/posts\/20326"}],"collection":[{"href":"https:\/\/www.paranapraia.com.br\/index.php\/wp-json\/wp\/v2\/posts"}],"about":[{"href":"https:\/\/www.paranapraia.com.br\/index.php\/wp-json\/wp\/v2\/types\/post"}],"author":[{"embeddable":true,"href":"https:\/\/www.paranapraia.com.br\/index.php\/wp-json\/wp\/v2\/users\/2"}],"replies":[{"embeddable":true,"href":"https:\/\/www.paranapraia.com.br\/index.php\/wp-json\/wp\/v2\/comments?post=20326"}],"version-history":[{"count":1,"href":"https:\/\/www.paranapraia.com.br\/index.php\/wp-json\/wp\/v2\/posts\/20326\/revisions"}],"predecessor-version":[{"id":20328,"href":"https:\/\/www.paranapraia.com.br\/index.php\/wp-json\/wp\/v2\/posts\/20326\/revisions\/20328"}],"wp:featuredmedia":[{"embeddable":true,"href":"https:\/\/www.paranapraia.com.br\/index.php\/wp-json\/wp\/v2\/media\/20327"}],"wp:attachment":[{"href":"https:\/\/www.paranapraia.com.br\/index.php\/wp-json\/wp\/v2\/media?parent=20326"}],"wp:term":[{"taxonomy":"category","embeddable":true,"href":"https:\/\/www.paranapraia.com.br\/index.php\/wp-json\/wp\/v2\/categories?post=20326"},{"taxonomy":"post_tag","embeddable":true,"href":"https:\/\/www.paranapraia.com.br\/index.php\/wp-json\/wp\/v2\/tags?post=20326"}],"curies":[{"name":"wp","href":"https:\/\/api.w.org\/{rel}","templated":true}]}}