{"id":20323,"date":"2019-10-01T09:15:24","date_gmt":"2019-10-01T12:15:24","guid":{"rendered":"https:\/\/www.paranapraia.com.br\/?p=20323"},"modified":"2019-10-01T09:15:31","modified_gmt":"2019-10-01T12:15:31","slug":"prefeitura-de-pontal-do-parana-realiza-iii-semana-da-pessoa-idosa","status":"publish","type":"post","link":"https:\/\/www.paranapraia.com.br\/index.php\/2019\/10\/01\/prefeitura-de-pontal-do-parana-realiza-iii-semana-da-pessoa-idosa\/","title":{"rendered":"Prefeitura de Pontal do Paran\u00e1 realiza III Semana da Pessoa Idosa"},"content":{"rendered":"\n<p>Envelhecer pode ser um desafio para muita gente, mas o que a maioria n\u00e3o sabe \u00e9 que a vida das pessoas n\u00e3o termina com a chegada da terceira idade. Com o objetivo de reconhecer o papel da popula\u00e7\u00e3o idosa na sociedade pontalense, a Prefeitura de Pontal do Paran\u00e1, por meio da secretaria de Assist\u00eancia Social deu in\u00edcio na manh\u00e3 desta segunda-feira (30) a III Semana da Pessoa Idosa.<br>&nbsp;<\/p>\n\n\n\n<p>Diversas atividades ser\u00e3o organizadas do dia 30 de setembro ao dia 3 de outubro. O prefeito de Pontal do Paran\u00e1, Marcos Fioravante (Casquinha) que prestigiou a abertura do evento comentou sobre a import\u00e2ncia de expandir o debate sobre a pessoa idosa na esfera p\u00fablica.<br>&nbsp;<\/p>\n\n\n\n<p>&#8220;Sabemos que nosso munic\u00edpio tem uma grande popula\u00e7\u00e3o de pessoas idosas, s\u00e3o pessoas que escolhem nossa cidade para descansar e curtir as belezas naturais. Precisamos deixar claro que o futuro \u00e9 um direito de todos, inclusive dos idosos, e por isso damos uma aten\u00e7\u00e3o especial a essa popula\u00e7\u00e3o, na Semana queremos dar enfoque \u00e0 longevidade ativa e a bela velhice atrav\u00e9s da acessibilidade, atividades f\u00edsicas, direitos e palestras motivacionais&#8221;, afirmou o prefeito.<br>&nbsp;<\/p>\n\n\n\n<p>De acordo com a secret\u00e1ria de Assist\u00eancia Social, Regiane T\u00falio, \u00e9 importante que todos enxerguem que o idoso n\u00e3o \u00e9 algu\u00e9m que precisa ser velado ou cuidado, mas sim, um cidad\u00e3o em pleno exerc\u00edcio de seus direitos, tanto de trabalho como de lazer e isso est\u00e1 inserido no Estatuto do Idoso.<br>&nbsp;<\/p>\n\n\n\n<p>\u201cDe uma forma geral os pr\u00f3prios idosos desconhecem o Estatuto. Logo, n\u00e3o utilizam as medidas protetivas e as prioridades asseguradas em lei, com nosso trabalho buscamos oferecer conhecimento, conviv\u00eancia e qualidade de vida a todos que participam de nossos projetos\u201d, disse a secret\u00e1ria.<br>&nbsp;<\/p>\n\n\n\n<p>A cria\u00e7\u00e3o da Semana Nacional do Idoso \u00e9 um alerta para toda a popula\u00e7\u00e3o buscar a conscientiza\u00e7\u00e3o sobre a legisla\u00e7\u00e3o e tamb\u00e9m sobre as medidas a serem adotadas para um envelhecimento saud\u00e1vel.<br>&nbsp;<\/p>\n\n\n\n<p><strong>Programa\u00e7\u00e3o<\/strong><br>&nbsp;<\/p>\n\n\n\n<p>Na sua abertura no per\u00edodo da manh\u00e3 foi realizada uma palestra sobre &#8220;motiva\u00e7\u00e3o&#8221; e tamb\u00e9m apresenta\u00e7\u00e3o de dan\u00e7a ga\u00facha pelo Grupo Bailanta Gaponera. No per\u00edodo da tarde teve mais palestra motivacional, o aul\u00e3o de zumba e o lanche.<br>&nbsp;<\/p>\n\n\n\n<p>Na ter\u00e7a-feira pela manh\u00e3 ser\u00e1 realizada uma oficina de teatro com os professores Juliane Peixoto e Alian Moroz; a tarde segue com palestra &#8220;Manter o Esp\u00edrito Jovem&#8221; com Arlene Silveira e tamb\u00e9m oficina de Muay Thai com Carla Santos.<br>&nbsp;<\/p>\n\n\n\n<p>Na quarta-feira pela manh\u00e3 a turma vai participar de uma Caminhada Ecol\u00f3gica no Parque Estadual Floresta do Palmito em Paranagu\u00e1, e no per\u00edodo da tarde ser\u00e1 realizada uma roda de hist\u00f3rias com Alian Moroz, depois um lanche e em seguida aula de Yoga com a professora Darlene Gingueleski.<br>&nbsp;<\/p>\n\n\n\n<p>Na quinta-feira ser\u00e1 o encerramento, onde a partir das 13h30 Centro de Conviv\u00eancia do Idoso ser\u00e1 realizado um baile a car\u00e1ter &#8220;Flash Back&#8221;, com desfile da Miss e Mister CCI. As atividades est\u00e3o sendo\u00a0realizadas no CCI &#8211; Centro de Conviv\u00eancia do Idoso, no balne\u00e1rio de Shangri-l\u00e1 ao lado da ag\u00eancia dos Correios.<\/p>\n\n\n\n<p>Assessoria<\/p>\n","protected":false},"excerpt":{"rendered":"<p>Envelhecer pode ser um desafio para muita gente, mas o que a maioria n\u00e3o sabe \u00e9 que a vida das pessoas n\u00e3o termina com a chegada da terceira idade. Com o objetivo de reconhecer o papel da popula\u00e7\u00e3o idosa na sociedade pontalense, a Prefeitura de Pontal do Paran\u00e1, por meio da secretaria de Assist\u00eancia Social [&hellip;]<\/p>\n","protected":false},"author":2,"featured_media":20324,"comment_status":"open","ping_status":"open","sticky":false,"template":"","format":"standard","meta":{"advanced_seo_description":"","jetpack_seo_html_title":"","jetpack_seo_noindex":false,"_jetpack_memberships_contains_paid_content":false,"footnotes":""},"categories":[40],"tags":[],"class_list":{"0":"post-20323","1":"post","2":"type-post","3":"status-publish","4":"format-standard","5":"has-post-thumbnail","7":"category-destaques"},"jetpack_featured_media_url":"https:\/\/www.paranapraia.com.br\/wp-content\/uploads\/2019\/10\/IMG_7268.jpg","jetpack_sharing_enabled":true,"_links":{"self":[{"href":"https:\/\/www.paranapraia.com.br\/index.php\/wp-json\/wp\/v2\/posts\/20323"}],"collection":[{"href":"https:\/\/www.paranapraia.com.br\/index.php\/wp-json\/wp\/v2\/posts"}],"about":[{"href":"https:\/\/www.paranapraia.com.br\/index.php\/wp-json\/wp\/v2\/types\/post"}],"author":[{"embeddable":true,"href":"https:\/\/www.paranapraia.com.br\/index.php\/wp-json\/wp\/v2\/users\/2"}],"replies":[{"embeddable":true,"href":"https:\/\/www.paranapraia.com.br\/index.php\/wp-json\/wp\/v2\/comments?post=20323"}],"version-history":[{"count":1,"href":"https:\/\/www.paranapraia.com.br\/index.php\/wp-json\/wp\/v2\/posts\/20323\/revisions"}],"predecessor-version":[{"id":20325,"href":"https:\/\/www.paranapraia.com.br\/index.php\/wp-json\/wp\/v2\/posts\/20323\/revisions\/20325"}],"wp:featuredmedia":[{"embeddable":true,"href":"https:\/\/www.paranapraia.com.br\/index.php\/wp-json\/wp\/v2\/media\/20324"}],"wp:attachment":[{"href":"https:\/\/www.paranapraia.com.br\/index.php\/wp-json\/wp\/v2\/media?parent=20323"}],"wp:term":[{"taxonomy":"category","embeddable":true,"href":"https:\/\/www.paranapraia.com.br\/index.php\/wp-json\/wp\/v2\/categories?post=20323"},{"taxonomy":"post_tag","embeddable":true,"href":"https:\/\/www.paranapraia.com.br\/index.php\/wp-json\/wp\/v2\/tags?post=20323"}],"curies":[{"name":"wp","href":"https:\/\/api.w.org\/{rel}","templated":true}]}}