{"id":20316,"date":"2019-10-01T08:29:04","date_gmt":"2019-10-01T11:29:04","guid":{"rendered":"https:\/\/www.paranapraia.com.br\/?p=20316"},"modified":"2019-10-01T08:29:06","modified_gmt":"2019-10-01T11:29:06","slug":"maior-problema-do-governo-do-parana-e-previdencia-diz-secretario-da-fazenda","status":"publish","type":"post","link":"https:\/\/www.paranapraia.com.br\/index.php\/2019\/10\/01\/maior-problema-do-governo-do-parana-e-previdencia-diz-secretario-da-fazenda\/","title":{"rendered":"\u2018Maior problema do governo do Paran\u00e1 \u00e9 previd\u00eancia\u2019, diz secret\u00e1rio da Fazenda"},"content":{"rendered":"\n<p>O secret\u00e1rio de Estado da Fazenda, Ren\u00ea Garcia J\u00fanior, afirmou ontem em audi\u00eancia p\u00fablica de presta\u00e7\u00e3o de contas do segundo trimestre de 2019, na Assembleia Legislativa, que o crescimento dos gastos com aposentados e pensionistas \u00e9 o maior problema do governo paranaense hoje. Segundo ele, as despesas com servidores inativos cresceu 13% nos primeiros oito meses do ano em compara\u00e7\u00e3o com o mesmo per\u00edodo do ano passado, e seguem em trajet\u00f3ria crescente.<\/p>\n\n\n\n<p><br>\u201cProblema principal do Estado do Paran\u00e1 \u00e9 a evolu\u00e7\u00e3o e a trajet\u00f3ria das despesas previdenci\u00e1rias\u201d, destacou Garcia Jr, afirmando que a situa\u00e7\u00e3o \u00e9 \u201cexplosiva\u201d, e foi agravada pela corrida motivada pela reforma da previd\u00eancia em discuss\u00e3o no Congresso Nacional. De acordo com o secret\u00e1rio, 1 mil servidores a mais do que o esperado pediram aposentadoria com medo da reforma.<\/p>\n\n\n\n<p><br>Segundo Garcia Jr, o Paran\u00e1 tamb\u00e9m n\u00e3o deve esperar ajuda do governo federal, cujas transfer\u00eancias ao Estado vem caindo. \u201cN\u00e3o contem com o governo federal. O governo federal n\u00e3o \u00e9 uma fonte est\u00e1vel de recursos, seja para custeio, seja para investimento\u201d, alegou.<\/p>\n\n\n\n<p><br>Reajuste &#8211; O secret\u00e1rio defendeu, tamb\u00e9m, a proposta do governo de parcelar em quatro vezes at\u00e9 2022, o reajuste salarial dos servidores do Executivo, de 5,08%, com o pagamento de 2% em janeiro do ano que vem; 1,5% em janeiro de 2021 e mais 1,5% em janeiro de 2022. O pagamento dos dois \u00faltimos \u00edndices est\u00e1 condicionado ao aumento da arrecada\u00e7\u00e3o. <\/p>\n\n\n\n<p>O funcionalismo, que est\u00e1 com os sal\u00e1rios congelados desde 2016, e acumula perdas infl\u00e1cion\u00e1rias de 17%, reivindicava a reposi\u00e7\u00e3o integral, de 4,94%, sem parcelamento.<\/p>\n\n\n\n<p><br>Ren\u00ea Garcia Jr defendeu a proposta do governo federal de acabar com a vincula\u00e7\u00e3o dos sal\u00e1rios dos servidores p\u00fablicos \u00e0 infla\u00e7\u00e3o. \u201cO governo federal vai acabar com a indexa\u00e7\u00e3o da economia. Infla\u00e7\u00e3o \u00e9 mau, \u00e9 um imposto. Ningu\u00e9m \u00e9 protegido pela infla\u00e7\u00e3o\u201d, disse.<\/p>\n\n\n\n<p><br>O deputado estadual Professor Lemos (PT) rebateu Garcia Jr, afirmando que os gastos com pessoal nos primeiros oito meses ficaram em 44,51% da receita corrente, abaixo dos limites legais. \u201cHouve queda na despesa com pessoal e h\u00e1 margem financeira para atender ao servidor do Executivo\u201d, defendeu Lemos.<\/p>\n\n\n\n<p>Bem Paran\u00e1<br><\/p>\n","protected":false},"excerpt":{"rendered":"<p>O secret\u00e1rio de Estado da Fazenda, Ren\u00ea Garcia J\u00fanior, afirmou ontem em audi\u00eancia p\u00fablica de presta\u00e7\u00e3o de contas do segundo trimestre de 2019, na Assembleia Legislativa, que o crescimento dos gastos com aposentados e pensionistas \u00e9 o maior problema do governo paranaense hoje. Segundo ele, as despesas com servidores inativos cresceu 13% nos primeiros oito [&hellip;]<\/p>\n","protected":false},"author":2,"featured_media":20317,"comment_status":"open","ping_status":"open","sticky":false,"template":"","format":"standard","meta":{"advanced_seo_description":"","jetpack_seo_html_title":"","jetpack_seo_noindex":false,"_jetpack_memberships_contains_paid_content":false,"footnotes":""},"categories":[32],"tags":[],"class_list":{"0":"post-20316","1":"post","2":"type-post","3":"status-publish","4":"format-standard","5":"has-post-thumbnail","7":"category-politica"},"jetpack_featured_media_url":"https:\/\/www.paranapraia.com.br\/wp-content\/uploads\/2019\/10\/prob.jpg","jetpack_sharing_enabled":true,"_links":{"self":[{"href":"https:\/\/www.paranapraia.com.br\/index.php\/wp-json\/wp\/v2\/posts\/20316"}],"collection":[{"href":"https:\/\/www.paranapraia.com.br\/index.php\/wp-json\/wp\/v2\/posts"}],"about":[{"href":"https:\/\/www.paranapraia.com.br\/index.php\/wp-json\/wp\/v2\/types\/post"}],"author":[{"embeddable":true,"href":"https:\/\/www.paranapraia.com.br\/index.php\/wp-json\/wp\/v2\/users\/2"}],"replies":[{"embeddable":true,"href":"https:\/\/www.paranapraia.com.br\/index.php\/wp-json\/wp\/v2\/comments?post=20316"}],"version-history":[{"count":1,"href":"https:\/\/www.paranapraia.com.br\/index.php\/wp-json\/wp\/v2\/posts\/20316\/revisions"}],"predecessor-version":[{"id":20318,"href":"https:\/\/www.paranapraia.com.br\/index.php\/wp-json\/wp\/v2\/posts\/20316\/revisions\/20318"}],"wp:featuredmedia":[{"embeddable":true,"href":"https:\/\/www.paranapraia.com.br\/index.php\/wp-json\/wp\/v2\/media\/20317"}],"wp:attachment":[{"href":"https:\/\/www.paranapraia.com.br\/index.php\/wp-json\/wp\/v2\/media?parent=20316"}],"wp:term":[{"taxonomy":"category","embeddable":true,"href":"https:\/\/www.paranapraia.com.br\/index.php\/wp-json\/wp\/v2\/categories?post=20316"},{"taxonomy":"post_tag","embeddable":true,"href":"https:\/\/www.paranapraia.com.br\/index.php\/wp-json\/wp\/v2\/tags?post=20316"}],"curies":[{"name":"wp","href":"https:\/\/api.w.org\/{rel}","templated":true}]}}