{"id":20313,"date":"2019-10-01T08:23:23","date_gmt":"2019-10-01T11:23:23","guid":{"rendered":"https:\/\/www.paranapraia.com.br\/?p=20313"},"modified":"2019-10-01T08:23:25","modified_gmt":"2019-10-01T11:23:25","slug":"idosa-proibida-de-estudar-pelo-pai-agora-faz-faculdade-de-engenharia","status":"publish","type":"post","link":"https:\/\/www.paranapraia.com.br\/index.php\/2019\/10\/01\/idosa-proibida-de-estudar-pelo-pai-agora-faz-faculdade-de-engenharia\/","title":{"rendered":"Idosa proibida de estudar pelo pai agora faz faculdade de Engenharia"},"content":{"rendered":"\n<p>N\u00e3o adiantou o pai a proibir de estudar&nbsp;quando pequena. Hoje, aos 71 anos, Allice Serafim est\u00e1&nbsp;cursando Engenharia, o sonho da vida dela.<\/p>\n\n\n\n<p>A idosa, que mora em Catanduva, interior de S\u00e3o Paulo,&nbsp;come\u00e7ou a faculdade em 2018 e j\u00e1 est\u00e1 no terceiro semestre do curso.<\/p>\n\n\n\n<p>Ela divide a sala de aula com alunos na faixa et\u00e1ria de 20 anos e \u00e9 muito querida por todos.<ins><\/ins><\/p>\n\n\n\n<p>\u201cAcredito que est\u00e3o na minha vida por alguma raz\u00e3o, trato todos iguais meus netos e filhos. Sou uma aluna aplicada, mas em qualquer dificuldade, eles est\u00e3o l\u00e1 para me ajudar a entender a mat\u00e9ria\u201d, conta.<\/p>\n\n\n\n<p>Allice tamb\u00e9m \u00e9 vista como destaque pelos professores.<\/p>\n\n\n\n<p>\u201cEla sente muita dificuldade, o que \u00e9 normal pela idade, mas ela tem muita garra, \u00e9 muito dedicada. J\u00e1 tive outros alunos mais velhos que eu, mas a Dona Allice se destacou entre todos pela garra, ela n\u00e3o desiste, muito pelo contr\u00e1rio, ela quem anima a gente\u201d, disse o coordenador do curso, Nilton Romero.<\/p>\n\n\n\n<p>Todos os dias ela chega antes para tirar as d\u00favidas e para aprender coisas b\u00e1sicas da matem\u00e1tica, para n\u00e3o sentir tanta dificuldade na hora de fazer os exerc\u00edcios.<\/p>\n\n\n\n<p>Mesmo sabendo da dificuldade no mercado de trabalho, a futura engenheira sonha em trabalhar na \u00e1rea.<\/p>\n\n\n\n<p>\u201cAinda tenho f\u00e9 que vou trabalhar. Mas se n\u00e3o der certo, tudo bem. A minha vontade \u00e9 de estudar e ajudar as pessoas e fazer o bem\u201d, conta.<\/p>\n\n\n\n<p><strong>Hist\u00f3ria<\/strong><\/p>\n\n\n\n<p>Aos 8 anos, Allice foi impedida pelo pai de terminar a escola.<\/p>\n\n\n\n<p>Mais velha, aos 18 anos, ela se casou e o marido tamb\u00e9m n\u00e3o a deixou frequentar a escola.<\/p>\n\n\n\n<p>\u201cEm 1955 meu pai me tirou da escola, porque para ele mulher naquele tempo n\u00e3o tinha que estudar e sim casar e cuidar da fam\u00edlia. Com 18 anos me casei e meu marido pensava que nem meu pai, por causa disso eu nunca estudei\u201d, contou Allice.<\/p>\n\n\n\n<p><strong>Autodidata<\/strong><\/p>\n\n\n\n<p>Ela aprendeu a ler e escrever dentro de casa. Pegava um caderno e uma B\u00edblia e ia escrevendo as palavras que via, at\u00e9 que um dia conseguiu aprender. Foi a partir disso que despertou a vontade de terminar os estudos e cursar uma faculdade.<\/p>\n\n\n\n<p>\u201cEu queria aprender as palavras, ent\u00e3o tive de me virar sozinha, at\u00e9 que um dia eu aprendi. Desde ent\u00e3o, tinha dentro de mim que um dia eu iria estudar\u201d, contou.<\/p>\n\n\n\n<p>O primeiro emprego foi em uma gr\u00e1fica de S\u00e3o Paulo servindo caf\u00e9. Ela ficou na gr\u00e1fica durante 20 anos at\u00e9 o marido falecer e ela voltar para Catanduva, cidade onde morou na inf\u00e2ncia.<\/p>\n\n\n\n<p>Quando voltou para a cidade, a aposentada conta que passou um tempo ajudando as filhas. Quando ficaram mais velhas, ela resolveu resgatar o sonho de voltar a estudar.<\/p>\n\n\n\n<p><strong>Como<\/strong><\/p>\n\n\n\n<p>Ela&nbsp;atr\u00e1s de um supletivo para terminar o ensino m\u00e9dio.<\/p>\n\n\n\n<p>Depois, Allice fez aulas de como falar em p\u00fablico, de viol\u00e3o, de inform\u00e1tica b\u00e1sica e de contabilidade.<\/p>\n\n\n\n<p>Ela conta que sempre gostou muito de engenharia, que achava uma profiss\u00e3o importante na sociedade e de pessoas inteligentes.<\/p>\n\n\n\n<p>At\u00e9 que um dia ela viu em uma propaganda de uma faculdade particular que estava oferecendo bolsa para o curso de engenharia de produ\u00e7\u00e3o em Catanduva e resolveu prestar o vestibular.<\/p>\n\n\n\n<p>Ela passou e hoje cursa o terceiro semestre de Engenharia.<\/p>\n\n\n\n<p>Inspiradora a hist\u00f3ria de Allice, n\u00e3o?<\/p>\n\n\n\n<figure class=\"wp-block-image\"><img decoding=\"async\" src=\"http:\/\/www.sonoticiaboa.com.br\/wp-content\/uploads\/2019\/09\/idosa-engenharia-colegas-e1569873387108.jpg\" alt=\"Allice Serafim e os colegas de classe - Foto: arquivo pessoal\" class=\"wp-image-102645\"\/><\/figure>\n\n\n\n<p>Allice Serafim e os colegas de classe \u2013 Foto: arquivo pessoal<br><\/p>\n","protected":false},"excerpt":{"rendered":"<p>N\u00e3o adiantou o pai a proibir de estudar&nbsp;quando pequena. Hoje, aos 71 anos, Allice Serafim est\u00e1&nbsp;cursando Engenharia, o sonho da vida dela. A idosa, que mora em Catanduva, interior de S\u00e3o Paulo,&nbsp;come\u00e7ou a faculdade em 2018 e j\u00e1 est\u00e1 no terceiro semestre do curso. Ela divide a sala de aula com alunos na faixa et\u00e1ria [&hellip;]<\/p>\n","protected":false},"author":2,"featured_media":20314,"comment_status":"open","ping_status":"open","sticky":false,"template":"","format":"standard","meta":{"advanced_seo_description":"","jetpack_seo_html_title":"","jetpack_seo_noindex":false,"_jetpack_memberships_contains_paid_content":false,"footnotes":""},"categories":[40],"tags":[],"class_list":{"0":"post-20313","1":"post","2":"type-post","3":"status-publish","4":"format-standard","5":"has-post-thumbnail","7":"category-destaques"},"jetpack_featured_media_url":"https:\/\/www.paranapraia.com.br\/wp-content\/uploads\/2019\/10\/idossa.jpg","jetpack_sharing_enabled":true,"_links":{"self":[{"href":"https:\/\/www.paranapraia.com.br\/index.php\/wp-json\/wp\/v2\/posts\/20313"}],"collection":[{"href":"https:\/\/www.paranapraia.com.br\/index.php\/wp-json\/wp\/v2\/posts"}],"about":[{"href":"https:\/\/www.paranapraia.com.br\/index.php\/wp-json\/wp\/v2\/types\/post"}],"author":[{"embeddable":true,"href":"https:\/\/www.paranapraia.com.br\/index.php\/wp-json\/wp\/v2\/users\/2"}],"replies":[{"embeddable":true,"href":"https:\/\/www.paranapraia.com.br\/index.php\/wp-json\/wp\/v2\/comments?post=20313"}],"version-history":[{"count":1,"href":"https:\/\/www.paranapraia.com.br\/index.php\/wp-json\/wp\/v2\/posts\/20313\/revisions"}],"predecessor-version":[{"id":20315,"href":"https:\/\/www.paranapraia.com.br\/index.php\/wp-json\/wp\/v2\/posts\/20313\/revisions\/20315"}],"wp:featuredmedia":[{"embeddable":true,"href":"https:\/\/www.paranapraia.com.br\/index.php\/wp-json\/wp\/v2\/media\/20314"}],"wp:attachment":[{"href":"https:\/\/www.paranapraia.com.br\/index.php\/wp-json\/wp\/v2\/media?parent=20313"}],"wp:term":[{"taxonomy":"category","embeddable":true,"href":"https:\/\/www.paranapraia.com.br\/index.php\/wp-json\/wp\/v2\/categories?post=20313"},{"taxonomy":"post_tag","embeddable":true,"href":"https:\/\/www.paranapraia.com.br\/index.php\/wp-json\/wp\/v2\/tags?post=20313"}],"curies":[{"name":"wp","href":"https:\/\/api.w.org\/{rel}","templated":true}]}}