{"id":20305,"date":"2019-10-01T08:18:31","date_gmt":"2019-10-01T11:18:31","guid":{"rendered":"https:\/\/www.paranapraia.com.br\/?p=20305"},"modified":"2019-10-01T08:18:32","modified_gmt":"2019-10-01T11:18:32","slug":"dois-pesquisadores-brasileiros-vencem-premio-alemao-green-talents","status":"publish","type":"post","link":"https:\/\/www.paranapraia.com.br\/index.php\/2019\/10\/01\/dois-pesquisadores-brasileiros-vencem-premio-alemao-green-talents\/","title":{"rendered":"Dois pesquisadores brasileiros vencem pr\u00eamio alem\u00e3o Green Talents"},"content":{"rendered":"\n<h4 class=\"wp-block-heading\">No total, 19 brasileiros venceram o pr\u00eamio desde o lan\u00e7amento da iniciativa em 2009.<br><\/h4>\n\n\n\n<p>Nas pr\u00f3ximas duas semanas, o governo da Alemanha promove em Berlim o encontro entre jovens cientistas com a elite alem\u00e3 de pesquisadores das \u00e1reas da ci\u00eancia e da sustentabilidade. O interc\u00e2mbio de ideias \u00e9 base para futuras coopera\u00e7\u00f5es com o pa\u00eds, por meio da competi\u00e7\u00e3o Green Talents que \u00e9 realizada todos os anos pelo Minist\u00e9rio Federal da Educa\u00e7\u00e3o e Pesquisa da Alemanha (BMBF), representado pela Ministra Anja Karliczek.<\/p>\n\n\n\n<p>Um j\u00fari formado por renomados especialistas alem\u00e3es selecionou para esta edi\u00e7\u00e3o 25 cientistas promissores entre 837 candidatos de mais de 97 pa\u00edses. Pela primeira vez na competi\u00e7\u00e3o, Camar\u00f5es, L\u00edbano, Marrocos e Papua Nova Guin\u00e9 est\u00e3o entre os pa\u00edses de origem dos vencedores -, que encaminharam suas iniciativas para o concurso em maio deste ano.<\/p>\n\n\n\n<p>Entre os brasileiros, a pesquisadora de Vit\u00f3ria (ES), Luisa Cortat Simonetti Gon\u00e7alves Coutinho, 31 anos, doutoranda dupla titula\u00e7\u00e3o em Direitos e Garantias Fundamentais pela Faculdade de Direito de Vit\u00f3ria (FDV) e em Direito Internacional Ambiental, pela Universidade de Maastricht (Holanda), destacou-se na competi\u00e7\u00e3o com um projeto de pesquisa que analiza iniciativas legislativas, privadas e corporativas, para reduzir a polui\u00e7\u00e3o pl\u00e1stica nos oceanos. Lu\u00edsa analisou treze instrumentos e protocolos internacionais j\u00e1 existentes \u2013 tanto das chamadas hard law quanto das chamadas soft law. Sua an\u00e1lise mostra que nenhum deles est\u00e1 abordando especificamente o problema, mas aponta v\u00e1rios aspectos essenciais a serem considerados pelos Estados ao projetar uma solu\u00e7\u00e3o sustent\u00e1vel que enfrente a polui\u00e7\u00e3o pl\u00e1stica nas \u00e1guas internacionais. Al\u00e9m disso, fez estudos de casos de iniciativas privadas, de ONGs e empresas, por exemplo, que lidam com polui\u00e7\u00e3o por pl\u00e1sticos, concentrando-se no aspecto da responsabilidade social corporativa. Ela pretende derivar princ\u00edpios para uma combina\u00e7\u00e3o de pol\u00edticas apropriada, uma estrutura te\u00f3rica ideal para solu\u00e7\u00f5es ambientais e que levem em considera\u00e7\u00e3o as intera\u00e7\u00f5es entre governo, sociedade civil e empresas. O objetivo final \u00e9 auxiliar na constru\u00e7\u00e3o de uma regulamenta\u00e7\u00e3o ambiental eficaz.<\/p>\n\n\n\n<p>O projeto de pesquisa do florianopolitano Marcelo Menezes Morato, 24 anos, tem foco no controle e na supervis\u00e3o de microrredes renov\u00e1veis baseadas na Ind\u00fastria da Cana-de-A\u00e7\u00facar brasileira. Seu trabalho de pesquisa investigou como esta ind\u00fastria poderia constituir uma alternativa vi\u00e1vel para o futuro da gera\u00e7\u00e3o de energia no Brasil, por meio do uso de seus bio-res\u00edduos (baga\u00e7o, palhi\u00e7o, vinha\u00e7a) combinados a sistemas renov\u00e1veis externos (pain\u00e9is fotovolt\u00e1icos e turbinas e\u00f3licas). Esta ideia garantiria aumento da efici\u00eancia e da sustentabilidade destes sistemas e poderia servir como planejamento estrat\u00e9gico para o desenvolvimento do Pa\u00eds, dado a propor\u00e7\u00e3o da ind\u00fastria sucroalcooeira. Doutorando em Engenharia de Controle e Automa\u00e7\u00e3o pela Universidade Federal de Santa Catarina, Marcelo impressionou a bancada alem\u00e3 de especialistas com sua abordagem pr\u00e1tica para tornar a integra\u00e7\u00e3o de fontes de energia renov\u00e1vel poss\u00edvel e menos propensa a erros. A Engenharia de Controle e Automa\u00e7\u00e3o \u00e9 de grande import\u00e2ncia para a as matrizes energ\u00e9ticas do futuro, com fontes de energia diversificadas, pois projeta os sistemas de integra\u00e7\u00e3o e coordena\u00e7\u00e3o destes geradores m\u00faltiplos.<\/p>\n\n\n\n<p>Em sua 10\u00aa edi\u00e7\u00e3o, o concurso Green Talents oferece uma plataforma para que jovens talentos da pesquisa de todo o mundo compartilhem os seus projetos nas \u00e1reas da ci\u00eancia e desenvolvimento sustent\u00e1vel. As iniciativas s\u00e3o reconhecidas pela capacidade inovadora de tornar a sociedade mais sustent\u00e1vel, abrangendo diversas \u00e1reas da economia com ideias criativas capazes de responder as quest\u00f5es atuais mais urgentes sobre prote\u00e7\u00e3o ambiental e sustentabilidade. Essas quest\u00f5es, bem como os desafios enfrentados pelo meio ambiente em geral, exigem coopera\u00e7\u00e3o cient\u00edfica internacional.<\/p>\n\n\n\n<p>O pr\u00eamio \u00e9 uma das disputadas vagas para o \u201cGreen Talents \u2013 International Forum for High Potentials in Sustainable Development\u201d. Os vencedores contam com duas semanas de intera\u00e7\u00e3o com importantes especialistas em algumas das mais renomadas institui\u00e7\u00f5es e empresas de pesquisa do mundo, incluindo o Centro de Pesquisa de Intelig\u00eancia Artificial da Alemanha, em Saarbr\u00fccken, o Instituto para Seguran\u00e7a Humana e Ambiental da Universidade das Na\u00e7\u00f5es Unidas, em Bonn, e o Instituto Wuppertal para o Clima, Meio Ambiente e Energia. A Germanwatch e. V., organiza\u00e7\u00e3o n\u00e3o governamental sediada em Bonn, tamb\u00e9m faz parte da agenda, al\u00e9m da empresa Covestro AG, que ir\u00e1 se apresentar na K 2019, feira de com\u00e9rcio de pl\u00e1sticos e borracha a ser realizada em D\u00fcsseldorf. Al\u00e9m disso, os pesquisadores poder\u00e3o trocar ideias com importantes especialistas alem\u00e3es em reuni\u00f5es individuais para obter uma vis\u00e3o aprofundada do sistema de inova\u00e7\u00e3o do pa\u00eds, de forma que eles aprendam sobre as suas abordagens e tecnologias de \u00faltima gera\u00e7\u00e3o. Eles tamb\u00e9m ganham acesso exclusivo \u00e0 Rede Green Talents\u201d, composta por alunos de diversos pa\u00edses que atuam no segmento de desenvolvimento sustent\u00e1vel.<\/p>\n\n\n\n<p>O v\u00ednculo e o interc\u00e2mbio de ideias entre os mais inovadores participantes da comunidade cient\u00edfica \u00e9 base para futuras coopera\u00e7\u00f5es. Estas atividades t\u00eam o respaldo do convite para retornarem \u00e0 Alemanha em 2020 para uma estadia de pesquisa de tr\u00eas meses, totalmente financiada pelo governo alem\u00e3o na institui\u00e7\u00e3o que escolherem.<\/p>\n\n\n\n<p>Os 25 ganhadores ser\u00e3o homenageados em cerim\u00f4nia de premia\u00e7\u00e3o no dia 24 de outubro no BMBF \u2013 Minist\u00e9rio Federal da Educa\u00e7\u00e3o e Pesquisa (Kapelle-Ufer 1, 10117), em Berlim.<\/p>\n\n\n\n<p>Ciclo Vivo<br><\/p>\n","protected":false},"excerpt":{"rendered":"<p>No total, 19 brasileiros venceram o pr\u00eamio desde o lan\u00e7amento da iniciativa em 2009. Nas pr\u00f3ximas duas semanas, o governo da Alemanha promove em Berlim o encontro entre jovens cientistas com a elite alem\u00e3 de pesquisadores das \u00e1reas da ci\u00eancia e da sustentabilidade. O interc\u00e2mbio de ideias \u00e9 base para futuras coopera\u00e7\u00f5es com o pa\u00eds, [&hellip;]<\/p>\n","protected":false},"author":2,"featured_media":20306,"comment_status":"open","ping_status":"open","sticky":false,"template":"","format":"standard","meta":{"advanced_seo_description":"","jetpack_seo_html_title":"","jetpack_seo_noindex":false,"_jetpack_memberships_contains_paid_content":false,"footnotes":""},"categories":[40],"tags":[],"class_list":{"0":"post-20305","1":"post","2":"type-post","3":"status-publish","4":"format-standard","5":"has-post-thumbnail","7":"category-destaques"},"jetpack_featured_media_url":"https:\/\/www.paranapraia.com.br\/wp-content\/uploads\/2019\/10\/talent.jpg","jetpack_sharing_enabled":true,"_links":{"self":[{"href":"https:\/\/www.paranapraia.com.br\/index.php\/wp-json\/wp\/v2\/posts\/20305"}],"collection":[{"href":"https:\/\/www.paranapraia.com.br\/index.php\/wp-json\/wp\/v2\/posts"}],"about":[{"href":"https:\/\/www.paranapraia.com.br\/index.php\/wp-json\/wp\/v2\/types\/post"}],"author":[{"embeddable":true,"href":"https:\/\/www.paranapraia.com.br\/index.php\/wp-json\/wp\/v2\/users\/2"}],"replies":[{"embeddable":true,"href":"https:\/\/www.paranapraia.com.br\/index.php\/wp-json\/wp\/v2\/comments?post=20305"}],"version-history":[{"count":1,"href":"https:\/\/www.paranapraia.com.br\/index.php\/wp-json\/wp\/v2\/posts\/20305\/revisions"}],"predecessor-version":[{"id":20307,"href":"https:\/\/www.paranapraia.com.br\/index.php\/wp-json\/wp\/v2\/posts\/20305\/revisions\/20307"}],"wp:featuredmedia":[{"embeddable":true,"href":"https:\/\/www.paranapraia.com.br\/index.php\/wp-json\/wp\/v2\/media\/20306"}],"wp:attachment":[{"href":"https:\/\/www.paranapraia.com.br\/index.php\/wp-json\/wp\/v2\/media?parent=20305"}],"wp:term":[{"taxonomy":"category","embeddable":true,"href":"https:\/\/www.paranapraia.com.br\/index.php\/wp-json\/wp\/v2\/categories?post=20305"},{"taxonomy":"post_tag","embeddable":true,"href":"https:\/\/www.paranapraia.com.br\/index.php\/wp-json\/wp\/v2\/tags?post=20305"}],"curies":[{"name":"wp","href":"https:\/\/api.w.org\/{rel}","templated":true}]}}