{"id":20302,"date":"2019-10-01T08:15:53","date_gmt":"2019-10-01T11:15:53","guid":{"rendered":"https:\/\/www.paranapraia.com.br\/?p=20302"},"modified":"2019-10-01T08:15:54","modified_gmt":"2019-10-01T11:15:54","slug":"marcos-zanatti-encerra-a-segunda-noite-da-jornada-municipal-da-comunicacao-de-paranagua","status":"publish","type":"post","link":"https:\/\/www.paranapraia.com.br\/index.php\/2019\/10\/01\/marcos-zanatti-encerra-a-segunda-noite-da-jornada-municipal-da-comunicacao-de-paranagua\/","title":{"rendered":"Marcos Zanatti encerra a segunda noite da Jornada Municipal da Comunica\u00e7\u00e3o  de Paranagu\u00e1"},"content":{"rendered":"\n<h4 class=\"wp-block-heading\">Tema Ubiquidade Digital: a import\u00e2ncia da unidade do discurso das marcas nessa fase de comunica\u00e7\u00e3o fez presentes refletirem<\/h4>\n\n\n\n<p>\n\nO publicit\u00e1rio Marcos Zanatti encerrou o ciclo de palestras na segunda noite da Jornada Municipal de Comunica\u00e7\u00e3o com o tema Ubiquidade Digital: a import\u00e2ncia da unidade do discurso das marcas nessa fase de comunica\u00e7\u00e3o.<\/p>\n\n\n\n<p>&#8220;A ubiquidade digital \u00e9 algo que est\u00e1 atualmente em todos os lugares. Por exemplo a internet. Ubiquidade \u00e9 aquilo que s\u00f3 se sente falta quando n\u00e3o a tem mais&#8221;, explica o publicit\u00e1rio.<\/p>\n\n\n\n<p>Marcos Zanatti conquistou pr\u00eamios como Young Lions Brazil, The New York Festivals, short-list em Cannes e The Funniest Spots of the world (TV SAT Berlin), al\u00e9m de diversos pr\u00eamios nacionais. Foi Diretor de Cria\u00e7\u00e3o da Exclam e Z. e VP da Propeg Nordeste e da Z. Ogilvy, e Creative Technologist na Carne em S\u00e3o Paulo.<\/p>\n\n\n\n<p>O profissional destaca que contar com eventos como a Jornada Municipal da Comunica\u00e7\u00e3o \u00e9 oportunizar as pessoas em expor sua opini\u00e3o. &#8220;Estamos numa era da comunica\u00e7\u00e3o que as pessoas tem poder de voz. Antigamente a comunica\u00e7\u00e3o vinha apenas de um lado e hoje as pessoas tamb\u00e9m participam ativamente da informa\u00e7\u00e3o transmitida e isso \u00e9 fundamental. Desenvolver debates sobre comunica\u00e7\u00e3o empodera a popula\u00e7\u00e3o&#8221;, ressalta.<\/p>\n\n\n\n<p>Assessoria<br><\/p>\n","protected":false},"excerpt":{"rendered":"<p>Tema Ubiquidade Digital: a import\u00e2ncia da unidade do discurso das marcas nessa fase de comunica\u00e7\u00e3o fez presentes refletirem O publicit\u00e1rio Marcos Zanatti encerrou o ciclo de palestras na segunda noite da Jornada Municipal de Comunica\u00e7\u00e3o com o tema Ubiquidade Digital: a import\u00e2ncia da unidade do discurso das marcas nessa fase de comunica\u00e7\u00e3o. &#8220;A ubiquidade digital [&hellip;]<\/p>\n","protected":false},"author":2,"featured_media":20303,"comment_status":"open","ping_status":"open","sticky":false,"template":"","format":"standard","meta":{"advanced_seo_description":"","jetpack_seo_html_title":"","jetpack_seo_noindex":false,"_jetpack_memberships_contains_paid_content":false,"footnotes":""},"categories":[42],"tags":[],"class_list":{"0":"post-20302","1":"post","2":"type-post","3":"status-publish","4":"format-standard","5":"has-post-thumbnail","7":"category-cidades"},"jetpack_featured_media_url":"https:\/\/www.paranapraia.com.br\/wp-content\/uploads\/2019\/10\/zanati.jpg","jetpack_sharing_enabled":true,"_links":{"self":[{"href":"https:\/\/www.paranapraia.com.br\/index.php\/wp-json\/wp\/v2\/posts\/20302"}],"collection":[{"href":"https:\/\/www.paranapraia.com.br\/index.php\/wp-json\/wp\/v2\/posts"}],"about":[{"href":"https:\/\/www.paranapraia.com.br\/index.php\/wp-json\/wp\/v2\/types\/post"}],"author":[{"embeddable":true,"href":"https:\/\/www.paranapraia.com.br\/index.php\/wp-json\/wp\/v2\/users\/2"}],"replies":[{"embeddable":true,"href":"https:\/\/www.paranapraia.com.br\/index.php\/wp-json\/wp\/v2\/comments?post=20302"}],"version-history":[{"count":1,"href":"https:\/\/www.paranapraia.com.br\/index.php\/wp-json\/wp\/v2\/posts\/20302\/revisions"}],"predecessor-version":[{"id":20304,"href":"https:\/\/www.paranapraia.com.br\/index.php\/wp-json\/wp\/v2\/posts\/20302\/revisions\/20304"}],"wp:featuredmedia":[{"embeddable":true,"href":"https:\/\/www.paranapraia.com.br\/index.php\/wp-json\/wp\/v2\/media\/20303"}],"wp:attachment":[{"href":"https:\/\/www.paranapraia.com.br\/index.php\/wp-json\/wp\/v2\/media?parent=20302"}],"wp:term":[{"taxonomy":"category","embeddable":true,"href":"https:\/\/www.paranapraia.com.br\/index.php\/wp-json\/wp\/v2\/categories?post=20302"},{"taxonomy":"post_tag","embeddable":true,"href":"https:\/\/www.paranapraia.com.br\/index.php\/wp-json\/wp\/v2\/tags?post=20302"}],"curies":[{"name":"wp","href":"https:\/\/api.w.org\/{rel}","templated":true}]}}