{"id":20256,"date":"2019-09-30T12:55:08","date_gmt":"2019-09-30T15:55:08","guid":{"rendered":"https:\/\/www.paranapraia.com.br\/?p=20256"},"modified":"2019-09-30T12:55:14","modified_gmt":"2019-09-30T15:55:14","slug":"colegios-estaduais-trocam-avaliacoes-bimestrais-por-trimestrais-para-2020","status":"publish","type":"post","link":"https:\/\/www.paranapraia.com.br\/index.php\/2019\/09\/30\/colegios-estaduais-trocam-avaliacoes-bimestrais-por-trimestrais-para-2020\/","title":{"rendered":"Col\u00e9gios estaduais trocam avalia\u00e7\u00f5es bimestrais por trimestrais para 2020"},"content":{"rendered":"\n<h4 class=\"wp-block-heading\">Os tr\u00eas trimestres letivos ter\u00e3o in\u00edcio nos dias 5 de fevereiro, 16 de maio e 12 de setembro<\/h4>\n\n\n\n<p>A Secretaria de Estado da Educa\u00e7\u00e3o e do Esporte divulgou o Calend\u00e1rio Escolar para o ano letivo de 2020, elaborado de acordo com a Lei de Diretrizes e Bases da Educa\u00e7\u00e3o Nacional e com a Delibera\u00e7\u00e3o n\u00ba 02\/2018 \u2013 CP\/CEE\/PR. Garantindo os 200 dias letivos, as aulas come\u00e7am no dia 5 de fevereiro, uma quarta-feira, e encerrar\u00e3o em 17 de dezembro.<\/p>\n\n\n\n<p>A maior novidade do Calend\u00e1rio Escolar \u00e9 que ele ser\u00e1 organizado em trimestres para todas as escolas estaduais, padronizando os per\u00edodos de avalia\u00e7\u00e3o para toda a rede estadual de ensino.<\/p>\n\n\n\n<p>A mudan\u00e7a foi definida ap\u00f3s consulta p\u00fablica realizada pela Secretaria com servidores, estudantes e membros da comunidade escolar; 81% dos votos indicaram a prefer\u00eancia pela organiza\u00e7\u00e3o trimestral.<\/p>\n\n\n\n<p>Participaram da elabora\u00e7\u00e3o do Calend\u00e1rio a Associa\u00e7\u00e3o dos Munic\u00edpios do Paran\u00e1, o Conselho Estadual de Educa\u00e7\u00e3o, o Sindicato das Escolas Particulares, a Uni\u00e3o Nacional dos Conselhos Municipais de Educa\u00e7\u00e3o, e a Uni\u00e3o Nacional dos Dirigentes Municipais de Educa\u00e7\u00e3o.<\/p>\n\n\n\n<p><strong>CALEND\u00c1RIO<\/strong><\/p>\n\n\n\n<p>O Calend\u00e1rio Escolar 2020 prev\u00ea a realiza\u00e7\u00e3o de dias de Estudo e Planejamento antes do in\u00edcio de cada trimestre letivo e logo ap\u00f3s o recesso escolar de julho. Dessa forma, os profissionais da Educa\u00e7\u00e3o ter\u00e3o seis dias dedicados exclusivamente ao planejamento das aulas e demais atividades.<\/p>\n\n\n\n<p>Os dias de Estudo e Planejamento est\u00e3o previstos para as datas de 3 e 4 de fevereiro, 15 de maio, 20 e 21 de julho e 11 de setembro.<\/p>\n\n\n\n<p>Os tr\u00eas trimestres letivos ter\u00e3o in\u00edcio nos dias 5 de fevereiro, 16 de maio e 12 de setembro.<\/p>\n\n\n\n<p>Confira&nbsp;<a href=\"http:\/\/www.aen.pr.gov.br\/arquivos\/2709calendario2020.pdf\">AQUI<\/a>&nbsp;o Calend\u00e1rio Escolar 2020<\/p>\n\n\n\n<p><strong>RECESSO<\/strong><\/p>\n\n\n\n<p>Outra mudan\u00e7a \u00e9 o per\u00edodo de recesso escolar em julho, que ter\u00e1 duas semanas completas, com in\u00edcio em 6 de julho e t\u00e9rmino no dia 19. Os profissionais da Educa\u00e7\u00e3o ter\u00e3o os dias 20 e 21 de julho para Estudo e Planejamento. Para os estudantes, as aulas retornam no dia 22 de julho.<\/p>\n\n\n\n<p>AEN<br><\/p>\n\n\n\n<p><br><br><\/p>\n","protected":false},"excerpt":{"rendered":"<p>Os tr\u00eas trimestres letivos ter\u00e3o in\u00edcio nos dias 5 de fevereiro, 16 de maio e 12 de setembro A Secretaria de Estado da Educa\u00e7\u00e3o e do Esporte divulgou o Calend\u00e1rio Escolar para o ano letivo de 2020, elaborado de acordo com a Lei de Diretrizes e Bases da Educa\u00e7\u00e3o Nacional e com a Delibera\u00e7\u00e3o n\u00ba [&hellip;]<\/p>\n","protected":false},"author":2,"featured_media":20257,"comment_status":"open","ping_status":"open","sticky":false,"template":"","format":"standard","meta":{"advanced_seo_description":"","jetpack_seo_html_title":"","jetpack_seo_noindex":false,"_jetpack_memberships_contains_paid_content":false,"footnotes":""},"categories":[40],"tags":[],"class_list":{"0":"post-20256","1":"post","2":"type-post","3":"status-publish","4":"format-standard","5":"has-post-thumbnail","7":"category-destaques"},"jetpack_featured_media_url":"https:\/\/www.paranapraia.com.br\/wp-content\/uploads\/2019\/09\/aen.jpg","jetpack_sharing_enabled":true,"_links":{"self":[{"href":"https:\/\/www.paranapraia.com.br\/index.php\/wp-json\/wp\/v2\/posts\/20256"}],"collection":[{"href":"https:\/\/www.paranapraia.com.br\/index.php\/wp-json\/wp\/v2\/posts"}],"about":[{"href":"https:\/\/www.paranapraia.com.br\/index.php\/wp-json\/wp\/v2\/types\/post"}],"author":[{"embeddable":true,"href":"https:\/\/www.paranapraia.com.br\/index.php\/wp-json\/wp\/v2\/users\/2"}],"replies":[{"embeddable":true,"href":"https:\/\/www.paranapraia.com.br\/index.php\/wp-json\/wp\/v2\/comments?post=20256"}],"version-history":[{"count":1,"href":"https:\/\/www.paranapraia.com.br\/index.php\/wp-json\/wp\/v2\/posts\/20256\/revisions"}],"predecessor-version":[{"id":20258,"href":"https:\/\/www.paranapraia.com.br\/index.php\/wp-json\/wp\/v2\/posts\/20256\/revisions\/20258"}],"wp:featuredmedia":[{"embeddable":true,"href":"https:\/\/www.paranapraia.com.br\/index.php\/wp-json\/wp\/v2\/media\/20257"}],"wp:attachment":[{"href":"https:\/\/www.paranapraia.com.br\/index.php\/wp-json\/wp\/v2\/media?parent=20256"}],"wp:term":[{"taxonomy":"category","embeddable":true,"href":"https:\/\/www.paranapraia.com.br\/index.php\/wp-json\/wp\/v2\/categories?post=20256"},{"taxonomy":"post_tag","embeddable":true,"href":"https:\/\/www.paranapraia.com.br\/index.php\/wp-json\/wp\/v2\/tags?post=20256"}],"curies":[{"name":"wp","href":"https:\/\/api.w.org\/{rel}","templated":true}]}}