{"id":20253,"date":"2019-09-30T12:46:41","date_gmt":"2019-09-30T15:46:41","guid":{"rendered":"https:\/\/www.paranapraia.com.br\/?p=20253"},"modified":"2019-09-30T12:46:44","modified_gmt":"2019-09-30T15:46:44","slug":"webserie-no-youtube-traz-historias-da-grande-reserva-mata-atlantica","status":"publish","type":"post","link":"https:\/\/www.paranapraia.com.br\/index.php\/2019\/09\/30\/webserie-no-youtube-traz-historias-da-grande-reserva-mata-atlantica\/","title":{"rendered":"Webs\u00e9rie no Youtube traz \u201cHist\u00f3rias da Grande Reserva Mata Atl\u00e2ntica\u201d"},"content":{"rendered":"\n<h4 class=\"wp-block-heading\">Personagens marcantes, esp\u00e9cies raras e iniciativas que fazem do bioma um verdadeiro patrim\u00f4nio natural e cultural integram a s\u00e9rie.<\/h4>\n\n\n\n<p>O primeiro epis\u00f3dio da segunda temporada da webs\u00e9rie Hist\u00f3rias da Grande Reserva Mata Atl\u00e2ntica j\u00e1 pode ser conferido no\u00a0canal do YouTube\u00a0e na p\u00e1gina do\u00a0Facebook da iniciativa. Ao todo, a temporada contar\u00e1 com dez epis\u00f3dios que ser\u00e3o lan\u00e7ados semanalmente aos domingos. Com dura\u00e7\u00e3o entre 5 e 10 minutos, cada v\u00eddeo tem como objetivo fomentar o interesse local, nacional e internacional no maior remanescente cont\u00ednuo do bioma e divulgar a rica hist\u00f3ria natural e cultural da regi\u00e3o.<\/p>\n\n\n\n<p>A iniciativa da Grande Reserva Mata Atl\u00e2ntica se baseia no conceito de \u201cProdu\u00e7\u00e3o de Natureza\u201d. O trabalho busca valorizar as a\u00e7\u00f5es de conserva\u00e7\u00e3o que geram oportunidades para o desenvolvimento regional, onde \u00e1reas naturais bem conservadas, a biodiversidade exuberante e a cultura local s\u00e3o meios para novos empreendimentos, gera\u00e7\u00e3o de emprego e renda para as popula\u00e7\u00f5es locais.<\/p>\n\n\n\n<p>O respons\u00e1vel t\u00e9cnico da Sociedade de Pesquisa em Vida Selvagem e Educa\u00e7\u00e3o Ambiental (SPVS), Ricardo Aguiar Borges, que est\u00e1 \u00e0 frente da iniciativa, explica que essa \u00e1rea abrange o \u00faltimo grande remanescente cont\u00ednuo do bioma, com quase 2 milh\u00f5es de hectares bem conservados. \u201cA nossa hist\u00f3ria foi constru\u00edda na Mata Atl\u00e2ntica e ela \u00e9 testemunha do desenvolvimento da nossa na\u00e7\u00e3o, abrigando algumas das maiores cidades brasileiras, como Curitiba e S\u00e3o Paulo. O remanescente do bioma \u00e9 uma grande \u00e1rea produtiva que nos protege contra as mudan\u00e7as clim\u00e1ticas e garante nossa seguran\u00e7a econ\u00f4mica, nossa sa\u00fade e bem-estar. Na webs\u00e9rie tentamos mostrar a riqueza natural e cultural desta regi\u00e3o a partir dos relatos de pessoas reais, que vivem aqui e nos inspiram com suas hist\u00f3rias\u201d, ressalta.<\/p>\n\n\n\n<p>Nesta temporada, a fauna \u00e9 o tema do primeiro epis\u00f3dio tendo como protagonista a on\u00e7a-pintada (Panthera onca). Atualmente classificada como \u201cvulner\u00e1vel\u201d pelo Livro Vermelho da Fauna Brasileira Amea\u00e7ada de Extin\u00e7\u00e3o de 2018, elaborado pelo Instituto Chico Mendes de Conserva\u00e7\u00e3o da Biodiversidade (ICMBio), a on\u00e7a-pintada \u00e9 o maior mam\u00edfero do continente americano e conta com registros recentes na regi\u00e3o da Serra do Mar paulista e paranaense, o que indica o bom estado de conserva\u00e7\u00e3o desse local.<\/p>\n\n\n\n<figure class=\"wp-block-image\"><img decoding=\"async\" src=\"https:\/\/cdn-cv.r4you.co\/wp-content\/uploads\/2019\/09\/silhuetas-no-por-do-sol-da-Ilha-do-Mel-1024x683.jpg\" alt=\"Praia ilha do mel\" class=\"wp-image-69821\"\/><figcaption>A Ilha do Mel, no Paran\u00e1, \u00e9 um dos locais destacados. | Foto: Samanta Carvalho<\/figcaption><\/figure>\n\n\n\n<figure class=\"wp-block-image\"><a href=\"https:\/\/cdn-cv.r4you.co\/wp-content\/uploads\/2019\/09\/homens-com-camera-na-praia.jpg\" target=\"_blank\" rel=\"noreferrer noopener\"><img decoding=\"async\" src=\"https:\/\/cdn-cv.r4you.co\/wp-content\/uploads\/2019\/09\/homens-com-camera-na-praia-1024x575.jpg\" alt=\"Grava\u00e7\u00e3o na Ilha do Cardoso.\" class=\"wp-image-69824\"\/><\/a><figcaption>Making-off da grava\u00e7\u00e3o na Ilha do Cardoso, em S\u00e3o Paulo. Foto: Ana Carolina Franken.<\/figcaption><\/figure>\n\n\n\n<p>Um dos destaques da temporada \u00e9 o epis\u00f3dio que conta um pouco da hist\u00f3ria e das tradi\u00e7\u00f5es dos \u00edndios guarani mby\u00e1, da aldeia Pindoty, que vivem na Terra Ind\u00edgena Ilha da Cotinga, em Paranagu\u00e1, no litoral do Paran\u00e1. O jornalista e filmmaker do projeto, Gabriel Eloi de Marchi, descreve a experi\u00eancia de sair do ambiente urbano para uma imers\u00e3o na Mata Atl\u00e2ntica como nova e desafiadora. \u201cTodas as hist\u00f3rias e locais que conhecemos est\u00e3o no \u2018quintal\u2019 da nossa casa e eu simplesmente n\u00e3o fazia ideia do quanto \u00e9 incr\u00edvel. Sem d\u00favida a nossa visita \u00e0 comunidade ind\u00edgena me marcou muito. Foi como se estiv\u00e9ssemos sendo transportados para outro mundo em menos de 30 minutos, de barco\u201d, explica Marchi.<\/p>\n\n\n\n<p>Tamb\u00e9m ser\u00e3o contadas hist\u00f3rias de personagens como Henrique Paulo Schmidlin, conhecido como Vitamina, de 87 anos, que \u00e9 um dos precursores do montanhismo paranaense e praticante ativo at\u00e9 hoje, e de empreendimentos como a Cave Colinas de Pedra, \u00e1rea de 45 hectares localizada a dez quil\u00f4metros do Pico Marumbi e nos fundos da Esta\u00e7\u00e3o Ferrovi\u00e1ria de Ro\u00e7a Nova, no munic\u00edpio de Piraquara, destinado ao processo de matura\u00e7\u00e3o de vinhos espumantes.<\/p>\n\n\n\n<p>Al\u00e9m disso, unidades de conserva\u00e7\u00e3o como o Legado das \u00c1guas, a maior reserva privada da Mata Atl\u00e2ntica, a Esta\u00e7\u00e3o Ecol\u00f3gica de Jureia-Itatins e o Parque Estadual da Ilha do Cardoso, em territ\u00f3rio paulista, al\u00e9m da Ilha do Mel e da ba\u00eda de Guaratuba, no Paran\u00e1, tamb\u00e9m marcam presen\u00e7a nesta temporada da webs\u00e9rie.<\/p>\n\n\n\n<p>A primeira temporada, lan\u00e7ada no in\u00edcio do ano, contou com dez epis\u00f3dios e atingiu uma marca de mais de 155 mil visualiza\u00e7\u00f5es e aproximadamente 500 mil intera\u00e7\u00f5es, apenas no Facebook. Al\u00e9m da SPVS, a Funda\u00e7\u00e3o Grupo Botic\u00e1rio de Prote\u00e7\u00e3o \u00e0 Natureza \u00e9 parceiro direto dessa iniciativa.<\/p>\n\n\n\n<p>Ciclo Vivo<br><\/p>\n\n\n\n<p><br><\/p>\n","protected":false},"excerpt":{"rendered":"<p>Personagens marcantes, esp\u00e9cies raras e iniciativas que fazem do bioma um verdadeiro patrim\u00f4nio natural e cultural integram a s\u00e9rie. O primeiro epis\u00f3dio da segunda temporada da webs\u00e9rie Hist\u00f3rias da Grande Reserva Mata Atl\u00e2ntica j\u00e1 pode ser conferido no\u00a0canal do YouTube\u00a0e na p\u00e1gina do\u00a0Facebook da iniciativa. Ao todo, a temporada contar\u00e1 com dez epis\u00f3dios que ser\u00e3o [&hellip;]<\/p>\n","protected":false},"author":2,"featured_media":20254,"comment_status":"open","ping_status":"open","sticky":false,"template":"","format":"standard","meta":{"advanced_seo_description":"","jetpack_seo_html_title":"","jetpack_seo_noindex":false,"_jetpack_memberships_contains_paid_content":false,"footnotes":""},"categories":[34],"tags":[],"class_list":{"0":"post-20253","1":"post","2":"type-post","3":"status-publish","4":"format-standard","5":"has-post-thumbnail","7":"category-meio-ambiente"},"jetpack_featured_media_url":"https:\/\/www.paranapraia.com.br\/wp-content\/uploads\/2019\/09\/foresta.jpg","jetpack_sharing_enabled":true,"_links":{"self":[{"href":"https:\/\/www.paranapraia.com.br\/index.php\/wp-json\/wp\/v2\/posts\/20253"}],"collection":[{"href":"https:\/\/www.paranapraia.com.br\/index.php\/wp-json\/wp\/v2\/posts"}],"about":[{"href":"https:\/\/www.paranapraia.com.br\/index.php\/wp-json\/wp\/v2\/types\/post"}],"author":[{"embeddable":true,"href":"https:\/\/www.paranapraia.com.br\/index.php\/wp-json\/wp\/v2\/users\/2"}],"replies":[{"embeddable":true,"href":"https:\/\/www.paranapraia.com.br\/index.php\/wp-json\/wp\/v2\/comments?post=20253"}],"version-history":[{"count":1,"href":"https:\/\/www.paranapraia.com.br\/index.php\/wp-json\/wp\/v2\/posts\/20253\/revisions"}],"predecessor-version":[{"id":20255,"href":"https:\/\/www.paranapraia.com.br\/index.php\/wp-json\/wp\/v2\/posts\/20253\/revisions\/20255"}],"wp:featuredmedia":[{"embeddable":true,"href":"https:\/\/www.paranapraia.com.br\/index.php\/wp-json\/wp\/v2\/media\/20254"}],"wp:attachment":[{"href":"https:\/\/www.paranapraia.com.br\/index.php\/wp-json\/wp\/v2\/media?parent=20253"}],"wp:term":[{"taxonomy":"category","embeddable":true,"href":"https:\/\/www.paranapraia.com.br\/index.php\/wp-json\/wp\/v2\/categories?post=20253"},{"taxonomy":"post_tag","embeddable":true,"href":"https:\/\/www.paranapraia.com.br\/index.php\/wp-json\/wp\/v2\/tags?post=20253"}],"curies":[{"name":"wp","href":"https:\/\/api.w.org\/{rel}","templated":true}]}}