{"id":20249,"date":"2019-09-30T12:42:41","date_gmt":"2019-09-30T15:42:41","guid":{"rendered":"https:\/\/www.paranapraia.com.br\/?p=20249"},"modified":"2019-09-30T12:42:44","modified_gmt":"2019-09-30T15:42:44","slug":"terreno-que-abrigava-montanha-de-lixo-vira-horta-em-curitiba","status":"publish","type":"post","link":"https:\/\/www.paranapraia.com.br\/index.php\/2019\/09\/30\/terreno-que-abrigava-montanha-de-lixo-vira-horta-em-curitiba\/","title":{"rendered":"Terreno que abrigava montanha de lixo vira horta em Curitiba"},"content":{"rendered":"\n<h4 class=\"wp-block-heading\">O terreno baldio de 300 m2 foi ponto de descarte de lixo por quatro d\u00e9cadas, mas a Associa\u00e7\u00e3o de Moradores do bairro se uniu para mudar esta realidade.<br><\/h4>\n\n\n\n<p>Por quatro d\u00e9cadas, o terreno no cruzamento das ruas Afr\u00e2nio Peixoto com Alcir Martins Bastos, no Fazendinha, foi uma constante montanha de lixo. Mas neste \u00faltimo ano o espa\u00e7o virou uma produtiva horta comunit\u00e1ria de alimentos org\u00e2nicos, cart\u00e3o-postal do bairro.<\/p>\n\n\n\n<p>A batalha pela transforma\u00e7\u00e3o do terreno foi da Associa\u00e7\u00e3o de Moradores Amigos do Fazendinha. No ano passado a Prefeitura, por meio da Administra\u00e7\u00e3o Regional do Port\u00e3o, liberou o terreno e deu assist\u00eancia t\u00e9cnica para a implanta\u00e7\u00e3o de uma horta, inaugurada em dezembro passado.<\/p>\n\n\n\n<p>Quase dez meses depois os vizinhos comemoram a transforma\u00e7\u00e3o da paisagem do terreno de quase 300 metros quadrados e viraram clientes da horta.<\/p>\n\n\n\n<p>\u201cEra uma montanha de lixo, a Prefeitura vinha e limpava, mas n\u00e3o durava nem um m\u00eas e voltava tudo. Agora \u00e9 uma beleza de uma horta, as pessoas at\u00e9 param pra fotograf\u00e1-la e a gente pode comprar verduras fresquinhas\u201d, disse Aparecida de F\u00e1tima Amadeu.<\/p>\n\n\n\n<h2 class=\"wp-block-heading\">Agricultores urbanos<\/h2>\n\n\n\n<p>A horta \u00e9 cultivada por cerca de dez pessoas da associa\u00e7\u00e3o comunit\u00e1ria. A Secretaria Municipal de Seguran\u00e7a Alimentar e Nutricional levou terra f\u00e9rtil para garantir mais uma boa safra de alimentos, al\u00e9m de botas e ferramentas que tamb\u00e9m foram distribu\u00eddas ao grupo de agricultores urbanos.<\/p>\n\n\n\n<p>Para ajudar nos custos da conta de \u00e1gua para irriga\u00e7\u00e3o dos canteiros a associa\u00e7\u00e3o vende parte da produ\u00e7\u00e3o de hortali\u00e7as a pre\u00e7o baixos.<\/p>\n\n\n\n<p>Moradora e cliente, Ald\u00e9cia Maria Mattos diz que a chegada da horta melhorou muito a alimenta\u00e7\u00e3o da fam\u00edlia.<\/p>\n\n\n\n<p>\u201cPrefiro comprar aqui porque sei que n\u00e3o tem agrot\u00f3xico, levo um alimento saud\u00e1vel para casa. Gosto muito da r\u00facula e da couve\u201d, disse Ald\u00e9cia.<\/p>\n\n\n\n<figure class=\"wp-block-image\"><img decoding=\"async\" src=\"https:\/\/cdn-cv.r4you.co\/wp-content\/uploads\/2019\/09\/00273477-1-1024x683.jpg\" alt=\"\" class=\"wp-image-69835\"\/><figcaption>Horta comunit\u00e1ria do Fazendinha. \u2013 Na imagem, Marlene Gon\u00e7alves Kadowaki, Aparecida de F\u00e1tima Amadeu, Neuza Pereira da Silva e Ald\u00e9cia Maria Mattos. Foto: Luiz costa\/ SMCS.<\/figcaption><\/figure>\n\n\n\n<p>O controle da produ\u00e7\u00e3o org\u00e2nica \u00e9 levado a s\u00e9rio pela presidente da Associa\u00e7\u00e3o Comunit\u00e1ria Amigos da Fazendinha, Marlene Gon\u00e7alves Kadowaki. Ela at\u00e9 excluiu integrantes que tentaram bular a regra.<\/p>\n\n\n\n<p>\u201cAqui n\u00e3o entra veneno nenhum, os que vieram com essa inten\u00e7\u00e3o tiveram que sair. Temos abelhas nativas, temos fam\u00edlias que confiam na nossa produ\u00e7\u00e3o limpa\u201d, disse.<\/p>\n\n\n\n<p>A Prefeitura de Curitiba vem implementando diversas hortas comunit\u00e1rias pela cidade, uma delas\u00a0beneficia mais de 550 pessoas. Eles tamb\u00e9m desenvolveram este ano um projeto de uma\u00a0Fazenda Urbana em meio \u00e0 cidade.<\/p>\n\n\n\n<p>da\u00a0Prefeitura de Curitiba<br><\/p>\n","protected":false},"excerpt":{"rendered":"<p>O terreno baldio de 300 m2 foi ponto de descarte de lixo por quatro d\u00e9cadas, mas a Associa\u00e7\u00e3o de Moradores do bairro se uniu para mudar esta realidade. Por quatro d\u00e9cadas, o terreno no cruzamento das ruas Afr\u00e2nio Peixoto com Alcir Martins Bastos, no Fazendinha, foi uma constante montanha de lixo. Mas neste \u00faltimo ano [&hellip;]<\/p>\n","protected":false},"author":2,"featured_media":20250,"comment_status":"open","ping_status":"open","sticky":false,"template":"","format":"standard","meta":{"advanced_seo_description":"","jetpack_seo_html_title":"","jetpack_seo_noindex":false,"_jetpack_memberships_contains_paid_content":false,"footnotes":""},"categories":[34],"tags":[],"class_list":{"0":"post-20249","1":"post","2":"type-post","3":"status-publish","4":"format-standard","5":"has-post-thumbnail","7":"category-meio-ambiente"},"jetpack_featured_media_url":"https:\/\/www.paranapraia.com.br\/wp-content\/uploads\/2019\/09\/hortaa.jpg","jetpack_sharing_enabled":true,"_links":{"self":[{"href":"https:\/\/www.paranapraia.com.br\/index.php\/wp-json\/wp\/v2\/posts\/20249"}],"collection":[{"href":"https:\/\/www.paranapraia.com.br\/index.php\/wp-json\/wp\/v2\/posts"}],"about":[{"href":"https:\/\/www.paranapraia.com.br\/index.php\/wp-json\/wp\/v2\/types\/post"}],"author":[{"embeddable":true,"href":"https:\/\/www.paranapraia.com.br\/index.php\/wp-json\/wp\/v2\/users\/2"}],"replies":[{"embeddable":true,"href":"https:\/\/www.paranapraia.com.br\/index.php\/wp-json\/wp\/v2\/comments?post=20249"}],"version-history":[{"count":1,"href":"https:\/\/www.paranapraia.com.br\/index.php\/wp-json\/wp\/v2\/posts\/20249\/revisions"}],"predecessor-version":[{"id":20251,"href":"https:\/\/www.paranapraia.com.br\/index.php\/wp-json\/wp\/v2\/posts\/20249\/revisions\/20251"}],"wp:featuredmedia":[{"embeddable":true,"href":"https:\/\/www.paranapraia.com.br\/index.php\/wp-json\/wp\/v2\/media\/20250"}],"wp:attachment":[{"href":"https:\/\/www.paranapraia.com.br\/index.php\/wp-json\/wp\/v2\/media?parent=20249"}],"wp:term":[{"taxonomy":"category","embeddable":true,"href":"https:\/\/www.paranapraia.com.br\/index.php\/wp-json\/wp\/v2\/categories?post=20249"},{"taxonomy":"post_tag","embeddable":true,"href":"https:\/\/www.paranapraia.com.br\/index.php\/wp-json\/wp\/v2\/tags?post=20249"}],"curies":[{"name":"wp","href":"https:\/\/api.w.org\/{rel}","templated":true}]}}