{"id":20245,"date":"2019-09-30T12:38:19","date_gmt":"2019-09-30T15:38:19","guid":{"rendered":"https:\/\/www.paranapraia.com.br\/?p=20245"},"modified":"2019-09-30T12:38:21","modified_gmt":"2019-09-30T15:38:21","slug":"onibus-pega-fogo-e-passageiros-precisam-escapar-pela-saida-de-emergencia","status":"publish","type":"post","link":"https:\/\/www.paranapraia.com.br\/index.php\/2019\/09\/30\/onibus-pega-fogo-e-passageiros-precisam-escapar-pela-saida-de-emergencia\/","title":{"rendered":"\u00d4nibus pega fogo e passageiros precisam escapar pela sa\u00edda de emerg\u00eancia"},"content":{"rendered":"\n<h4 class=\"wp-block-heading\">Apesar do susto, todos conseguiram sair e ningu\u00e9m ficou ferido<\/h4>\n\n\n\n<p>Passageiros de um transporte p\u00fablico, que estavam a caminho do trabalho, na manh\u00e3 desta segunda-feira (30), se desesperaram quando uma parte do ve\u00edculo come\u00e7ou a pegar fogo. A situa\u00e7\u00e3o aconteceu na Rodovia dos Min\u00e9rios, em Almirante Tamandar\u00e9, regi\u00e3o metropolitana de Curitiba. Cerca de 70 pessoas estavam dentro do ve\u00edculo e, devido a fuma\u00e7a, quatro foram encaminhadas a Unidade de Pronto Atendimento (UPA) de Almirante Tamandar\u00e9.<\/p>\n\n\n\n<p>O princ\u00edpio de inc\u00eandio aconteceu no \u00f4nibus que fazia a linha Rio Branco do Sul\/Curitiba. Segundo Sirlei Gabardo, moradora da regi\u00e3o que presenciou a situa\u00e7\u00e3o, quando o ve\u00edculo come\u00e7ou a pegar fogo, o motorista j\u00e1 encostou na lateral da rodovia.<\/p>\n\n\n\n<p>\u201cSaiu bastante fuma\u00e7a, ent\u00e3o todo mundo come\u00e7ou a pular pela janela de emerg\u00eancia. O \u00f4nibus estava cheio. Alguns pegaram o \u00f4nibus de volta para Rio Branco do Sul e foram para casa, pois n\u00e3o tinha nem como trabalhar. O susto foi grande\u201d, explicou Sirlei.<\/p>\n\n\n\n<p>Um dos funcion\u00e1rios da empresa Via\u00e7\u00e3o Sul disse que o problema foi na parte hidr\u00e1ulica do \u00f4nibus. O fogo foi controlado com o extintor do ve\u00edculo.<\/p>\n\n\n\n<p>O tr\u00e2nsito segue normalmente na regi\u00e3o.<\/p>\n\n\n\n<p>Banda B<br><\/p>\n\n\n\n<p><br><br><\/p>\n","protected":false},"excerpt":{"rendered":"<p>Apesar do susto, todos conseguiram sair e ningu\u00e9m ficou ferido Passageiros de um transporte p\u00fablico, que estavam a caminho do trabalho, na manh\u00e3 desta segunda-feira (30), se desesperaram quando uma parte do ve\u00edculo come\u00e7ou a pegar fogo. A situa\u00e7\u00e3o aconteceu na Rodovia dos Min\u00e9rios, em Almirante Tamandar\u00e9, regi\u00e3o metropolitana de Curitiba. Cerca de 70 pessoas [&hellip;]<\/p>\n","protected":false},"author":2,"featured_media":20246,"comment_status":"open","ping_status":"open","sticky":false,"template":"","format":"standard","meta":{"advanced_seo_description":"","jetpack_seo_html_title":"","jetpack_seo_noindex":false,"_jetpack_memberships_contains_paid_content":false,"footnotes":""},"categories":[52],"tags":[],"class_list":{"0":"post-20245","1":"post","2":"type-post","3":"status-publish","4":"format-standard","5":"has-post-thumbnail","7":"category-acidentes"},"jetpack_featured_media_url":"https:\/\/www.paranapraia.com.br\/wp-content\/uploads\/2019\/09\/busss.jpg","jetpack_sharing_enabled":true,"_links":{"self":[{"href":"https:\/\/www.paranapraia.com.br\/index.php\/wp-json\/wp\/v2\/posts\/20245"}],"collection":[{"href":"https:\/\/www.paranapraia.com.br\/index.php\/wp-json\/wp\/v2\/posts"}],"about":[{"href":"https:\/\/www.paranapraia.com.br\/index.php\/wp-json\/wp\/v2\/types\/post"}],"author":[{"embeddable":true,"href":"https:\/\/www.paranapraia.com.br\/index.php\/wp-json\/wp\/v2\/users\/2"}],"replies":[{"embeddable":true,"href":"https:\/\/www.paranapraia.com.br\/index.php\/wp-json\/wp\/v2\/comments?post=20245"}],"version-history":[{"count":1,"href":"https:\/\/www.paranapraia.com.br\/index.php\/wp-json\/wp\/v2\/posts\/20245\/revisions"}],"predecessor-version":[{"id":20247,"href":"https:\/\/www.paranapraia.com.br\/index.php\/wp-json\/wp\/v2\/posts\/20245\/revisions\/20247"}],"wp:featuredmedia":[{"embeddable":true,"href":"https:\/\/www.paranapraia.com.br\/index.php\/wp-json\/wp\/v2\/media\/20246"}],"wp:attachment":[{"href":"https:\/\/www.paranapraia.com.br\/index.php\/wp-json\/wp\/v2\/media?parent=20245"}],"wp:term":[{"taxonomy":"category","embeddable":true,"href":"https:\/\/www.paranapraia.com.br\/index.php\/wp-json\/wp\/v2\/categories?post=20245"},{"taxonomy":"post_tag","embeddable":true,"href":"https:\/\/www.paranapraia.com.br\/index.php\/wp-json\/wp\/v2\/tags?post=20245"}],"curies":[{"name":"wp","href":"https:\/\/api.w.org\/{rel}","templated":true}]}}