{"id":20241,"date":"2019-09-30T12:36:29","date_gmt":"2019-09-30T15:36:29","guid":{"rendered":"https:\/\/www.paranapraia.com.br\/?p=20241"},"modified":"2019-09-30T12:36:31","modified_gmt":"2019-09-30T15:36:31","slug":"vigilante-rouba-arma-de-pm-e-atira-contra-ele-durante-reintegracao-de-posse-na-rmc","status":"publish","type":"post","link":"https:\/\/www.paranapraia.com.br\/index.php\/2019\/09\/30\/vigilante-rouba-arma-de-pm-e-atira-contra-ele-durante-reintegracao-de-posse-na-rmc\/","title":{"rendered":"Vigilante rouba arma de PM e atira contra ele durante reintegra\u00e7\u00e3o de posse na RMC"},"content":{"rendered":"\n<h4 class=\"wp-block-heading\">Rapaz morreu no local e o policial, um soldado do Batalh\u00e3o de Pol\u00edcia de Guarda, foi socorrido em estado grave<\/h4>\n\n\n\n<p>Uma reintegra\u00e7\u00e3o de posse terminou com um policial militar gravemente ferido e um morador morto\u00a0em Piraquara,\u00a0regi\u00e3o metropolitana de Curitiba, na manh\u00e3 desta segunda-feira (30). O caso aconteceu na Rua Hor\u00e1cio Oliveira, no bairro\u00a0Recanto das \u00c1guas.\u00a0O soldado Tiago Cavalheiro, do Batalh\u00e3o de Pol\u00edcia de Guarda (BPGd), teve a arma roubada ap\u00f3s uma rea\u00e7\u00e3o do homem que vivia no im\u00f3vel.<\/p>\n\n\n\n<p>Segundo a Pol\u00edcia Civil, acontecia a reintegra\u00e7\u00e3o de posse para os antigos donos, quando o morador, que era vigilante, roubou a arma do policial militar e disparou contra ele. \u201cNa semana passada, o rapaz tinha sido avisado e, na data de hoje, o oficial de justi\u00e7a veio com os policiais. Houve uma luta corporal, ele roubou a arma e disparou contra o policial militar\u201d, descreveu o investigador S\u00e9rgio Klaar, da Delegacia de Piraquara.<\/p>\n\n\n\n<p>Ainda de acordo com o investigador, o policial militar levou quatro tiros e foi socorrido em estado grave. J\u00e1 o morador morreu ap\u00f3s uma a\u00e7\u00e3o dos outros policiais que acompanhavam o oficial de justi\u00e7a. \u201cHouve troca de tiros com os outros integrantes da equipe policial e este rapaz morreu\u201d, explicou.<\/p>\n\n\n\n<p>Vizinhos do morador relataram que o pai dele morreu h\u00e1 dez anos e, ap\u00f3s isso, passou a mudar o comportamento. \u201cA informa\u00e7\u00e3o \u00e9 que este rapaz tinha surtos psic\u00f3ticos com frequ\u00eancia, embora sem o envolvimento com drogas e \u00e1lcool\u201d, destacou Klaar.<\/p>\n\n\n\n<div class=\"wp-block-image\"><figure class=\"alignleft\"><img decoding=\"async\" src=\"https:\/\/www.bandab.com.br\/wp-content\/uploads\/2019\/09\/cd6fc65a-e175-4a52-b704-718d1605afeb.jpg\" alt=\"\" class=\"wp-image-494536\"\/><figcaption> Soldado da PM foi socorrido em estado grave<br><br> <\/figcaption><\/figure><\/div>\n\n\n\n<p>Soldado da PM foi socorrido em estado grave<\/p>\n\n\n\n<h2 class=\"wp-block-heading\"><strong>Estado grave<\/strong><\/h2>\n\n\n\n<p>Segundo o coronel S\u00e9rgio Augusto Ramos, do Batalh\u00e3o de Pol\u00edcia de Guarda, o estado de sa\u00fade do policial Cavalheiro inspira cuidados. \u201cAinda n\u00e3o temos informa\u00e7\u00f5es concretas, mas estamos apreensivos com isto. Foram quatro disparos contra o policial\u201d, relatou.<\/p>\n\n\n\n<p>Ainda de acordo com o coronel, o apoio foi solicitado no batalh\u00e3o pelo oficial de justi\u00e7a. \u201cO oficial esteve no batalh\u00e3o e pediu apoio. O soldado Tiago Cavalheiro estava com um companheiro e aconteceu isso. O rapaz que morreu aqui tem um porte f\u00edsico grande e acabou acontecendo isso\u201d, disse.<\/p>\n\n\n\n<p>Os tiros atingiram perna, bra\u00e7o e lateral do colete do soldado Cavalheiro. Ele foi socorrido de helic\u00f3ptero ao hospital.<\/p>\n\n\n\n<p>BandaB<br><\/p>\n\n\n\n<p><br><br><\/p>\n","protected":false},"excerpt":{"rendered":"<p>Rapaz morreu no local e o policial, um soldado do Batalh\u00e3o de Pol\u00edcia de Guarda, foi socorrido em estado grave Uma reintegra\u00e7\u00e3o de posse terminou com um policial militar gravemente ferido e um morador morto\u00a0em Piraquara,\u00a0regi\u00e3o metropolitana de Curitiba, na manh\u00e3 desta segunda-feira (30). O caso aconteceu na Rua Hor\u00e1cio Oliveira, no bairro\u00a0Recanto das \u00c1guas.\u00a0O [&hellip;]<\/p>\n","protected":false},"author":2,"featured_media":20242,"comment_status":"open","ping_status":"open","sticky":false,"template":"","format":"standard","meta":{"advanced_seo_description":"","jetpack_seo_html_title":"","jetpack_seo_noindex":false,"_jetpack_memberships_contains_paid_content":false,"footnotes":""},"categories":[33],"tags":[],"class_list":{"0":"post-20241","1":"post","2":"type-post","3":"status-publish","4":"format-standard","5":"has-post-thumbnail","7":"category-policia"},"jetpack_featured_media_url":"https:\/\/www.paranapraia.com.br\/wp-content\/uploads\/2019\/09\/rei.jpeg","jetpack_sharing_enabled":true,"_links":{"self":[{"href":"https:\/\/www.paranapraia.com.br\/index.php\/wp-json\/wp\/v2\/posts\/20241"}],"collection":[{"href":"https:\/\/www.paranapraia.com.br\/index.php\/wp-json\/wp\/v2\/posts"}],"about":[{"href":"https:\/\/www.paranapraia.com.br\/index.php\/wp-json\/wp\/v2\/types\/post"}],"author":[{"embeddable":true,"href":"https:\/\/www.paranapraia.com.br\/index.php\/wp-json\/wp\/v2\/users\/2"}],"replies":[{"embeddable":true,"href":"https:\/\/www.paranapraia.com.br\/index.php\/wp-json\/wp\/v2\/comments?post=20241"}],"version-history":[{"count":1,"href":"https:\/\/www.paranapraia.com.br\/index.php\/wp-json\/wp\/v2\/posts\/20241\/revisions"}],"predecessor-version":[{"id":20243,"href":"https:\/\/www.paranapraia.com.br\/index.php\/wp-json\/wp\/v2\/posts\/20241\/revisions\/20243"}],"wp:featuredmedia":[{"embeddable":true,"href":"https:\/\/www.paranapraia.com.br\/index.php\/wp-json\/wp\/v2\/media\/20242"}],"wp:attachment":[{"href":"https:\/\/www.paranapraia.com.br\/index.php\/wp-json\/wp\/v2\/media?parent=20241"}],"wp:term":[{"taxonomy":"category","embeddable":true,"href":"https:\/\/www.paranapraia.com.br\/index.php\/wp-json\/wp\/v2\/categories?post=20241"},{"taxonomy":"post_tag","embeddable":true,"href":"https:\/\/www.paranapraia.com.br\/index.php\/wp-json\/wp\/v2\/tags?post=20241"}],"curies":[{"name":"wp","href":"https:\/\/api.w.org\/{rel}","templated":true}]}}