{"id":20238,"date":"2019-09-30T12:28:12","date_gmt":"2019-09-30T15:28:12","guid":{"rendered":"https:\/\/www.paranapraia.com.br\/?p=20238"},"modified":"2019-09-30T12:28:14","modified_gmt":"2019-09-30T15:28:14","slug":"eletricista-controi-centenas-de-casinhas-pra-caes-abandonados","status":"publish","type":"post","link":"https:\/\/www.paranapraia.com.br\/index.php\/2019\/09\/30\/eletricista-controi-centenas-de-casinhas-pra-caes-abandonados\/","title":{"rendered":"Eletricista contr\u00f3i centenas de casinhas pra c\u00e3es abandonados"},"content":{"rendered":"\n<p>Felipe Hil\u00e1rio Meireles \u00e9 eletricista e desde setembro do ano passado j\u00e1 fez mais de 300 casinhas para c\u00e3es que vivem em situa\u00e7\u00e3o de rua.<\/p>\n\n\n\n<p>O projeto, chamado Casinhas Azuis, conta com a ajuda de volunt\u00e1rios em Cachoeirinha, regi\u00e3o metropolitana de Porto Alegre, no Rio Grande do Sul. A inten\u00e7\u00e3o dele \u00e9 mudar a impress\u00e3o que os moradores t\u00eam em rela\u00e7\u00e3o aos animais abandonados.<\/p>\n\n\n\n<p>\u201cQuando tu passa numa rua e v\u00ea uma casinha de um c\u00e3o comunit\u00e1rio, tu v\u00ea ali algo estragado e isso at\u00e9 causa revolta em quem mora pr\u00f3ximo ao animal [que dorme ali]. Ent\u00e3o nosso projeto criou essa estrutura bonitinha para que os moradores peguem carinho, e isso tem acontecido\u201d, conta o eletricista.<ins><\/ins><\/p>\n\n\n\n<p>Ele diz que j\u00e1 viu algumas vezes o poder da casinha azul em a\u00e7\u00e3o.<\/p>\n\n\n\n<p>\u201cAs pessoas maltratavam o animal, mas depois que trocamos a casinha, elas estavam cuidando, levando ra\u00e7\u00e3o, limpando ao redor dela\u201d.<\/p>\n\n\n\n<p>E o projeto, segundo&nbsp; Felipe, nasceu por acaso.<\/p>\n\n\n\n<p>\u201cUm ano atr\u00e1s, uma professora de uma escola estadual precisou de uma casinha para um c\u00e3o comunit\u00e1rio que ficava ao relento numa escola. Ela perguntou para um amigo meu se ele conseguiria e ele veio at\u00e9 mim\u201d, relembra.<\/p>\n\n\n\n<p>\u201cFui num ecoponto e fiz a casinha, inclusive pintei e tudo. Ela tirou fotos, colocou no Facebook e os protetores come\u00e7aram a me procurar. Comecei, ent\u00e3o, a pegar materiais reciclados, fazer outras e doar para eles\u201d, completa.<\/p>\n\n\n\n<p><strong>Casinhas Azuis<\/strong><\/p>\n\n\n\n<p>O nome tamb\u00e9m&nbsp;foi escolhido por conta das circunst\u00e2ncias.<\/p>\n\n\n\n<p>\u201cElas s\u00e3o dessa cor devido \u00e0s primeiras tintas que usei: ganhei seis gal\u00f5es de tinta azul e coloquei o nome do projeto social como Casinhas Azuis\u201d, diz\u00a0 Felipe, que ficou conhecido na cidade como O Homem das\u00a0Casinhas Azuis.<\/p>\n\n\n\n<p>Embora tenha come\u00e7ado de um pequeno gesto de solidariedade, a iniciativa cresceu&nbsp;e hoje tem parceria com de 350 protetores s\u00f3 na cidade. Em todo o estado s\u00e3o 1,8 mil protetores<\/p>\n\n\n\n<p>A ideia, um ano depois, \u00e9 conseguir dar um lar para c\u00e3es sem dono, em todo o Brasil.<\/p>\n\n\n\n<p>\u201cSe consegu\u00edssemos isso, n\u00f3s poder\u00edamos fazer muito mais, porque o sonho do projeto \u00e9 largar em todo o Brasil, inclusive temos contato com protetores de Pernambuco, Santa Catarina, Paran\u00e1, Rio de Janeiro, Minas Gerais. O que precisamos \u00e9 de subs\u00eddio para levar o projeto at\u00e9 l\u00e1, conseguir organizar e nos tornamos uma rede nacional. Isso \u00e9 importante para n\u00f3s\u201d.<\/p>\n\n\n\n<p><strong>Ado\u00e7\u00e3o em troca de casinha<\/strong><\/p>\n\n\n\n<p>A inten\u00e7\u00e3o do projeto \u00e9 promover teto tempor\u00e1rio para esses animais, j\u00e1 que o grande objetivo \u00e9 que, no fim, todos eles encontrem um lar, al\u00e9m da casinha azul.<\/p>\n\n\n\n<p>Ao ganharem uma nova fam\u00edlia, os \u201cdoguinhos\u201d e at\u00e9 gatinhos que aparecem de vez em quando, j\u00e1 v\u00e3o com casinha e tudo.<\/p>\n\n\n\n<p>\u201cQuem adota esses animaizinhos j\u00e1 ganha a casinha\u201d.<\/p>\n\n\n\n<p><strong>Pedidos<\/strong><\/p>\n\n\n\n<p>Quem j\u00e1 tem um peludinho em casa e quiser dar um teto azul do Felipe, pode\u00a0fazer um pedido\u00a0de modo particular.<\/p>\n\n\n\n<p>O valor simb\u00f3lico, de R$ 80 \u00e9 depositado direto na conta do projeto para ajudar na compra de telha, tinta e pregos para mais casinhas.<\/p>\n\n\n\n<p>A prefer\u00eancia, contudo, \u00e9 para animais em situa\u00e7\u00e3o de rua.<\/p>\n\n\n\n<figure class=\"wp-block-image\"><img decoding=\"async\" src=\"http:\/\/www.sonoticiaboa.com.br\/wp-content\/uploads\/2019\/09\/casinhas_azuis2.jpg\" alt=\"Fotos: Arquivo Pessoal\" class=\"wp-image-102490\"\/><\/figure>\n\n\n\n<p>Fotos: Arquivo Pessoal<\/p>\n\n\n\n<figure class=\"wp-block-image\"><img decoding=\"async\" src=\"http:\/\/www.sonoticiaboa.com.br\/wp-content\/uploads\/2019\/09\/casinhas_azuis3.jpg\" alt=\"casinhas_azuis3\" class=\"wp-image-102491\"\/><\/figure>\n\n\n\n<figure class=\"wp-block-image\"><img decoding=\"async\" src=\"http:\/\/www.sonoticiaboa.com.br\/wp-content\/uploads\/2019\/09\/casinhas_azuis4.jpg\" alt=\"casinhas_azuis4\" class=\"wp-image-102492\"\/><\/figure>\n\n\n\n<figure class=\"wp-block-image\"><img decoding=\"async\" src=\"http:\/\/www.sonoticiaboa.com.br\/wp-content\/uploads\/2019\/09\/casinhas_azuis5.jpg\" alt=\"casinhas_azuis5\" class=\"wp-image-102493\"\/><\/figure>\n\n\n\n<figure class=\"wp-block-image\"><img decoding=\"async\" src=\"http:\/\/www.sonoticiaboa.com.br\/wp-content\/uploads\/2019\/09\/casinhas_azuis6.jpg\" alt=\"casinhas_azuis6\" class=\"wp-image-102494\"\/><\/figure>\n\n\n\n<p><em>Com informa\u00e7\u00f5es da\u00a0Rede TV<\/em><br><\/p>\n","protected":false},"excerpt":{"rendered":"<p>Felipe Hil\u00e1rio Meireles \u00e9 eletricista e desde setembro do ano passado j\u00e1 fez mais de 300 casinhas para c\u00e3es que vivem em situa\u00e7\u00e3o de rua. O projeto, chamado Casinhas Azuis, conta com a ajuda de volunt\u00e1rios em Cachoeirinha, regi\u00e3o metropolitana de Porto Alegre, no Rio Grande do Sul. A inten\u00e7\u00e3o dele \u00e9 mudar a impress\u00e3o [&hellip;]<\/p>\n","protected":false},"author":2,"featured_media":20239,"comment_status":"open","ping_status":"open","sticky":false,"template":"","format":"standard","meta":{"advanced_seo_description":"","jetpack_seo_html_title":"","jetpack_seo_noindex":false,"_jetpack_memberships_contains_paid_content":false,"footnotes":""},"categories":[40],"tags":[],"class_list":{"0":"post-20238","1":"post","2":"type-post","3":"status-publish","4":"format-standard","5":"has-post-thumbnail","7":"category-destaques"},"jetpack_featured_media_url":"https:\/\/www.paranapraia.com.br\/wp-content\/uploads\/2019\/09\/casinhas_azuis.jpg","jetpack_sharing_enabled":true,"_links":{"self":[{"href":"https:\/\/www.paranapraia.com.br\/index.php\/wp-json\/wp\/v2\/posts\/20238"}],"collection":[{"href":"https:\/\/www.paranapraia.com.br\/index.php\/wp-json\/wp\/v2\/posts"}],"about":[{"href":"https:\/\/www.paranapraia.com.br\/index.php\/wp-json\/wp\/v2\/types\/post"}],"author":[{"embeddable":true,"href":"https:\/\/www.paranapraia.com.br\/index.php\/wp-json\/wp\/v2\/users\/2"}],"replies":[{"embeddable":true,"href":"https:\/\/www.paranapraia.com.br\/index.php\/wp-json\/wp\/v2\/comments?post=20238"}],"version-history":[{"count":1,"href":"https:\/\/www.paranapraia.com.br\/index.php\/wp-json\/wp\/v2\/posts\/20238\/revisions"}],"predecessor-version":[{"id":20240,"href":"https:\/\/www.paranapraia.com.br\/index.php\/wp-json\/wp\/v2\/posts\/20238\/revisions\/20240"}],"wp:featuredmedia":[{"embeddable":true,"href":"https:\/\/www.paranapraia.com.br\/index.php\/wp-json\/wp\/v2\/media\/20239"}],"wp:attachment":[{"href":"https:\/\/www.paranapraia.com.br\/index.php\/wp-json\/wp\/v2\/media?parent=20238"}],"wp:term":[{"taxonomy":"category","embeddable":true,"href":"https:\/\/www.paranapraia.com.br\/index.php\/wp-json\/wp\/v2\/categories?post=20238"},{"taxonomy":"post_tag","embeddable":true,"href":"https:\/\/www.paranapraia.com.br\/index.php\/wp-json\/wp\/v2\/tags?post=20238"}],"curies":[{"name":"wp","href":"https:\/\/api.w.org\/{rel}","templated":true}]}}