{"id":20224,"date":"2019-09-30T12:03:32","date_gmt":"2019-09-30T15:03:32","guid":{"rendered":"https:\/\/www.paranapraia.com.br\/?p=20224"},"modified":"2019-09-30T12:03:36","modified_gmt":"2019-09-30T15:03:36","slug":"pedreiro-enfrenta-preconceito-e-aprende-bale-para-ajudar-filhas-autistas","status":"publish","type":"post","link":"https:\/\/www.paranapraia.com.br\/index.php\/2019\/09\/30\/pedreiro-enfrenta-preconceito-e-aprende-bale-para-ajudar-filhas-autistas\/","title":{"rendered":"Pedreiro enfrenta preconceito e aprende bal\u00e9 para ajudar filhas autistas"},"content":{"rendered":"\n<p>Um pedreiro, morador de Feira de Santana, na Bahia est\u00e1 aprendendo a dan\u00e7ar bal\u00e9 para ajudar as filhas, que s\u00e3o autistas.<\/p>\n\n\n\n<p>Desde mar\u00e7o, Joilson Santos, 54 anos divide o tempo entre as obras e o est\u00fadio de bal\u00e9, no Centro Cultural Maestro Miro.<\/p>\n\n\n\n<p>A fam\u00edlia\u00a0vai do bairro de Viveiros em dire\u00e7\u00e3o ao espa\u00e7o, no bairro de Muchila. A regi\u00e3o onde vive \u00e9 a terceira mais pobre da cidade. O rendimento m\u00e9dio dos moradores \u00e9 de R$ 754, menos da metade do resto do munic\u00edpio, segundo o IBGE, Instituto Brasileiro de Geografia e Estat\u00edstica.<\/p>\n\n\n\n<p>Joilson, a esposa Jaqueline e as duas filhas, Isabele e Iasmim fazem aulas com outras 8 crian\u00e7as&nbsp;tamb\u00e9m diagnosticadas com autismo.<\/p>\n\n\n\n<p>A dan\u00e7a faz parte de um m\u00e9todo de tratamento, o Ballet Azul, cor utilizada para representar o autismo.<\/p>\n\n\n\n<p><strong>N\u00e3o tem sapatilha<\/strong><\/p>\n\n\n\n<p>Joilson, que \u00e9 o \u00fanico homem, cal\u00e7a uma meia preta&nbsp;para substituir a falta de uma sapatilha.<\/p>\n\n\n\n<p>\u201cOnde que eu imaginava que ia fazer isso?\u201d, brinca.<\/p>\n\n\n\n<p>O pedreiro aprende os passos aos poucos. Quando a filha erra um movimento, o pai tenta corrigi-la, mostra como se faz. Os nomes franceses das posi\u00e7\u00f5es tamb\u00e9m s\u00e3o um desafio.<\/p>\n\n\n\n<p>\u201cQuando que imaginei que meu marido, bruto desse jeito, ia dan\u00e7ar bal\u00e9?\u201c, brinca Jaqueline.<\/p>\n\n\n\n<p>Os pais ainda est\u00e3o em busca de uma escola na cidade que receba as meninas.<\/p>\n\n\n\n<p><strong>Apresenta\u00e7\u00e3o&nbsp;<\/strong><\/p>\n\n\n\n<p>O pedreiro j\u00e1 participou de uma apresenta\u00e7\u00e3o junto com as meninas e a plateia n\u00e3o tirava os olhos dele, j\u00e1 que era o \u00fanico pai dan\u00e7ando.<\/p>\n\n\n\n<p>\u201cEle \u00e9 muito tranquilo. \u00c9 o comportamento de quem sabe o que est\u00e1 fazendo, o que se deve fazer, sem nenhum afetamento, nenhuma exibi\u00e7\u00e3o\u201d,&nbsp;diz o diretor de atividades culturais, Luiz Augusto Oliveira.<\/p>\n\n\n\n<p>A not\u00edcia da apresenta\u00e7\u00e3o de Joilson ao lado das filhas logo se espalhou pela vizinhan\u00e7a do bairro.<\/p>\n\n\n\n<p><strong>Preconceito<\/strong><\/p>\n\n\n\n<p>Na manh\u00e3 do dia seguinte, a fam\u00edlia ouviu do lado de fora da casa uma voz gritando para que \u201cele virasse homem\u201d.<\/p>\n\n\n\n<p>\u201cN\u00e3o gosto nem de falar sobre isso. J\u00e1 falaram muita coisa feia para a gente\u201d, lembra Jaqueline.<\/p>\n\n\n\n<p>O irm\u00e3o Juaci Salom\u00e9, de 50 anos, foi outro que provocou: \u201cT\u00e1 fazendo bal\u00e9 agora, Joilson?\u201d.<\/p>\n\n\n\n<p>At\u00e9 ent\u00e3o, o mais velho dos sete filhos da fam\u00edlia era um homem reservado, \u201cr\u00fastico\u201d, nas palavras do irm\u00e3o. \u201cAchei estranho, ele \u00e9 o mais r\u00fastico da fam\u00edlia. Mas vi depois que ele tem sensibilidade a ponto de aprender at\u00e9 bal\u00e9 para ajudar as filhas\u201d, disse Juaci.<\/p>\n\n\n\n<p>No trabalho, os colegas tamb\u00e9m come\u00e7aram a fazer chacota. \u201cQuer dizer que voc\u00ea \u00e9 bruto aqui, mas l\u00e1 \u00e9 mansinho\u201d, repete, Joilson, em tom de brincadeira.<\/p>\n\n\n\n<p>Mas hoje, ele n\u00e3o d\u00e1 mais import\u00e2ncia. \u201cAqui \u00e9 discrimina\u00e7\u00e3o de tudo\u201d, resiste o pedreiro.<\/p>\n\n\n\n<p><strong>Projeto gratuito<\/strong><\/p>\n\n\n\n<p>Esta \u00e9 a primeira turma&nbsp;do Ballet Azul e \u00e9 tamb\u00e9m a primeira vez que se tem registro de aulas de bal\u00e9 para pessoas autistas com acompanhamento dos pais, no Brasil.<\/p>\n\n\n\n<p>\u201cPercebi que os pais seriam grandes mentores. Comecei a pedir que eles repassassem tudo que era ensinado aqui. Vi que come\u00e7aram a interagir bem mais\u201d, explica o professor Adauto Silva.<\/p>\n\n\n\n<p>As aulas gratuitas s\u00e3o do projeto Arte de Viver, mantido pela Prefeitura de Feira de Santana, e aberto a doa\u00e7\u00f5es.<\/p>\n\n\n\n<figure class=\"wp-block-image\"><img decoding=\"async\" src=\"http:\/\/www.sonoticiaboa.com.br\/wp-content\/uploads\/2019\/09\/pedreiro_bale4.jpg\" alt=\"O Ballet Azul Foto: reprodu\u00e7\u00e3o Correio\" class=\"wp-image-102557\"\/><\/figure>\n\n\n\n<p>O Ballet Azul Foto: reprodu\u00e7\u00e3o Correio<\/p>\n\n\n\n<figure class=\"wp-block-image\"><img decoding=\"async\" src=\"http:\/\/www.sonoticiaboa.com.br\/wp-content\/uploads\/2019\/09\/pedreiro_bale3.jpg\" alt=\"A fam\u00edlia reunida com as duas filhas Foto: reprodu\u00e7\u00e3o Correio\" class=\"wp-image-102556\"\/><\/figure>\n\n\n\n<p>A fam\u00edlia reunida com as duas filhas Foto: reprodu\u00e7\u00e3o Correio<\/p>\n\n\n\n<figure class=\"wp-block-image\"><img decoding=\"async\" src=\"http:\/\/www.sonoticiaboa.com.br\/wp-content\/uploads\/2019\/09\/pedreiro_bale2.jpg\" alt=\"pedreiro_bale2\" class=\"wp-image-102555\"\/><\/figure>\n\n\n\n<p><em>Com informa\u00e7\u00f5es do<a href=\"https:\/\/www.correio24horas.com.br\/noticia\/nid\/o-pedreiro-que-aprendeu-a-dancar-bale-conheca-a-historia-de-joilson\/\">&nbsp;Correio da Bahia<\/a><\/em><br><\/p>\n","protected":false},"excerpt":{"rendered":"<p>Um pedreiro, morador de Feira de Santana, na Bahia est\u00e1 aprendendo a dan\u00e7ar bal\u00e9 para ajudar as filhas, que s\u00e3o autistas. Desde mar\u00e7o, Joilson Santos, 54 anos divide o tempo entre as obras e o est\u00fadio de bal\u00e9, no Centro Cultural Maestro Miro. A fam\u00edlia\u00a0vai do bairro de Viveiros em dire\u00e7\u00e3o ao espa\u00e7o, no bairro [&hellip;]<\/p>\n","protected":false},"author":2,"featured_media":20226,"comment_status":"open","ping_status":"open","sticky":false,"template":"","format":"standard","meta":{"advanced_seo_description":"","jetpack_seo_html_title":"","jetpack_seo_noindex":false,"_jetpack_memberships_contains_paid_content":false,"footnotes":""},"categories":[40],"tags":[],"class_list":{"0":"post-20224","1":"post","2":"type-post","3":"status-publish","4":"format-standard","5":"has-post-thumbnail","7":"category-destaques"},"jetpack_featured_media_url":"https:\/\/www.paranapraia.com.br\/wp-content\/uploads\/2019\/09\/pedreiro_bale1.jpg","jetpack_sharing_enabled":true,"_links":{"self":[{"href":"https:\/\/www.paranapraia.com.br\/index.php\/wp-json\/wp\/v2\/posts\/20224"}],"collection":[{"href":"https:\/\/www.paranapraia.com.br\/index.php\/wp-json\/wp\/v2\/posts"}],"about":[{"href":"https:\/\/www.paranapraia.com.br\/index.php\/wp-json\/wp\/v2\/types\/post"}],"author":[{"embeddable":true,"href":"https:\/\/www.paranapraia.com.br\/index.php\/wp-json\/wp\/v2\/users\/2"}],"replies":[{"embeddable":true,"href":"https:\/\/www.paranapraia.com.br\/index.php\/wp-json\/wp\/v2\/comments?post=20224"}],"version-history":[{"count":1,"href":"https:\/\/www.paranapraia.com.br\/index.php\/wp-json\/wp\/v2\/posts\/20224\/revisions"}],"predecessor-version":[{"id":20227,"href":"https:\/\/www.paranapraia.com.br\/index.php\/wp-json\/wp\/v2\/posts\/20224\/revisions\/20227"}],"wp:featuredmedia":[{"embeddable":true,"href":"https:\/\/www.paranapraia.com.br\/index.php\/wp-json\/wp\/v2\/media\/20226"}],"wp:attachment":[{"href":"https:\/\/www.paranapraia.com.br\/index.php\/wp-json\/wp\/v2\/media?parent=20224"}],"wp:term":[{"taxonomy":"category","embeddable":true,"href":"https:\/\/www.paranapraia.com.br\/index.php\/wp-json\/wp\/v2\/categories?post=20224"},{"taxonomy":"post_tag","embeddable":true,"href":"https:\/\/www.paranapraia.com.br\/index.php\/wp-json\/wp\/v2\/tags?post=20224"}],"curies":[{"name":"wp","href":"https:\/\/api.w.org\/{rel}","templated":true}]}}