{"id":20203,"date":"2019-09-27T14:45:41","date_gmt":"2019-09-27T17:45:41","guid":{"rendered":"https:\/\/www.paranapraia.com.br\/?p=20203"},"modified":"2019-09-27T14:45:43","modified_gmt":"2019-09-27T17:45:43","slug":"festa-da-ostra-na-ilha-das-pecas","status":"publish","type":"post","link":"https:\/\/www.paranapraia.com.br\/index.php\/2019\/09\/27\/festa-da-ostra-na-ilha-das-pecas\/","title":{"rendered":"Festa da Ostra na Ilha das Pe\u00e7as"},"content":{"rendered":"\n<p> Esta \u00e9 uma boa oportunidade para quem gosta de ostras. <\/p>\n\n\n\n<p>\u00c9 a 1\u00aa Festa da Ostra da Ilha das Pe\u00e7as que acontece nos dias 28 e 29 de setembro no tradicional restaurante da comunidade da fam\u00edlia &#8220;Teodoro Dias&#8221;.<\/p>\n\n\n\n<p>Por R$ 60 pode comer a vontade as ostras em diferentes modos de preparos e ainda curtir v\u00e1rios shows musicais.<\/p>\n\n\n\n<p>A programa\u00e7\u00e3o conta com o cantor Emerson, a banda Sotaque Nativo e a dupla Jo\u00e3o e Marcelo. A festa inicia \u00e0s 11h, tanto no s\u00e1bado como no domingo, se estendendo ao longo do dia.<\/p>\n\n\n\n<p>Outras informa\u00e7\u00f5es pelo telefone 3482-5106.<\/p>\n\n\n\n<p>Folha do Litoral<\/p>\n","protected":false},"excerpt":{"rendered":"<p>Esta \u00e9 uma boa oportunidade para quem gosta de ostras. \u00c9 a 1\u00aa Festa da Ostra da Ilha das Pe\u00e7as que acontece nos dias 28 e 29 de setembro no tradicional restaurante da comunidade da fam\u00edlia &#8220;Teodoro Dias&#8221;. Por R$ 60 pode comer a vontade as ostras em diferentes modos de preparos e ainda curtir [&hellip;]<\/p>\n","protected":false},"author":2,"featured_media":20204,"comment_status":"open","ping_status":"open","sticky":false,"template":"","format":"standard","meta":{"advanced_seo_description":"","jetpack_seo_html_title":"","jetpack_seo_noindex":false,"_jetpack_memberships_contains_paid_content":false,"footnotes":""},"categories":[40],"tags":[],"class_list":{"0":"post-20203","1":"post","2":"type-post","3":"status-publish","4":"format-standard","5":"has-post-thumbnail","7":"category-destaques"},"jetpack_featured_media_url":"https:\/\/www.paranapraia.com.br\/wp-content\/uploads\/2019\/09\/ostra.jpg","jetpack_sharing_enabled":true,"_links":{"self":[{"href":"https:\/\/www.paranapraia.com.br\/index.php\/wp-json\/wp\/v2\/posts\/20203"}],"collection":[{"href":"https:\/\/www.paranapraia.com.br\/index.php\/wp-json\/wp\/v2\/posts"}],"about":[{"href":"https:\/\/www.paranapraia.com.br\/index.php\/wp-json\/wp\/v2\/types\/post"}],"author":[{"embeddable":true,"href":"https:\/\/www.paranapraia.com.br\/index.php\/wp-json\/wp\/v2\/users\/2"}],"replies":[{"embeddable":true,"href":"https:\/\/www.paranapraia.com.br\/index.php\/wp-json\/wp\/v2\/comments?post=20203"}],"version-history":[{"count":1,"href":"https:\/\/www.paranapraia.com.br\/index.php\/wp-json\/wp\/v2\/posts\/20203\/revisions"}],"predecessor-version":[{"id":20205,"href":"https:\/\/www.paranapraia.com.br\/index.php\/wp-json\/wp\/v2\/posts\/20203\/revisions\/20205"}],"wp:featuredmedia":[{"embeddable":true,"href":"https:\/\/www.paranapraia.com.br\/index.php\/wp-json\/wp\/v2\/media\/20204"}],"wp:attachment":[{"href":"https:\/\/www.paranapraia.com.br\/index.php\/wp-json\/wp\/v2\/media?parent=20203"}],"wp:term":[{"taxonomy":"category","embeddable":true,"href":"https:\/\/www.paranapraia.com.br\/index.php\/wp-json\/wp\/v2\/categories?post=20203"},{"taxonomy":"post_tag","embeddable":true,"href":"https:\/\/www.paranapraia.com.br\/index.php\/wp-json\/wp\/v2\/tags?post=20203"}],"curies":[{"name":"wp","href":"https:\/\/api.w.org\/{rel}","templated":true}]}}