{"id":20191,"date":"2019-09-27T08:24:44","date_gmt":"2019-09-27T11:24:44","guid":{"rendered":"https:\/\/www.paranapraia.com.br\/?p=20191"},"modified":"2019-09-27T08:24:45","modified_gmt":"2019-09-27T11:24:45","slug":"homem-de-60-anos-e-preso-em-flagrante-por-pedofilia-no-bairro-juveve-em-curitiba","status":"publish","type":"post","link":"https:\/\/www.paranapraia.com.br\/index.php\/2019\/09\/27\/homem-de-60-anos-e-preso-em-flagrante-por-pedofilia-no-bairro-juveve-em-curitiba\/","title":{"rendered":"Homem de 60 anos \u00e9 preso em flagrante por pedofilia no bairro Juvev\u00ea, em Curitiba"},"content":{"rendered":"\n<p>Um homem de 60 anos foi preso em flagrante nesta manh\u00e3 de quinta-feira, 26, pela Pol\u00edcia Civil do Paran\u00e1 (PCPR) no bairro Juvev\u00ea, em Curitiba.<\/p>\n\n\n\n<p>A pris\u00e3o dele foi feita em cumprimento a mandados da quarta fase da opera\u00e7\u00e3o Predadores na Rede, que tem como objetivo o combate ao crime de pedofilia e o aliciamento de crian\u00e7as e adolescentes atrav\u00e9s de dispositivos eletr\u00f4nicos.&nbsp;<\/p>\n\n\n\n<p>Segundo a Pol\u00edcia Civil, o homem foi preso em um casa do bairro. No local os policiais apreenderam um computador, um pen drive e tr\u00eas HD&#8217;s externos.\u00a0<\/p>\n\n\n\n<p>Bem Paran\u00e1<br><\/p>\n","protected":false},"excerpt":{"rendered":"<p>Um homem de 60 anos foi preso em flagrante nesta manh\u00e3 de quinta-feira, 26, pela Pol\u00edcia Civil do Paran\u00e1 (PCPR) no bairro Juvev\u00ea, em Curitiba. A pris\u00e3o dele foi feita em cumprimento a mandados da quarta fase da opera\u00e7\u00e3o Predadores na Rede, que tem como objetivo o combate ao crime de pedofilia e o aliciamento [&hellip;]<\/p>\n","protected":false},"author":2,"featured_media":20192,"comment_status":"open","ping_status":"open","sticky":false,"template":"","format":"standard","meta":{"advanced_seo_description":"","jetpack_seo_html_title":"","jetpack_seo_noindex":false,"_jetpack_memberships_contains_paid_content":false,"footnotes":""},"categories":[33],"tags":[],"class_list":{"0":"post-20191","1":"post","2":"type-post","3":"status-publish","4":"format-standard","5":"has-post-thumbnail","7":"category-policia"},"jetpack_featured_media_url":"https:\/\/www.paranapraia.com.br\/wp-content\/uploads\/2019\/09\/pedof.jpg","jetpack_sharing_enabled":true,"_links":{"self":[{"href":"https:\/\/www.paranapraia.com.br\/index.php\/wp-json\/wp\/v2\/posts\/20191"}],"collection":[{"href":"https:\/\/www.paranapraia.com.br\/index.php\/wp-json\/wp\/v2\/posts"}],"about":[{"href":"https:\/\/www.paranapraia.com.br\/index.php\/wp-json\/wp\/v2\/types\/post"}],"author":[{"embeddable":true,"href":"https:\/\/www.paranapraia.com.br\/index.php\/wp-json\/wp\/v2\/users\/2"}],"replies":[{"embeddable":true,"href":"https:\/\/www.paranapraia.com.br\/index.php\/wp-json\/wp\/v2\/comments?post=20191"}],"version-history":[{"count":1,"href":"https:\/\/www.paranapraia.com.br\/index.php\/wp-json\/wp\/v2\/posts\/20191\/revisions"}],"predecessor-version":[{"id":20193,"href":"https:\/\/www.paranapraia.com.br\/index.php\/wp-json\/wp\/v2\/posts\/20191\/revisions\/20193"}],"wp:featuredmedia":[{"embeddable":true,"href":"https:\/\/www.paranapraia.com.br\/index.php\/wp-json\/wp\/v2\/media\/20192"}],"wp:attachment":[{"href":"https:\/\/www.paranapraia.com.br\/index.php\/wp-json\/wp\/v2\/media?parent=20191"}],"wp:term":[{"taxonomy":"category","embeddable":true,"href":"https:\/\/www.paranapraia.com.br\/index.php\/wp-json\/wp\/v2\/categories?post=20191"},{"taxonomy":"post_tag","embeddable":true,"href":"https:\/\/www.paranapraia.com.br\/index.php\/wp-json\/wp\/v2\/tags?post=20191"}],"curies":[{"name":"wp","href":"https:\/\/api.w.org\/{rel}","templated":true}]}}