{"id":20187,"date":"2019-09-27T08:20:52","date_gmt":"2019-09-27T11:20:52","guid":{"rendered":"https:\/\/www.paranapraia.com.br\/?p=20187"},"modified":"2019-09-27T08:20:54","modified_gmt":"2019-09-27T11:20:54","slug":"tarifa-de-onibus-reduzida-custara-r-350-e-entra-em-vigor-em-outubro-em-curitiba","status":"publish","type":"post","link":"https:\/\/www.paranapraia.com.br\/index.php\/2019\/09\/27\/tarifa-de-onibus-reduzida-custara-r-350-e-entra-em-vigor-em-outubro-em-curitiba\/","title":{"rendered":"Tarifa de \u00f4nibus reduzida custar\u00e1 R$ 3,50 e entra em vigor em outubro em Curitiba"},"content":{"rendered":"\n<p>O prefeito Rafael Greca sancionou, nesta quinta-feira (26\/9), o projeto de lei que flexibiliza a tarifa no transporte coletivo de Curitiba, permitindo que sejam cobrados valores mais baixos fora dos hor\u00e1rios de pico.<\/p>\n\n\n\n<p>A tarifa reduzida come\u00e7a a valer a partir de 16 de outubro, com pre\u00e7o de R$ 3,50, e ser\u00e1 implantada gradativamente em 17 linhas \u2013 14 convencionais e tr\u00eas alimentadores.<\/p>\n\n\n\n<p>A tarifa mais baixa valer\u00e1 para os hor\u00e1rios de 9h \u00e0s 11h e das 14h \u00e0s 16h e apenas para pagamento com o cart\u00e3o-transporte. As 17 linhas que ter\u00e3o tarifas reduzidas (lista abaixo) transportam cerca de 80 mil pessoas por dia.<\/p>\n\n\n\n<p>\u201cN\u00f3s estamos inovando, pela primeira vez criamos uma tarifa diferenciada temporal. A ideia \u00e9 que as pessoas possam ir e vir entre os bairros e o Centro, na hora que n\u00e3o \u00e9 de pico, pagando um pre\u00e7o menor\u201d, disse Greca.<\/p>\n\n\n\n<p>O prefeito destacou que se trata de uma experi\u00eancia, para ver se a cobran\u00e7a diferenciada n\u00e3o afeta o equil\u00edbrio financeiro do sistema. \u201cHoje j\u00e1 subsidiamos o sistema, com R$ 50 milh\u00f5es da Prefeitura e R$ 40 milh\u00f5es do Governo do Estado. Mas sendo um sucesso essa experi\u00eancia, vamos ampliar para linhas de vizinhan\u00e7a para as regionais no futuro\u201d, acrescentou.<\/p>\n\n\n\n<p>Vantagens<br>Segundo o presidente da Urbaniza\u00e7\u00e3o de Curitiba (Urbs), Ogeny Pedro Maia Neto, al\u00e9m da atra\u00e7\u00e3o de mais usu\u00e1rios, que v\u00e3o pagar menos pela passagem, a flexibiliza\u00e7\u00e3o deve trazer tamb\u00e9m a diminui\u00e7\u00e3o da demanda nos hor\u00e1rios de pico, o que pode gerar mais conforto para os usu\u00e1rios.<\/p>\n\n\n\n<p>Tamb\u00e9m haver\u00e1 impacto positivo na gest\u00e3o operacional da frota, com melhor distribui\u00e7\u00e3o do uso dos ve\u00edculos ao longo do dia, diminuindo a ociosidade do sistema.<\/p>\n\n\n\n<p>As 17 linhas escolhidas cruzam muitos bairros, t\u00eam um bom volume de passageiros e uma diferen\u00e7a acentuada entre o n\u00famero de usu\u00e1rios no hor\u00e1rio de pico e fora dele.<\/p>\n\n\n\n<p>\u201cTodas estas linhas t\u00eam queda m\u00e9dia de 21 a 27% nos hor\u00e1rios entre picos, enquanto a queda m\u00e9dia do sistema total \u00e9 de 18%\u201d, diz Maia Neto.<\/p>\n\n\n\n<p>A lei sancionada vai trazer modernidade ao sistema de transporte, com a possibilidade de, al\u00e9m das novas op\u00e7\u00f5es de tarifa, haver mudan\u00e7a no tempo de uso dos bilhetes e de utiliza\u00e7\u00e3o dos \u00f4nibus na cidade.<\/p>\n\n\n\n<p>\u201cPara modernizar o sistema foi preciso, antes, modernizar a lei\u201d, diz Maia Neto. \u201cAgora temos condi\u00e7\u00f5es de tocar as melhorias efetivas para os passageiros. A legisla\u00e7\u00e3o [anterior] tem mais de 20 anos e ficou obsoleta.\u201d<\/p>\n\n\n\n<p>Bilhete \u00fanico<br>Com a nova lei, tamb\u00e9m est\u00e1 no radar da Urbs a cria\u00e7\u00e3o de bilhete para uso num \u00fanico dia, semana ou m\u00eas.<\/p>\n\n\n\n<p>O projeto de lei foi encaminhado em junho pela Prefeitura \u00e0 C\u00e2mara Municipal e recebeu um substitutivo do vereador Bruno Pessuti, que acrescentou outras propostas que foram aprovadas pela Prefeitura.<\/p>\n\n\n\n<p>O projeto foi aprovado por unanimidade na Casa. \u201cA san\u00e7\u00e3o dessa lei marca uma nova forma de a popula\u00e7\u00e3o se relacionar com o transporte coletivo em Curitiba\u201d, destacou o vereador.<\/p>\n\n\n\n<p>Tamb\u00e9m foi anunciada nesta quinta-feira a cria\u00e7\u00e3o de uma linha de vizinhan\u00e7a, que liga Santa Rita, Carbomafra, Vit\u00f3ria R\u00e9gia e Vila Verde ao Terminal da CIC. A ideia \u00e9 que, no futuro, ela seja ampliada ao Terminal do Tatuquara e Rio Bonito.<\/p>\n\n\n\n<p>Presen\u00e7as<br>Estiveram presentes no evento o vice -prefeito, Eduardo Pimentel, a secret\u00e1ria municipal da Educa\u00e7\u00e3o, Mara S\u00edlvia Bacila, a procuradora-geral do munic\u00edpio, Vanessa Volpi, o presidente da C\u00e2mara Municipal, Sabino Picolo, o vereador Serginho do Posto e administradores de regionais.<\/p>\n\n\n\n<p>Tarifa reduzida<br>Linhas Alimentadoras:<br>212 Solar<br>213 S\u00e3o Jo\u00e3o<br>214 Tingui<br>Que ligam Santa C\u00e2ndida, Bacacheri e Cabral, que transportam em m\u00e9dia 3.200 passageiros por dia cada uma.<\/p>\n\n\n\n<p>Linhas Convencionais:<br>265 Ahu\/Los Angeles &#8211; 2.089 passageiros por dia<br>285 Juvev\u00ea\/\u00c1gua Verde &#8211; 4.300 passageiros por dia<br>380 Detran\/Vicente Machado, que passa pelo Cap\u00e3o da Imbuia, Tarum\u00e3, Cristo Rei, Alto da XV, Centro, Batel e Semin\u00e1rio &#8211; 14.500 passageiros por dia<br>661 Lind\u00f3ia e 662 Dom \u00c1tico, que passam pela Vila Lind\u00f3ia, Gua\u00edra, Parolin, \u00c1gua Verde, Rebou\u00e7as e Centro &#8211; 3.976 passageiros dia<br>666 Novo Mundo &#8211; 1.247 passageiros dia<br>860 Vila Sandra, que passa pela Vila Sandra, Cidade Industrial, Campo Comprido, Semin\u00e1rio, Batel e Centro &#8211; 14.656 passageiros dia<br>870 S\u00e3o Braz, que passa pelo S\u00e3o Braz, Mossungu\u00ea, Bigorrilho Campina do Siqueira e Centro &#8211; 11.221 passageiros dia<br>965 S\u00e3o Bernardo, que sai do Terminal Santa Felicidade para Vista Alegre, Merc\u00eas, S\u00e3o Francisco e Centro<\/p>\n\n\n\n<p>Bem Paran\u00e1<br><\/p>\n","protected":false},"excerpt":{"rendered":"<p>O prefeito Rafael Greca sancionou, nesta quinta-feira (26\/9), o projeto de lei que flexibiliza a tarifa no transporte coletivo de Curitiba, permitindo que sejam cobrados valores mais baixos fora dos hor\u00e1rios de pico. A tarifa reduzida come\u00e7a a valer a partir de 16 de outubro, com pre\u00e7o de R$ 3,50, e ser\u00e1 implantada gradativamente em [&hellip;]<\/p>\n","protected":false},"author":2,"featured_media":20188,"comment_status":"open","ping_status":"open","sticky":false,"template":"","format":"standard","meta":{"advanced_seo_description":"","jetpack_seo_html_title":"","jetpack_seo_noindex":false,"_jetpack_memberships_contains_paid_content":false,"footnotes":""},"categories":[42],"tags":[],"class_list":{"0":"post-20187","1":"post","2":"type-post","3":"status-publish","4":"format-standard","5":"has-post-thumbnail","7":"category-cidades"},"jetpack_featured_media_url":"https:\/\/www.paranapraia.com.br\/wp-content\/uploads\/2019\/09\/bus.jpg","jetpack_sharing_enabled":true,"_links":{"self":[{"href":"https:\/\/www.paranapraia.com.br\/index.php\/wp-json\/wp\/v2\/posts\/20187"}],"collection":[{"href":"https:\/\/www.paranapraia.com.br\/index.php\/wp-json\/wp\/v2\/posts"}],"about":[{"href":"https:\/\/www.paranapraia.com.br\/index.php\/wp-json\/wp\/v2\/types\/post"}],"author":[{"embeddable":true,"href":"https:\/\/www.paranapraia.com.br\/index.php\/wp-json\/wp\/v2\/users\/2"}],"replies":[{"embeddable":true,"href":"https:\/\/www.paranapraia.com.br\/index.php\/wp-json\/wp\/v2\/comments?post=20187"}],"version-history":[{"count":1,"href":"https:\/\/www.paranapraia.com.br\/index.php\/wp-json\/wp\/v2\/posts\/20187\/revisions"}],"predecessor-version":[{"id":20189,"href":"https:\/\/www.paranapraia.com.br\/index.php\/wp-json\/wp\/v2\/posts\/20187\/revisions\/20189"}],"wp:featuredmedia":[{"embeddable":true,"href":"https:\/\/www.paranapraia.com.br\/index.php\/wp-json\/wp\/v2\/media\/20188"}],"wp:attachment":[{"href":"https:\/\/www.paranapraia.com.br\/index.php\/wp-json\/wp\/v2\/media?parent=20187"}],"wp:term":[{"taxonomy":"category","embeddable":true,"href":"https:\/\/www.paranapraia.com.br\/index.php\/wp-json\/wp\/v2\/categories?post=20187"},{"taxonomy":"post_tag","embeddable":true,"href":"https:\/\/www.paranapraia.com.br\/index.php\/wp-json\/wp\/v2\/tags?post=20187"}],"curies":[{"name":"wp","href":"https:\/\/api.w.org\/{rel}","templated":true}]}}