{"id":20184,"date":"2019-09-27T08:19:05","date_gmt":"2019-09-27T11:19:05","guid":{"rendered":"https:\/\/www.paranapraia.com.br\/?p=20184"},"modified":"2019-09-27T08:19:06","modified_gmt":"2019-09-27T11:19:06","slug":"ex-procurador-geral-conta-que-foi-ao-stf-armado-para-matar-gilmar-mendes-e-se-suicidar","status":"publish","type":"post","link":"https:\/\/www.paranapraia.com.br\/index.php\/2019\/09\/27\/ex-procurador-geral-conta-que-foi-ao-stf-armado-para-matar-gilmar-mendes-e-se-suicidar\/","title":{"rendered":"Ex-procurador-geral conta que foi ao STF armado para matar Gilmar Mendes e se suicidar"},"content":{"rendered":"\n<p>O ex-procurador-geral da Rep\u00fablica, Rodrigo Janot, contou hoje em entrevista ao jornal\u00a0O Estado de S\u00e3o Paulo, que em 2017, quando ainda estava no cargo, foi a uma sess\u00e3o do Supremo Tribunal Federal armado para matar o ministro Gilmar Mendes. Na \u00e9poca, Janot havia pedido a suspei\u00e7\u00e3o de Mendes na an\u00e1lise de um habeas corpus de Eike Batista, com o argumento de que a mulher do ministro, Guiomar Mendes, atuava no escrit\u00f3rio S\u00e9rgio Bermudes, que advogava para o empres\u00e1rio.<br>Mendes reagiu acusando a filha do ex-procurador-geral, Let\u00edcia Ladeira Monteiro de Barros de advogar para a empreiteira OAS em processo no Conselho Administrativo de Defesa Econ\u00f4mica (Cade).<\/p>\n\n\n\n<p>\u201cFoi logo depois que eu apresentei a sess\u00e3o (&#8230;) de suspei\u00e7\u00e3o dele no caso do Eike. A\u00ed ele inventou uma hist\u00f3ria que a minha filha advogava na parte penal para uma empresa da Lava Jato. Minha filha nunca advogou na \u00e1rea penal&#8230; e a\u00ed eu sa\u00ed do s\u00e9rio\u201d, relatou Janot. \u201cN\u00e3o ia ser amea\u00e7a n\u00e3o. Ia ser assassinato mesmo. Ia matar ele (Gilmar) e depois me suicidar\u201d, afirmou Janot.<br><\/p>\n\n\n\n<p>Estado de SP<\/p>\n","protected":false},"excerpt":{"rendered":"<p>O ex-procurador-geral da Rep\u00fablica, Rodrigo Janot, contou hoje em entrevista ao jornal\u00a0O Estado de S\u00e3o Paulo, que em 2017, quando ainda estava no cargo, foi a uma sess\u00e3o do Supremo Tribunal Federal armado para matar o ministro Gilmar Mendes. Na \u00e9poca, Janot havia pedido a suspei\u00e7\u00e3o de Mendes na an\u00e1lise de um habeas corpus de [&hellip;]<\/p>\n","protected":false},"author":2,"featured_media":20185,"comment_status":"open","ping_status":"open","sticky":false,"template":"","format":"standard","meta":{"advanced_seo_description":"","jetpack_seo_html_title":"","jetpack_seo_noindex":false,"_jetpack_memberships_contains_paid_content":false,"footnotes":""},"categories":[32],"tags":[],"class_list":{"0":"post-20184","1":"post","2":"type-post","3":"status-publish","4":"format-standard","5":"has-post-thumbnail","7":"category-politica"},"jetpack_featured_media_url":"https:\/\/www.paranapraia.com.br\/wp-content\/uploads\/2019\/09\/armado.jpg","jetpack_sharing_enabled":true,"_links":{"self":[{"href":"https:\/\/www.paranapraia.com.br\/index.php\/wp-json\/wp\/v2\/posts\/20184"}],"collection":[{"href":"https:\/\/www.paranapraia.com.br\/index.php\/wp-json\/wp\/v2\/posts"}],"about":[{"href":"https:\/\/www.paranapraia.com.br\/index.php\/wp-json\/wp\/v2\/types\/post"}],"author":[{"embeddable":true,"href":"https:\/\/www.paranapraia.com.br\/index.php\/wp-json\/wp\/v2\/users\/2"}],"replies":[{"embeddable":true,"href":"https:\/\/www.paranapraia.com.br\/index.php\/wp-json\/wp\/v2\/comments?post=20184"}],"version-history":[{"count":1,"href":"https:\/\/www.paranapraia.com.br\/index.php\/wp-json\/wp\/v2\/posts\/20184\/revisions"}],"predecessor-version":[{"id":20186,"href":"https:\/\/www.paranapraia.com.br\/index.php\/wp-json\/wp\/v2\/posts\/20184\/revisions\/20186"}],"wp:featuredmedia":[{"embeddable":true,"href":"https:\/\/www.paranapraia.com.br\/index.php\/wp-json\/wp\/v2\/media\/20185"}],"wp:attachment":[{"href":"https:\/\/www.paranapraia.com.br\/index.php\/wp-json\/wp\/v2\/media?parent=20184"}],"wp:term":[{"taxonomy":"category","embeddable":true,"href":"https:\/\/www.paranapraia.com.br\/index.php\/wp-json\/wp\/v2\/categories?post=20184"},{"taxonomy":"post_tag","embeddable":true,"href":"https:\/\/www.paranapraia.com.br\/index.php\/wp-json\/wp\/v2\/tags?post=20184"}],"curies":[{"name":"wp","href":"https:\/\/api.w.org\/{rel}","templated":true}]}}