{"id":20176,"date":"2019-09-27T08:15:14","date_gmt":"2019-09-27T11:15:14","guid":{"rendered":"https:\/\/www.paranapraia.com.br\/?p=20176"},"modified":"2019-09-27T08:15:16","modified_gmt":"2019-09-27T11:15:16","slug":"justica-decide-manter-preso-acusado-pela-morte-da-youtuber-isabelly-no-litoral","status":"publish","type":"post","link":"https:\/\/www.paranapraia.com.br\/index.php\/2019\/09\/27\/justica-decide-manter-preso-acusado-pela-morte-da-youtuber-isabelly-no-litoral\/","title":{"rendered":"Justi\u00e7a decide manter preso acusado pela morte da youtuber Isabelly no Litoral"},"content":{"rendered":"\n<h4 class=\"wp-block-heading\">Em fevereiro de 2019, uma decis\u00e3o do 1\u00ba grau de jurisdi\u00e7\u00e3o determinou que o acusado fosse julgado pelo Tribunal do J\u00fari<\/h4>\n\n\n\n<p>A 1\u00aa C\u00e2mara Criminal do Tribunal de Justi\u00e7a do Paran\u00e1 (TJPR) manteve, nesta quinta-feira (26), a pris\u00e3o cautelar de Everton Vargas, acusado pela morte da youtuber Isabelly Cristine Domingos dos Santos, de 14 anos, al\u00e9m da decis\u00e3o que leva o r\u00e9u a julgamento popular. Everton, que teria realizado seis disparos contra o carro em que estava a v\u00edtima, foi acusado por homic\u00eddio qualificado e porte ilegal de arma de fogo.<\/p>\n\n\n\n<p>Thaise Mattar Assad, assistente de acusa\u00e7\u00e3o, conta que a decis\u00e3o ainda n\u00e3o representa uma vit\u00f3ria para a fam\u00edlia da v\u00edtima e que a expectativa \u00e9 que o julgamento aconte\u00e7a o quanto antes no Tribunal do J\u00fari. \u201cN\u00e3o digo que hoje tivemos uma vit\u00f3ria, porque a caminhada at\u00e9 aqui est\u00e1 sendo dolorosa para a fam\u00edlia, que j\u00e1 perdeu muito. A nossa expectativa agora \u00e9 que o caso seja julgado o quanto antes pelo Tribunal do J\u00fari, da comarca de Pontal do Paran\u00e1, e claro, que possamos finalmente alcan\u00e7ar a Justi\u00e7a\u201d, declarou Assad.<\/p>\n\n\n\n<p>A defesa de Everton Vargas entende que a qualificadora do homic\u00eddio \u00e9 flagrantemente improcedente e avaliar\u00e1 a pertin\u00eancia de recurso para que os Tribunais Superiores reexaminem o tema, bem como reavaliem a real necessidade cautelar da pris\u00e3o do acusado.<\/p>\n\n\n\n<p>Em fevereiro de 2019, uma decis\u00e3o do 1\u00ba grau de jurisdi\u00e7\u00e3o determinou que o acusado fosse julgado pelo Tribunal do J\u00fari. Assim, os jurados \u2013 representantes da sociedade \u2013 decidiriam sobre a proced\u00eancia ou n\u00e3o da acusa\u00e7\u00e3o. A defesa do r\u00e9u recorreu ao TJPR pedindo a reforma da senten\u00e7a.<\/p>\n\n\n\n<p>No Tribunal de Justi\u00e7a, a assistente de acusa\u00e7\u00e3o pleiteou a manuten\u00e7\u00e3o da decis\u00e3o: \u201cN\u00e3o vivemos em um campo de guerra em que as pessoas s\u00e3o mortas de formas inexplic\u00e1veis. A forma como foi executada Isabelly foi inexplic\u00e1vel e o r\u00e9u se mostrou indiferente \u00e0 vida dela\u201d, disse ela.<\/p>\n\n\n\n<p>Por outro lado, a defesa pediu a substitui\u00e7\u00e3o da pris\u00e3o preventiva por medidas cautelares alternativas, al\u00e9m da exclus\u00e3o da qualificadora relativa ao motivo torpe, argumentando que a aus\u00eancia de motiva\u00e7\u00e3o na a\u00e7\u00e3o do r\u00e9u n\u00e3o poderia servir para qualificar o crime por torpeza. \u201cN\u00e3o pode se confundir a indiferen\u00e7a ou o ato injustificado com o ato repugnante, vil\u201d, disse o advogado em sua sustenta\u00e7\u00e3o oral.<\/p>\n\n\n\n<p>Durante a an\u00e1lise do recurso no TJPR, o Desembargador Relator afirmou que n\u00e3o verificou v\u00edcio na narrativa dos fatos feita pela acusa\u00e7\u00e3o e ponderou que n\u00e3o h\u00e1 crime sem motivo, sendo invi\u00e1vel o pedido de retirada da qualificadora (motivo torpe). \u201c\u00c9 poss\u00edvel admitir, em tese, que a conduta perpetrada pelo recorrente tenha sido pautada por malvadeza, por prop\u00f3sito vil, na medida em que o agente demonstrou indiferen\u00e7a e desprezo pela vida humana\u201d, explicou o Relator. Al\u00e9m disso, destacou que, \u201chavendo duas vers\u00f5es nos autos ensejando d\u00favidas sobre circunst\u00e2ncias f\u00e1ticas, o feito deve ser submetido ao crivo do Conselho de Senten\u00e7a por for\u00e7a de sua compet\u00eancia Constitucional\u201d.<\/p>\n\n\n\n<h2 class=\"wp-block-heading\">O caso<\/h2>\n\n\n\n<p>Conhecida no Litoral por seu canal no Youtube \u201cIsa Top Show\u201d,&nbsp;Isabelly teve morte cerebral confirmada ap\u00f3s ser atingida na cabe\u00e7a por um disparo de arma de fogo durante uma suposta briga de tr\u00e2nsito, na madrugada de 14 de fevereiro de 2018, na PR-412, pr\u00f3ximo ao Balne\u00e1rio Shangril\u00e1, em Pontal do Paran\u00e1. A defesa do suspeito afirma que o disparo foi dado ap\u00f3s uma amea\u00e7a do motorista do carro em que a Youtuber se encontrava.<\/p>\n\n\n\n<p>Cleverson Vargas, irm\u00e3o do acusado, era o motorista do autom\u00f3vel de onde teria partido o tiro. Ele permaneceu preso por dez meses por tamb\u00e9m ter sido acusado pela morte da jovem.\u00a0Ele foi solto em dezembro do ano passado,\u00a0por decis\u00e3o da ju\u00edza\u00a0Carolina Valiati da Rosa, que sugeriu que Cleverson n\u00e3o seja julgado pelo J\u00fari Popular, mas sim pelo crime de embriaguez ao volante.<\/p>\n\n\n\n<p>O juiz Ricardo Piovesan confirmou o desmembramento dos casos e Cleverson vai responder por crime previsto no c\u00f3digo de tr\u00e2nsito.<\/p>\n\n\n\n<p>Banda B<br><\/p>\n\n\n\n<p><br><\/p>\n","protected":false},"excerpt":{"rendered":"<p>Em fevereiro de 2019, uma decis\u00e3o do 1\u00ba grau de jurisdi\u00e7\u00e3o determinou que o acusado fosse julgado pelo Tribunal do J\u00fari A 1\u00aa C\u00e2mara Criminal do Tribunal de Justi\u00e7a do Paran\u00e1 (TJPR) manteve, nesta quinta-feira (26), a pris\u00e3o cautelar de Everton Vargas, acusado pela morte da youtuber Isabelly Cristine Domingos dos Santos, de 14 anos, [&hellip;]<\/p>\n","protected":false},"author":2,"featured_media":20177,"comment_status":"open","ping_status":"open","sticky":false,"template":"","format":"standard","meta":{"advanced_seo_description":"","jetpack_seo_html_title":"","jetpack_seo_noindex":false,"_jetpack_memberships_contains_paid_content":false,"footnotes":""},"categories":[40],"tags":[],"class_list":{"0":"post-20176","1":"post","2":"type-post","3":"status-publish","4":"format-standard","5":"has-post-thumbnail","7":"category-destaques"},"jetpack_featured_media_url":"https:\/\/www.paranapraia.com.br\/wp-content\/uploads\/2019\/09\/gatin.jpg","jetpack_sharing_enabled":true,"_links":{"self":[{"href":"https:\/\/www.paranapraia.com.br\/index.php\/wp-json\/wp\/v2\/posts\/20176"}],"collection":[{"href":"https:\/\/www.paranapraia.com.br\/index.php\/wp-json\/wp\/v2\/posts"}],"about":[{"href":"https:\/\/www.paranapraia.com.br\/index.php\/wp-json\/wp\/v2\/types\/post"}],"author":[{"embeddable":true,"href":"https:\/\/www.paranapraia.com.br\/index.php\/wp-json\/wp\/v2\/users\/2"}],"replies":[{"embeddable":true,"href":"https:\/\/www.paranapraia.com.br\/index.php\/wp-json\/wp\/v2\/comments?post=20176"}],"version-history":[{"count":1,"href":"https:\/\/www.paranapraia.com.br\/index.php\/wp-json\/wp\/v2\/posts\/20176\/revisions"}],"predecessor-version":[{"id":20178,"href":"https:\/\/www.paranapraia.com.br\/index.php\/wp-json\/wp\/v2\/posts\/20176\/revisions\/20178"}],"wp:featuredmedia":[{"embeddable":true,"href":"https:\/\/www.paranapraia.com.br\/index.php\/wp-json\/wp\/v2\/media\/20177"}],"wp:attachment":[{"href":"https:\/\/www.paranapraia.com.br\/index.php\/wp-json\/wp\/v2\/media?parent=20176"}],"wp:term":[{"taxonomy":"category","embeddable":true,"href":"https:\/\/www.paranapraia.com.br\/index.php\/wp-json\/wp\/v2\/categories?post=20176"},{"taxonomy":"post_tag","embeddable":true,"href":"https:\/\/www.paranapraia.com.br\/index.php\/wp-json\/wp\/v2\/tags?post=20176"}],"curies":[{"name":"wp","href":"https:\/\/api.w.org\/{rel}","templated":true}]}}