{"id":20171,"date":"2019-09-27T08:13:20","date_gmt":"2019-09-27T11:13:20","guid":{"rendered":"https:\/\/www.paranapraia.com.br\/?p=20171"},"modified":"2019-09-27T08:13:21","modified_gmt":"2019-09-27T11:13:21","slug":"secretaria-confirma-mais-26-casos-de-sarampo-no-parana","status":"publish","type":"post","link":"https:\/\/www.paranapraia.com.br\/index.php\/2019\/09\/27\/secretaria-confirma-mais-26-casos-de-sarampo-no-parana\/","title":{"rendered":"Secretaria confirma mais 26 casos de sarampo no Paran\u00e1"},"content":{"rendered":"\n<h4 class=\"wp-block-heading\">Curitiba \u00e9 a cidade com o maior n\u00famero de casos confirmados. Segundo a Sesa, ao todo s\u00e3o 39 pacientes com a doen\u00e7a, 217 em investiga\u00e7\u00e3o e 37 j\u00e1 descartados.<\/h4>\n\n\n\n<p>A Secretaria Estadual de Sa\u00fade (Sesa) confirmou 26 novos casos de sarampo no Paran\u00e1, segundo boletim divulgado nesta quinta-feira (26). Curitiba \u00e9 a cidade com o maior n\u00famero de casos confirmados.<\/p>\n\n\n\n<p>At\u00e9 o dia 21 de setembro, eram 39 pacientes com a doen\u00e7a, 217 em investiga\u00e7\u00e3o e 37 j\u00e1 descartados. Entre os novos casos est\u00e3o dois beb\u00eas.<\/p>\n\n\n\n<p>Os munic\u00edpios que registram ocorr\u00eancia da doen\u00e7a s\u00e3o:<\/p>\n\n\n\n<ul class=\"wp-block-list\"><li>Campina Grande do Sul, na Regi\u00e3o Metropolitana de Curitiba (RMC) &#8211; 1 caso<\/li><li>Campo Largo, na RMC &#8211; 1 caso<\/li><li>Colombo, na RMC &#8211; 2 casos<\/li><li>Curitiba &#8211; 28 casos<\/li><li>Fazenda Rio Grande, RMC &#8211; 1 caso<\/li><li>Pinhais, RMC &#8211; 1 caso<\/li><li>Ponta Grossa, nos Campos Gerais &#8211; 1 caso<\/li><li>Maring\u00e1, no norte &#8211; 2 casos<\/li><li>Rol\u00e2ndia, no norte &#8211; 1 caso<\/li><li>Jacarezinho, no norte pioneiro &#8211; 1 caso.<\/li><\/ul>\n\n\n\n<p>A maioria dos casos confirmados est\u00e1 na faixa de idade que varia entre 20 a 29 anos. Confira abaixo:<\/p>\n\n\n\n<ul class=\"wp-block-list\"><li>0 a 6 meses &#8211; 2 casos<\/li><li>10 a 19 anos &#8211; 5 casos<\/li><li>20 a 29 anos &#8211; 23 casos<\/li><li>30 a 39 anos &#8211; 2 casos<\/li><li>40 a 49 anos &#8211; 5 casos<\/li><li>50 a 59 anos &#8211; 2 casos<\/li><\/ul>\n\n\n\n<figure class=\"wp-block-image\"><img decoding=\"async\" src=\"https:\/\/s2.glbimg.com\/nS4USd28hpz6qzkuxXkEOzn1ccs=\/0x0:1600x2919\/984x0\/smart\/filters:strip_icc()\/i.s3.glbimg.com\/v1\/AUTH_59edd422c0c84a879bd37670ae4f538a\/internal_photos\/bs\/2018\/H\/E\/oB1AFcTYabwiO7Lx9abw\/sarampo.jpg\" alt=\"Entenda o que \u00e9 sarampo, quais os sintomas, como \u00e9 o tratamento e quem deve se vacinar  \u2014 Foto: Infografia: Karina Almeida\/G1\"\/><\/figure>\n\n\n\n<p>Entenda o que \u00e9 sarampo, quais os sintomas, como \u00e9 o tratamento e quem deve se vacinar \u2014 Foto: Infografia: Karina Almeida\/G1<\/p>\n\n\n\n<h2 class=\"wp-block-heading\">Vacina\u00e7\u00e3o contra o sarampo<\/h2>\n\n\n\n<p>A vacina contra o sarampo est\u00e1 dispon\u00edvel de gra\u00e7a nas unidades de sa\u00fade de todo o estado.<\/p>\n\n\n\n<p>A Sesa ressalta que a vacina n\u00e3o deve ser aplicada em crian\u00e7as menores de seis meses, gestantes e pacientes imunodeprimidos ou com rea\u00e7\u00e3o al\u00e9rgica grave ap\u00f3s dose pr\u00e9via ou ap\u00f3s contato com as subst\u00e2ncias que comp\u00f5em a vacina.<\/p>\n\n\n\n<p>A secretaria tamb\u00e9m orienta para que a popula\u00e7\u00e3o fique atenta \u00e0s datas da carteira de vacina\u00e7\u00e3o e aos registros de doses.<\/p>\n\n\n\n<p><strong>A dose zero:<\/strong>&nbsp;deve ser aplicada em crian\u00e7as entre seis e onze meses.<\/p>\n\n\n\n<p><strong>A dose n\u00famero 1:<\/strong>&nbsp;aos 12 meses de vida com a vacina tr\u00edplice viral (que previne sarampo, caxumba e rub\u00e9ola).<\/p>\n\n\n\n<p><strong>A dose 2:<\/strong>&nbsp;aos 15 meses com a vacina tetra viral (que previne sarampo, rub\u00e9ola, caxumba e varicela\/catapora).<\/p>\n\n\n\n<p><strong>Popula\u00e7\u00e3o com at\u00e9 29 anos:<\/strong>&nbsp;deve receber duas doses da vacina.<\/p>\n\n\n\n<p><strong>Para as pessoas entre 30 e 49 anos:&nbsp;<\/strong>basta ter o registro de uma dose.<\/p>\n\n\n\n<p><strong>Acima dos 50 anos:<\/strong>&nbsp;a vacina \u00e9 indicada apenas nos casos de bloqueio vacinal ap\u00f3s a exposi\u00e7\u00e3o com casos de suspeita da doen\u00e7a ou confirmados.<\/p>\n\n\n\n<p>Mulheres que est\u00e3o amamentando podem ser vacinadas e as que desejam engravidar devem aguardar no m\u00ednimo 30 dias ap\u00f3s receber a dose da vacina.<\/p>\n\n\n\n<p>Segundo a Sesa, os profissionais da \u00e1rea da sa\u00fade devem ser vacinados com as duas doses da tr\u00edplice viral em qualquer faixa et\u00e1ria.<\/p>\n\n\n\n<p>G1PR<br><\/p>\n","protected":false},"excerpt":{"rendered":"<p>Curitiba \u00e9 a cidade com o maior n\u00famero de casos confirmados. Segundo a Sesa, ao todo s\u00e3o 39 pacientes com a doen\u00e7a, 217 em investiga\u00e7\u00e3o e 37 j\u00e1 descartados. A Secretaria Estadual de Sa\u00fade (Sesa) confirmou 26 novos casos de sarampo no Paran\u00e1, segundo boletim divulgado nesta quinta-feira (26). Curitiba \u00e9 a cidade com o [&hellip;]<\/p>\n","protected":false},"author":2,"featured_media":20173,"comment_status":"open","ping_status":"open","sticky":false,"template":"","format":"standard","meta":{"advanced_seo_description":"","jetpack_seo_html_title":"","jetpack_seo_noindex":false,"_jetpack_memberships_contains_paid_content":false,"footnotes":""},"categories":[50],"tags":[],"class_list":{"0":"post-20171","1":"post","2":"type-post","3":"status-publish","4":"format-standard","5":"has-post-thumbnail","7":"category-saude"},"jetpack_featured_media_url":"https:\/\/www.paranapraia.com.br\/wp-content\/uploads\/2019\/09\/vacin.jpg","jetpack_sharing_enabled":true,"_links":{"self":[{"href":"https:\/\/www.paranapraia.com.br\/index.php\/wp-json\/wp\/v2\/posts\/20171"}],"collection":[{"href":"https:\/\/www.paranapraia.com.br\/index.php\/wp-json\/wp\/v2\/posts"}],"about":[{"href":"https:\/\/www.paranapraia.com.br\/index.php\/wp-json\/wp\/v2\/types\/post"}],"author":[{"embeddable":true,"href":"https:\/\/www.paranapraia.com.br\/index.php\/wp-json\/wp\/v2\/users\/2"}],"replies":[{"embeddable":true,"href":"https:\/\/www.paranapraia.com.br\/index.php\/wp-json\/wp\/v2\/comments?post=20171"}],"version-history":[{"count":1,"href":"https:\/\/www.paranapraia.com.br\/index.php\/wp-json\/wp\/v2\/posts\/20171\/revisions"}],"predecessor-version":[{"id":20174,"href":"https:\/\/www.paranapraia.com.br\/index.php\/wp-json\/wp\/v2\/posts\/20171\/revisions\/20174"}],"wp:featuredmedia":[{"embeddable":true,"href":"https:\/\/www.paranapraia.com.br\/index.php\/wp-json\/wp\/v2\/media\/20173"}],"wp:attachment":[{"href":"https:\/\/www.paranapraia.com.br\/index.php\/wp-json\/wp\/v2\/media?parent=20171"}],"wp:term":[{"taxonomy":"category","embeddable":true,"href":"https:\/\/www.paranapraia.com.br\/index.php\/wp-json\/wp\/v2\/categories?post=20171"},{"taxonomy":"post_tag","embeddable":true,"href":"https:\/\/www.paranapraia.com.br\/index.php\/wp-json\/wp\/v2\/tags?post=20171"}],"curies":[{"name":"wp","href":"https:\/\/api.w.org\/{rel}","templated":true}]}}