{"id":20153,"date":"2019-09-26T13:29:55","date_gmt":"2019-09-26T16:29:55","guid":{"rendered":"https:\/\/www.paranapraia.com.br\/?p=20153"},"modified":"2019-09-26T13:29:56","modified_gmt":"2019-09-26T16:29:56","slug":"jovem-debocha-de-policiais-e-e-preso-com-sete-pes-de-maconha-dentro-de-casa-em-curitiba","status":"publish","type":"post","link":"https:\/\/www.paranapraia.com.br\/index.php\/2019\/09\/26\/jovem-debocha-de-policiais-e-e-preso-com-sete-pes-de-maconha-dentro-de-casa-em-curitiba\/","title":{"rendered":"Jovem debocha de policiais e \u00e9 preso com sete p\u00e9s de maconha dentro de casa em Curitiba"},"content":{"rendered":"\n<h4 class=\"wp-block-heading\">A abordagem aconteceu no in\u00edcio da noite desta quarta-feira (25)<\/h4>\n\n\n\n<p>Um jovem, de 20 anos, foi preso por uma equipe da\u00a0Ronda Ostensivas T\u00e1tico M\u00f3vel (Rotam) ap\u00f3s ter sido flagrado com mais de 50 sementes de maconha e sete p\u00e9s da droga plantados dentro da pr\u00f3pria resid\u00eancia. A abordagem aconteceu no in\u00edcio da noite desta quarta-feira (25), no bairro Caiu\u00e1 em Curitiba.<\/p>\n\n\n\n<p>O sargento J\u00falio, da Rotam do 23\u00ba Batalh\u00e3o, conta que os policiais faziam um patrulhamento de rotina, quando perceberam o nervosismo dos ocupantes de um ve\u00edculo com a aproxima\u00e7\u00e3o da viatura. \u201cN\u00f3s est\u00e1vamos fazendo um patrulhamento, quando nos deparamos com um ve\u00edculo Corsa e seus ocupantes demonstraram muito nervosismo com a presen\u00e7a da viatura policial no local. Por conta dessa percep\u00e7\u00e3o, efetuamos a abordagem e durante a revista pessoal no bolso do passageiro do carro encontramos um recipiente de vidro contendo mais de 50 sementes de maconha\u201d, relatou o sargento.<\/p>\n\n\n\n<p>Com ar de deboche, o suspeito teria informado \u00e0 equipe que as sementes seriam usadas para plantar a droga para consumo pessoal. Em seguida, os policiais se deslocaram at\u00e9 a casa do passageiro, onde sete p\u00e9s de maconha foram encontrados. \u201cEle nos informou que as sementes seriam usadas para plantar em sua casa utilizando um ar de deboche, imaginando que nada aconteceria com ele. Depois nos deslocamos at\u00e9 a resid\u00eancia dele, onde nos deparamos com sete p\u00e9s de maconha, inclusive com a prepara\u00e7\u00e3o de estufa artesanal para o amadurecimento e colheita das flores para confec\u00e7\u00e3o da droga\u201d, afirmou J\u00falio.<\/p>\n\n\n\n<p>O suspeito n\u00e3o tinha passagens pela pol\u00edcia e foi encaminhado para a Central de Flagrantes, onde est\u00e1 \u00e0 disposi\u00e7\u00e3o da Justi\u00e7a.<\/p>\n\n\n\n<p>Banda B<br><\/p>\n\n\n\n<p><br><\/p>\n","protected":false},"excerpt":{"rendered":"<p>A abordagem aconteceu no in\u00edcio da noite desta quarta-feira (25) Um jovem, de 20 anos, foi preso por uma equipe da\u00a0Ronda Ostensivas T\u00e1tico M\u00f3vel (Rotam) ap\u00f3s ter sido flagrado com mais de 50 sementes de maconha e sete p\u00e9s da droga plantados dentro da pr\u00f3pria resid\u00eancia. A abordagem aconteceu no in\u00edcio da noite desta quarta-feira [&hellip;]<\/p>\n","protected":false},"author":2,"featured_media":20154,"comment_status":"open","ping_status":"open","sticky":false,"template":"","format":"standard","meta":{"advanced_seo_description":"","jetpack_seo_html_title":"","jetpack_seo_noindex":false,"_jetpack_memberships_contains_paid_content":false,"footnotes":""},"categories":[33],"tags":[],"class_list":{"0":"post-20153","1":"post","2":"type-post","3":"status-publish","4":"format-standard","5":"has-post-thumbnail","7":"category-policia"},"jetpack_featured_media_url":"https:\/\/www.paranapraia.com.br\/wp-content\/uploads\/2019\/09\/macon.jpeg","jetpack_sharing_enabled":true,"_links":{"self":[{"href":"https:\/\/www.paranapraia.com.br\/index.php\/wp-json\/wp\/v2\/posts\/20153"}],"collection":[{"href":"https:\/\/www.paranapraia.com.br\/index.php\/wp-json\/wp\/v2\/posts"}],"about":[{"href":"https:\/\/www.paranapraia.com.br\/index.php\/wp-json\/wp\/v2\/types\/post"}],"author":[{"embeddable":true,"href":"https:\/\/www.paranapraia.com.br\/index.php\/wp-json\/wp\/v2\/users\/2"}],"replies":[{"embeddable":true,"href":"https:\/\/www.paranapraia.com.br\/index.php\/wp-json\/wp\/v2\/comments?post=20153"}],"version-history":[{"count":1,"href":"https:\/\/www.paranapraia.com.br\/index.php\/wp-json\/wp\/v2\/posts\/20153\/revisions"}],"predecessor-version":[{"id":20155,"href":"https:\/\/www.paranapraia.com.br\/index.php\/wp-json\/wp\/v2\/posts\/20153\/revisions\/20155"}],"wp:featuredmedia":[{"embeddable":true,"href":"https:\/\/www.paranapraia.com.br\/index.php\/wp-json\/wp\/v2\/media\/20154"}],"wp:attachment":[{"href":"https:\/\/www.paranapraia.com.br\/index.php\/wp-json\/wp\/v2\/media?parent=20153"}],"wp:term":[{"taxonomy":"category","embeddable":true,"href":"https:\/\/www.paranapraia.com.br\/index.php\/wp-json\/wp\/v2\/categories?post=20153"},{"taxonomy":"post_tag","embeddable":true,"href":"https:\/\/www.paranapraia.com.br\/index.php\/wp-json\/wp\/v2\/tags?post=20153"}],"curies":[{"name":"wp","href":"https:\/\/api.w.org\/{rel}","templated":true}]}}