{"id":20142,"date":"2019-09-26T13:22:15","date_gmt":"2019-09-26T16:22:15","guid":{"rendered":"https:\/\/www.paranapraia.com.br\/?p=20142"},"modified":"2019-09-26T13:22:17","modified_gmt":"2019-09-26T16:22:17","slug":"de-inedito-carrossel-a-roda-gigante-natal-de-curitiba-tera-mais-de-100-atracoes","status":"publish","type":"post","link":"https:\/\/www.paranapraia.com.br\/index.php\/2019\/09\/26\/de-inedito-carrossel-a-roda-gigante-natal-de-curitiba-tera-mais-de-100-atracoes\/","title":{"rendered":"De in\u00e9dito carrossel \u00e0 roda gigante, Natal de Curitiba ter\u00e1 mais de 100 atra\u00e7\u00f5es"},"content":{"rendered":"\n<h4 class=\"wp-block-heading\">A terceira edi\u00e7\u00e3o do Natal de Curitiba &#8211; Luz dos Pinhais come\u00e7a no dia 22 de novembro<\/h4>\n\n\n\n<p>\u00c1rvores de Natal espalhadas pelos principais cart\u00f5es-postais de Curitiba. Espet\u00e1culos com clima de \u00f3pera no Centro Hist\u00f3rico, Pal\u00e1cio Avenida, Pa\u00e7o da Liberdade, Parque Tangu\u00e1. A volta da Vila de Natal, no cora\u00e7\u00e3o da cidade, com sua roda gigante toda iluminada. E a grande novidade: um carrossel que ir\u00e1 encantar crian\u00e7as e adultos em pleno Passeio P\u00fablico.<\/p>\n\n\n\n<p>A terceira edi\u00e7\u00e3o do Natal de Curitiba \u2013 Luz dos Pinhais come\u00e7a no dia 22 de novembro e ser\u00e1 a maior programa\u00e7\u00e3o gratuita de fim de ano do pa\u00eds.<br><\/p>\n\n\n\n<p>Ser\u00e3o mais de 100 atra\u00e7\u00f5es da Prefeitura e empresas privadas, entre autos, corais, exposi\u00e7\u00f5es de pres\u00e9pios e feiras, que ocorrer\u00e3o at\u00e9 23 de dezembro.<\/p>\n\n\n\n<p>A capital volta a ganhar uma decora\u00e7\u00e3o especial, repleta de luz, cor e muito brilho, que levar\u00e1 a festividade do Centro para os bairros. N\u00e3o faltar\u00e3o as tradicionais Estrelas de Bel\u00e9m iluminadas, que indicar\u00e3o e valorizar\u00e3o atra\u00e7\u00f5es hist\u00f3ricas da cidade. A decora\u00e7\u00e3o natalina poder\u00e1 ser vista at\u00e9 6 de janeiro.<\/p>\n\n\n\n<p>\u201cA programa\u00e7\u00e3o do Natal de Curitiba \u2013 Luz dos Pinhais foi concebida para espalhar o esp\u00edrito de paz e de uni\u00e3o entre as pessoas, transformando nossa cidade tamb\u00e9m em uma \u00f3tima op\u00e7\u00e3o tur\u00edstica para desfrutar das festas de fim de ano\u201d, afirma o prefeito Rafael Greca.<\/p>\n\n\n\n<p>Ele acredita que a temporada natalina dever\u00e1 estimular a economia local em diversos setores, como hotelaria, gastronomia, transporte, presta\u00e7\u00e3o de servi\u00e7os e o com\u00e9rcio em geral.<\/p>\n\n\n\n<h3 class=\"wp-block-heading\">Dobro de p\u00fablico<\/h3>\n\n\n\n<p>Levantamento do Instituto Municipal de Turismo aponta que, em 2018, os espet\u00e1culos natalinos da cidade reuniram cerca de 615 mil pessoas, o dobro de p\u00fablico em rela\u00e7\u00e3o a 2017 (300 mil). Do p\u00fablico que acompanhou os eventos, 92,2 mil eram turistas, em 2018, um crescimento de 54% em rela\u00e7\u00e3o ao ano anterior, quando a capital recebeu cerca de 60 mil pessoas de outras regi\u00f5es do pa\u00eds e exterior.<\/p>\n\n\n\n<p>O com\u00e9rcio tamb\u00e9m cresceu. Em 2018, foram movimentados R$ 60,6 milh\u00f5es na economia local devido \u00e0 programa\u00e7\u00e3o de fim de ano, um crescimento de 14,3% em compara\u00e7\u00e3o ao mesmo per\u00edodo de 2017 (R$ 53 milh\u00f5es).<\/p>\n\n\n\n<h3 class=\"wp-block-heading\">Inova\u00e7\u00e3o<\/h3>\n\n\n\n<p>Greca salienta tamb\u00e9m que, como nas primeiras edi\u00e7\u00f5es da temporada, Curitiba celebrar\u00e1 o Natal com criatividade e de maneira inovadora, com uma programa\u00e7\u00e3o descentralizada, contemplando todos os bairros, uma rede de volunt\u00e1rios e apoio financeiro de patrocinadores privados.<\/p>\n\n\n\n<p>\u201cCuritiba j\u00e1 se consolidou no roteiro nacional natalino e mostra que uma cidade inteligente, como \u00e9 a nossa capital, consegue recriar, atrav\u00e9s de parcerias p\u00fablico-privada, lindos cen\u00e1rios que retratam o car\u00e1ter l\u00fadico do nascimento de Jesus Cristo\u201d, completa Greca.<\/p>\n\n\n\n<p>Tatiana Turra, presidente do Instituto Municipal de Turismo, conta que o \u00f3rg\u00e3o est\u00e1 promovendo v\u00e1rios editais de chamamento para realiza\u00e7\u00e3o dos eventos da prefeitura, sempre procurando unir qualidade e pre\u00e7o competitivo.<\/p>\n\n\n\n<h3 class=\"wp-block-heading\">Algumas atra\u00e7\u00f5es do Natal de Curitiba<\/h3>\n\n\n\n<p><strong>Anuncia\u00e7\u00e3o de Natal no Centro Hist\u00f3rico<\/strong><\/p>\n\n\n\n<p>Show gratuito de luzes, m\u00fasica e teatro onde a plateia acompanha caminhando pelo cen\u00e1rio do Largo da Ordem. Datas: 27\/11, 04\/12, 11\/12 e 18\/12.<\/p>\n\n\n\n<p>Bem Paran\u00e1<br><\/p>\n\n\n\n<p><br><\/p>\n","protected":false},"excerpt":{"rendered":"<p>A terceira edi\u00e7\u00e3o do Natal de Curitiba &#8211; Luz dos Pinhais come\u00e7a no dia 22 de novembro \u00c1rvores de Natal espalhadas pelos principais cart\u00f5es-postais de Curitiba. Espet\u00e1culos com clima de \u00f3pera no Centro Hist\u00f3rico, Pal\u00e1cio Avenida, Pa\u00e7o da Liberdade, Parque Tangu\u00e1. A volta da Vila de Natal, no cora\u00e7\u00e3o da cidade, com sua roda gigante [&hellip;]<\/p>\n","protected":false},"author":2,"featured_media":20143,"comment_status":"open","ping_status":"open","sticky":false,"template":"","format":"standard","meta":{"advanced_seo_description":"","jetpack_seo_html_title":"","jetpack_seo_noindex":false,"_jetpack_memberships_contains_paid_content":false,"footnotes":""},"categories":[40],"tags":[],"class_list":{"0":"post-20142","1":"post","2":"type-post","3":"status-publish","4":"format-standard","5":"has-post-thumbnail","7":"category-destaques"},"jetpack_featured_media_url":"https:\/\/www.paranapraia.com.br\/wp-content\/uploads\/2019\/09\/nata.jpg","jetpack_sharing_enabled":true,"_links":{"self":[{"href":"https:\/\/www.paranapraia.com.br\/index.php\/wp-json\/wp\/v2\/posts\/20142"}],"collection":[{"href":"https:\/\/www.paranapraia.com.br\/index.php\/wp-json\/wp\/v2\/posts"}],"about":[{"href":"https:\/\/www.paranapraia.com.br\/index.php\/wp-json\/wp\/v2\/types\/post"}],"author":[{"embeddable":true,"href":"https:\/\/www.paranapraia.com.br\/index.php\/wp-json\/wp\/v2\/users\/2"}],"replies":[{"embeddable":true,"href":"https:\/\/www.paranapraia.com.br\/index.php\/wp-json\/wp\/v2\/comments?post=20142"}],"version-history":[{"count":1,"href":"https:\/\/www.paranapraia.com.br\/index.php\/wp-json\/wp\/v2\/posts\/20142\/revisions"}],"predecessor-version":[{"id":20144,"href":"https:\/\/www.paranapraia.com.br\/index.php\/wp-json\/wp\/v2\/posts\/20142\/revisions\/20144"}],"wp:featuredmedia":[{"embeddable":true,"href":"https:\/\/www.paranapraia.com.br\/index.php\/wp-json\/wp\/v2\/media\/20143"}],"wp:attachment":[{"href":"https:\/\/www.paranapraia.com.br\/index.php\/wp-json\/wp\/v2\/media?parent=20142"}],"wp:term":[{"taxonomy":"category","embeddable":true,"href":"https:\/\/www.paranapraia.com.br\/index.php\/wp-json\/wp\/v2\/categories?post=20142"},{"taxonomy":"post_tag","embeddable":true,"href":"https:\/\/www.paranapraia.com.br\/index.php\/wp-json\/wp\/v2\/tags?post=20142"}],"curies":[{"name":"wp","href":"https:\/\/api.w.org\/{rel}","templated":true}]}}