{"id":20132,"date":"2019-09-26T10:51:44","date_gmt":"2019-09-26T13:51:44","guid":{"rendered":"https:\/\/www.paranapraia.com.br\/?p=20132"},"modified":"2019-09-26T10:51:46","modified_gmt":"2019-09-26T13:51:46","slug":"deputado-do-parana-diz-que-salario-de-r-25-mil-sofreu-achatamento-nao-paga-metade-de-um-carro-popular","status":"publish","type":"post","link":"https:\/\/www.paranapraia.com.br\/index.php\/2019\/09\/26\/deputado-do-parana-diz-que-salario-de-r-25-mil-sofreu-achatamento-nao-paga-metade-de-um-carro-popular\/","title":{"rendered":"Deputado do Paran\u00e1 diz que sal\u00e1rio de R$ 25 mil sofreu achatamento: &#8216;N\u00e3o paga metade de um carro popular&#8217;"},"content":{"rendered":"\n<h4 class=\"wp-block-heading\">Luiz Carlos Martins (PP) fez a declara\u00e7\u00e3o durante reuni\u00e3o da Comiss\u00e3o de Constitui\u00e7\u00e3o e Justi\u00e7a da Assembleia Legislativa, na ter\u00e7a-feira (24).<\/h4>\n\n\n\n<p>O deputado estadual Luiz Carlos Martins (PP) disse que o sal\u00e1rio de R$ 25,3 mil sofreu um achatamento nos \u00faltimos mandatos. O coment\u00e1rio foi feito durante a reuni\u00e3o da Comiss\u00e3o de Constitui\u00e7\u00e3o e Justi\u00e7a da Assembleia Legislativa da ter\u00e7a-feira (24).\u00a0<\/p>\n\n\n\n<blockquote class=\"wp-block-quote is-layout-flow wp-block-quote-is-layout-flow\"><p>&#8220;N\u00f3s n\u00e3o podemos esquecer a quest\u00e3o de sal\u00e1rios, inclusive n\u00f3s aqui da Assembleia tamb\u00e9m tivemos um achatamento salarial. O sal\u00e1rio de deputado, voc\u00ea ia em uma concession\u00e1ria e comprava um carro zero da melhor qualidade. Hoje, voc\u00ea n\u00e3o compra metade, n\u00e3o paga metade de um carro popular&#8221;, afirmou o deputado.<\/p><\/blockquote>\n\n\n\n<p>A declara\u00e7\u00e3o foi feita em refer\u00eancia ao fato de que o \u00faltimo reajuste salarial dos deputados ocorreu em fevereiro de 2015, segundo ele.<\/p>\n\n\n\n<p>O coment\u00e1rio foi feito em meio \u00e0s discuss\u00f5es da pauta do dia, que n\u00e3o tinha nenhum projeto de reajuste do sal\u00e1rio dos deputados. Eles discutiam os seguintes temas:<\/p>\n\n\n\n<ul class=\"wp-block-list\"><li>O programa de indeniza\u00e7\u00e3o de licen\u00e7a especial e d\u00e1 outras provid\u00eancias;<\/li><li>os dispositivos \u00e0 lei n\u00ba 14.260, de 22 de dezembro de 2003, que estabelece normas sobre o tratamento tribut\u00e1rio pertinente ao imposto sobre a propriedade de ve\u00edculos automotores;<\/li><li>a implanta\u00e7\u00e3o de scanner corporal e de bagagem em terminais rodovi\u00e1rios;<\/li><li>o meio de pagamento nos cart\u00f3rios do estado do paran\u00e1, atrav\u00e9s de opera\u00e7\u00f5es de cart\u00e3o de d\u00e9bito e cr\u00e9dito e d\u00e1 outras provid\u00eancias;<\/li><li>a publicidade da agenda de atos pol\u00edticos do poder executivo e adota outras provid\u00eancias;<\/li><li>a &#8220;semana da tecnologia e inova\u00e7\u00e3o&#8221;, a ser celebrada anualmente entre os dias 16 a 22 de outubro.<\/li><\/ul>\n\n\n\n<p>Durante a reuni\u00e3o ainda, Luiz Carlos Martins disse que o sal\u00e1rio deles comparado ao de outros trabalhadores existe uma deformidade.<\/p>\n\n\n\n<p>&#8220;S\u00f3 que n\u00f3s temos que contar isso para a popula\u00e7\u00e3o, houve achatamento. Agora, quando se pensar no que n\u00f3s ganhamos e o que ganha um trabalhador da constru\u00e7\u00e3o civil a\u00ed \u00e9 uma distor\u00e7\u00e3o&#8221;, relatou.<\/p>\n\n\n\n<p>Procurado, o deputado Luiz Carlos Martins reafirmou tudo o que disse durante a reuni\u00e3o.<\/p>\n\n\n\n<p>O presidente da Assembleia Legislativa Ademar Traiano (PSDB) n\u00e3o quis se manifestar sobre a declara\u00e7\u00e3o.<\/p>\n\n\n\n<h2 class=\"wp-block-heading\">&#8216;Miser\u00ea&#8217;<\/h2>\n\n\n\n<p>O\u00a0procurador de Minas Gerais Leonardo Azeredo chamou de &#8220;miser\u00ea&#8221; um sal\u00e1rio de R$ 24 mil,\u00a0durante reuni\u00e3o realizada no in\u00edcio do m\u00eas de agosto para discuss\u00e3o da proposta or\u00e7ament\u00e1ria do Minist\u00e9rio P\u00fablico de Minas Gerais para 2020.<\/p>\n\n\n\n<blockquote class=\"wp-block-quote is-layout-flow wp-block-quote-is-layout-flow\"><p>&#8220;Como \u00e9 que o cara vai viver com R$ 24 mil? O que de fato n\u00f3s vamos fazer para melhorar a nossa remunera\u00e7\u00e3o? Ou n\u00f3s vamos ficar quietos?&#8221;.<\/p><\/blockquote>\n\n\n\n<p>O desabafo foi feito ap\u00f3s o procurador-geral de Justi\u00e7a em Minas, Ant\u00f4nio S\u00e9rgio Tonet, informar que, caso o estado assine o acordo de recupera\u00e7\u00e3o fiscal com o governo federal, n\u00e3o ser\u00e1 concedido qualquer reajuste salarial, mesmo que haja aumento dos vencimentos dos ministros do Supremo Tribunal Federal (STF).<\/p>\n\n\n\n<p>G1PR<br><\/p>\n\n\n\n<p><br><\/p>\n","protected":false},"excerpt":{"rendered":"<p>Luiz Carlos Martins (PP) fez a declara\u00e7\u00e3o durante reuni\u00e3o da Comiss\u00e3o de Constitui\u00e7\u00e3o e Justi\u00e7a da Assembleia Legislativa, na ter\u00e7a-feira (24). O deputado estadual Luiz Carlos Martins (PP) disse que o sal\u00e1rio de R$ 25,3 mil sofreu um achatamento nos \u00faltimos mandatos. O coment\u00e1rio foi feito durante a reuni\u00e3o da Comiss\u00e3o de Constitui\u00e7\u00e3o e Justi\u00e7a [&hellip;]<\/p>\n","protected":false},"author":2,"featured_media":20133,"comment_status":"open","ping_status":"open","sticky":false,"template":"","format":"standard","meta":{"advanced_seo_description":"","jetpack_seo_html_title":"","jetpack_seo_noindex":false,"_jetpack_memberships_contains_paid_content":false,"footnotes":""},"categories":[32],"tags":[],"class_list":{"0":"post-20132","1":"post","2":"type-post","3":"status-publish","4":"format-standard","5":"has-post-thumbnail","7":"category-politica"},"jetpack_featured_media_url":"https:\/\/www.paranapraia.com.br\/wp-content\/uploads\/2019\/09\/luiz-carlos-martins-deputado.jpg","jetpack_sharing_enabled":true,"_links":{"self":[{"href":"https:\/\/www.paranapraia.com.br\/index.php\/wp-json\/wp\/v2\/posts\/20132"}],"collection":[{"href":"https:\/\/www.paranapraia.com.br\/index.php\/wp-json\/wp\/v2\/posts"}],"about":[{"href":"https:\/\/www.paranapraia.com.br\/index.php\/wp-json\/wp\/v2\/types\/post"}],"author":[{"embeddable":true,"href":"https:\/\/www.paranapraia.com.br\/index.php\/wp-json\/wp\/v2\/users\/2"}],"replies":[{"embeddable":true,"href":"https:\/\/www.paranapraia.com.br\/index.php\/wp-json\/wp\/v2\/comments?post=20132"}],"version-history":[{"count":1,"href":"https:\/\/www.paranapraia.com.br\/index.php\/wp-json\/wp\/v2\/posts\/20132\/revisions"}],"predecessor-version":[{"id":20134,"href":"https:\/\/www.paranapraia.com.br\/index.php\/wp-json\/wp\/v2\/posts\/20132\/revisions\/20134"}],"wp:featuredmedia":[{"embeddable":true,"href":"https:\/\/www.paranapraia.com.br\/index.php\/wp-json\/wp\/v2\/media\/20133"}],"wp:attachment":[{"href":"https:\/\/www.paranapraia.com.br\/index.php\/wp-json\/wp\/v2\/media?parent=20132"}],"wp:term":[{"taxonomy":"category","embeddable":true,"href":"https:\/\/www.paranapraia.com.br\/index.php\/wp-json\/wp\/v2\/categories?post=20132"},{"taxonomy":"post_tag","embeddable":true,"href":"https:\/\/www.paranapraia.com.br\/index.php\/wp-json\/wp\/v2\/tags?post=20132"}],"curies":[{"name":"wp","href":"https:\/\/api.w.org\/{rel}","templated":true}]}}