{"id":20127,"date":"2019-09-26T10:49:46","date_gmt":"2019-09-26T13:49:46","guid":{"rendered":"https:\/\/www.paranapraia.com.br\/?p=20127"},"modified":"2019-09-26T10:49:47","modified_gmt":"2019-09-26T13:49:47","slug":"homem-e-preso-com-29-pistolas-que-iriam-ao-rio-de-janeiro","status":"publish","type":"post","link":"https:\/\/www.paranapraia.com.br\/index.php\/2019\/09\/26\/homem-e-preso-com-29-pistolas-que-iriam-ao-rio-de-janeiro\/","title":{"rendered":"Homem \u00e9 preso com 29 pistolas que iriam ao Rio de Janeiro"},"content":{"rendered":"\n<h4 class=\"wp-block-heading\">Pris\u00e3o foi efetuada em S\u00e3o Miguel do Igua\u00e7u, na noite de quarta-feira (25), depois de persegui\u00e7\u00e3o de 20 km.<\/h4>\n\n\n\n<p>Um homem foi preso com 29 pistolas que iriam ao Rio de Janeiro, de acordo com a Pol\u00edcia Rodovi\u00e1ria Federal (PRF). A pris\u00e3o em flagrante foi efetuada em S\u00e3o Miguel do Igua\u00e7u, no oeste do Paran\u00e1, na noite de quarta-feira (25).<\/p>\n\n\n\n<p>Conforme a PRF, o suspeito chegou a fugir por 20 quil\u00f4metros. A persegui\u00e7\u00e3o acabou quando o carro em que o rapaz de 28 anos estava saiu da pista, na BR-277.<\/p>\n\n\n\n<p>Mais duas pessoas estavam no ve\u00edculo: o motorista e outro passageiro. Eles conseguiram fugir a p\u00e9.<\/p>\n\n\n\n<h2 class=\"wp-block-heading\">Fuga em alta velocidade<\/h2>\n\n\n\n<p>A PRF tentou abordar o autom\u00f3vel na rodovia, por volta das 21h30, quando percebeu o carro em atitude suspeita. Contudo, segundo a PRF, o condutor acelerou e fugiu em alta velocidade no sentido que leva a Cascavel, tamb\u00e9m na regi\u00e3o oeste do estado.<\/p>\n\n\n\n<figure class=\"wp-block-image\"><img decoding=\"async\" src=\"https:\/\/s2.glbimg.com\/nz0tyFMDPVjqjeHP-o5Uyg2Z7NU=\/0x0:1280x622\/984x0\/smart\/filters:strip_icc()\/i.s3.glbimg.com\/v1\/AUTH_59edd422c0c84a879bd37670ae4f538a\/internal_photos\/bs\/2019\/6\/W\/ovO51sSYGXx4pUhcAjsw\/fuga-terminou-quando-carro-saiu-da-pista-e-atingiu-defensa-metalica.jpg\" alt=\"Fuga terminou quando carro saiu da pista e atingiu defensa met\u00e1lica \u2014 Foto: PRF\/Divulga\u00e7\u00e3o\"\/><\/figure>\n\n\n\n<p>Fuga terminou quando carro saiu da pista e atingiu defensa met\u00e1lica \u2014 Foto: PRF\/Divulga\u00e7\u00e3o<\/p>\n\n\n\n<p>Durante a fuga, o carro arrebentou uma das cancelas da pra\u00e7a de ped\u00e1gio de S\u00e3o Miguel do Igua\u00e7u. Al\u00e9m disso, em alguns momentos, ultrapassou a velocidade de 200 km\/h, de acordo com a PRF.<\/p>\n\n\n\n<p>Ao sair da pista, o ve\u00edculo atingiu uma defensa met\u00e1lica. Com a batida, o suspeito que foi preso teve ferimentos leves. Ele recebeu atendimento m\u00e9dico em uma unidade de pronto atendimento.<\/p>\n\n\n\n<h2 class=\"wp-block-heading\">O suspeito e as pistolas<\/h2>\n\n\n\n<p>O suspeito disse \u00e0 PRF que mora em Copacabana, no Rio de Janeiro (RJ), e que levaria as pistolas at\u00e9 l\u00e1.<\/p>\n\n\n\n<p>As armas s\u00e3o de origem argentina e turca. Dezesseis estavam equipadas com mira laser, conforme a PRF.<\/p>\n\n\n\n<p>O rapaz foi encaminhado, junto com as pistolas e o carro, para a Delegacia da Pol\u00edcia Federal (PF) de Foz do Igua\u00e7u, no oeste paranaense.<\/p>\n\n\n\n<figure class=\"wp-block-image\"><img decoding=\"async\" src=\"https:\/\/s2.glbimg.com\/Fu70YSBN1MudU7GPlvmtzY5yGRI=\/0x0:1280x622\/984x0\/smart\/filters:strip_icc()\/i.s3.glbimg.com\/v1\/AUTH_59edd422c0c84a879bd37670ae4f538a\/internal_photos\/bs\/2019\/V\/E\/EmKvUwRKWXjccBbAfAZg\/de-acordo-com-a-prf-pistolas-sao-de-origem-argentina-e-turca.jpg\" alt=\"De acordo com a PRF, pistolas s\u00e3o de origem argentina e turca \u2014 Foto: PRF\/Divulga\u00e7\u00e3o\"\/><\/figure>\n\n\n\n<p>De acordo com a PRF, pistolas s\u00e3o de origem argentina e turca \u2014 Foto: PRF\/Divulga\u00e7\u00e3o<\/p>\n\n\n\n<p>G1PR<br><\/p>\n","protected":false},"excerpt":{"rendered":"<p>Pris\u00e3o foi efetuada em S\u00e3o Miguel do Igua\u00e7u, na noite de quarta-feira (25), depois de persegui\u00e7\u00e3o de 20 km. Um homem foi preso com 29 pistolas que iriam ao Rio de Janeiro, de acordo com a Pol\u00edcia Rodovi\u00e1ria Federal (PRF). A pris\u00e3o em flagrante foi efetuada em S\u00e3o Miguel do Igua\u00e7u, no oeste do Paran\u00e1, [&hellip;]<\/p>\n","protected":false},"author":2,"featured_media":20130,"comment_status":"open","ping_status":"open","sticky":false,"template":"","format":"standard","meta":{"advanced_seo_description":"","jetpack_seo_html_title":"","jetpack_seo_noindex":false,"_jetpack_memberships_contains_paid_content":false,"footnotes":""},"categories":[33],"tags":[],"class_list":{"0":"post-20127","1":"post","2":"type-post","3":"status-publish","4":"format-standard","5":"has-post-thumbnail","7":"category-policia"},"jetpack_featured_media_url":"https:\/\/www.paranapraia.com.br\/wp-content\/uploads\/2019\/09\/pistola.jpg","jetpack_sharing_enabled":true,"_links":{"self":[{"href":"https:\/\/www.paranapraia.com.br\/index.php\/wp-json\/wp\/v2\/posts\/20127"}],"collection":[{"href":"https:\/\/www.paranapraia.com.br\/index.php\/wp-json\/wp\/v2\/posts"}],"about":[{"href":"https:\/\/www.paranapraia.com.br\/index.php\/wp-json\/wp\/v2\/types\/post"}],"author":[{"embeddable":true,"href":"https:\/\/www.paranapraia.com.br\/index.php\/wp-json\/wp\/v2\/users\/2"}],"replies":[{"embeddable":true,"href":"https:\/\/www.paranapraia.com.br\/index.php\/wp-json\/wp\/v2\/comments?post=20127"}],"version-history":[{"count":1,"href":"https:\/\/www.paranapraia.com.br\/index.php\/wp-json\/wp\/v2\/posts\/20127\/revisions"}],"predecessor-version":[{"id":20131,"href":"https:\/\/www.paranapraia.com.br\/index.php\/wp-json\/wp\/v2\/posts\/20127\/revisions\/20131"}],"wp:featuredmedia":[{"embeddable":true,"href":"https:\/\/www.paranapraia.com.br\/index.php\/wp-json\/wp\/v2\/media\/20130"}],"wp:attachment":[{"href":"https:\/\/www.paranapraia.com.br\/index.php\/wp-json\/wp\/v2\/media?parent=20127"}],"wp:term":[{"taxonomy":"category","embeddable":true,"href":"https:\/\/www.paranapraia.com.br\/index.php\/wp-json\/wp\/v2\/categories?post=20127"},{"taxonomy":"post_tag","embeddable":true,"href":"https:\/\/www.paranapraia.com.br\/index.php\/wp-json\/wp\/v2\/tags?post=20127"}],"curies":[{"name":"wp","href":"https:\/\/api.w.org\/{rel}","templated":true}]}}